{"id":20171,"date":"2012-04-24T10:45:44","date_gmt":"2012-04-24T09:45:44","guid":{"rendered":"http:\/\/www.tribur.de\/blog\/?p=20171"},"modified":"2012-04-24T10:45:44","modified_gmt":"2012-04-24T09:45:44","slug":"die-fruhzeit-des-bohmischen-adel-aus-sicht-eines-archaologen","status":"publish","type":"post","link":"https:\/\/www.tribur.de\/blog\/2012\/04\/24\/die-fruhzeit-des-bohmischen-adel-aus-sicht-eines-archaologen\/","title":{"rendered":"Die Fr\u00fchzeit des b\u00f6hmischen Adel aus Sicht eines Arch\u00e4ologen"},"content":{"rendered":"<p>Der Scan dieses PDFs sieht ein bisschen so aus als w\u00e4rs irgendwo geklaut. Liegt aber bei der Uni Prag und ist Teil der Festschrift f\u00fcr Heiko Steuer.<\/p>\n<p>Das Areal B\u00f6hmen und M\u00e4hren ist auch im Bezug f\u00fcr Karolinger immer recht interessant, da man hier noch mit Beigaben\u00a0beigesetzt\u00a0und somit eine ganze Menge von Gegenst\u00e4nden aus karolingischem Kontext geborgen werden konnte. Das PDF mit dem Titel &#8222;Die Fr\u00fchzeit des b\u00f6hmischen Adel aus Sicht eines Arch\u00e4ologen&#8220; findet sich <a href=\"http:\/\/praha5.ff.cuni.cz\/smp\/sites\/default\/files\/Klapste_Steuer013.pdf\" target=\"_blank\">hier<\/a><\/p>\n","protected":false},"excerpt":{"rendered":"<p>Der Scan dieses PDFs sieht ein bisschen so aus als w\u00e4rs irgendwo geklaut. Liegt aber bei der Uni Prag und ist Teil der Festschrift f\u00fcr Heiko Steuer. Das Areal B\u00f6hmen und M\u00e4hren ist auch&#46;&#46;&#46;<\/p>\n","protected":false},"author":2,"featured_media":0,"comment_status":"open","ping_status":"open","sticky":false,"template":"","format":"standard","meta":{"jetpack_post_was_ever_published":false,"_jetpack_newsletter_access":"","_jetpack_dont_email_post_to_subs":false,"_jetpack_newsletter_tier_id":0,"_jetpack_memberships_contains_paywalled_content":false,"_jetpack_memberships_contains_paid_content":false,"footnotes":"","jetpack_publicize_message":"","jetpack_publicize_feature_enabled":true,"jetpack_social_post_already_shared":false,"jetpack_social_options":{"image_generator_settings":{"template":"highway","default_image_id":0,"font":"","enabled":false},"version":2}},"categories":[1],"tags":[54,33,44,11],"class_list":["post-20171","post","type-post","status-publish","format-standard","hentry","category-geschichte","tag-archaologie","tag-ausgrabung","tag-buch","tag-fruhmittelalter"],"yoast_head":"<!-- This site is optimized with the Yoast SEO plugin v27.4 - https:\/\/yoast.com\/product\/yoast-seo-wordpress\/ -->\n<title>Die Fr\u00fchzeit des b\u00f6hmischen Adel aus Sicht eines Arch\u00e4ologen - Tribur.de<\/title>\n<meta name=\"robots\" content=\"index, follow, max-snippet:-1, max-image-preview:large, max-video-preview:-1\" \/>\n<link rel=\"canonical\" href=\"https:\/\/www.tribur.de\/blog\/2012\/04\/24\/die-fruhzeit-des-bohmischen-adel-aus-sicht-eines-archaologen\/\" \/>\n<meta property=\"og:locale\" content=\"de_DE\" \/>\n<meta property=\"og:type\" content=\"article\" \/>\n<meta property=\"og:title\" content=\"Die Fr\u00fchzeit des b\u00f6hmischen Adel aus Sicht eines Arch\u00e4ologen - Tribur.de\" \/>\n<meta property=\"og:description\" content=\"Der Scan dieses PDFs sieht ein bisschen so aus als w\u00e4rs irgendwo geklaut. Liegt aber bei der Uni Prag und ist Teil der Festschrift f\u00fcr Heiko Steuer. Das Areal B\u00f6hmen und M\u00e4hren ist auch&#046;&#046;&#046;\" \/>\n<meta property=\"og:url\" content=\"https:\/\/www.tribur.de\/blog\/2012\/04\/24\/die-fruhzeit-des-bohmischen-adel-aus-sicht-eines-archaologen\/\" \/>\n<meta property=\"og:site_name\" content=\"Tribur.de\" \/>\n<meta property=\"article:publisher\" content=\"http:\/\/www.facebook.com\/pages\/Triburde\/184352328288771\" \/>\n<meta property=\"article:author\" content=\"http:\/\/www.facebook.com\/pages\/Triburde\/184352328288771\" \/>\n<meta property=\"article:published_time\" content=\"2012-04-24T09:45:44+00:00\" \/>\n<meta property=\"og:image\" content=\"https:\/\/i0.wp.com\/www.tribur.de\/blog\/wp-content\/uploads\/2018\/09\/cropped-logotest-2.jpg?fit=200%2C200&ssl=1\" \/>\n\t<meta property=\"og:image:width\" content=\"200\" \/>\n\t<meta property=\"og:image:height\" content=\"200\" \/>\n\t<meta property=\"og:image:type\" content=\"image\/jpeg\" \/>\n<meta name=\"author\" content=\"Markus Zwittmeier\" \/>\n<meta name=\"twitter:card\" content=\"summary_large_image\" \/>\n<meta name=\"twitter:creator\" content=\"@https:\/\/twitter.com\/tribur\" \/>\n<meta name=\"twitter:site\" content=\"@tribur\" \/>\n<meta name=\"twitter:label1\" content=\"Verfasst von\" \/>\n\t<meta name=\"twitter:data1\" content=\"Markus Zwittmeier\" \/>\n<script type=\"application\/ld+json\" class=\"yoast-schema-graph\">{\"@context\":\"https:\\\/\\\/schema.org\",\"@graph\":[{\"@type\":\"Article\",\"@id\":\"https:\\\/\\\/www.tribur.de\\\/blog\\\/2012\\\/04\\\/24\\\/die-fruhzeit-des-bohmischen-adel-aus-sicht-eines-archaologen\\\/#article\",\"isPartOf\":{\"@id\":\"https:\\\/\\\/www.tribur.de\\\/blog\\\/2012\\\/04\\\/24\\\/die-fruhzeit-des-bohmischen-adel-aus-sicht-eines-archaologen\\\/\"},\"author\":{\"name\":\"Markus Zwittmeier\",\"@id\":\"https:\\\/\\\/www.tribur.de\\\/blog\\\/#\\\/schema\\\/person\\\/3119997f09f43791809c2d1af27bba6c\"},\"headline\":\"Die Fr\u00fchzeit des b\u00f6hmischen Adel aus Sicht eines Arch\u00e4ologen\",\"datePublished\":\"2012-04-24T09:45:44+00:00\",\"mainEntityOfPage\":{\"@id\":\"https:\\\/\\\/www.tribur.de\\\/blog\\\/2012\\\/04\\\/24\\\/die-fruhzeit-des-bohmischen-adel-aus-sicht-eines-archaologen\\\/\"},\"wordCount\":99,\"commentCount\":0,\"publisher\":{\"@id\":\"https:\\\/\\\/www.tribur.de\\\/blog\\\/#\\\/schema\\\/person\\\/3119997f09f43791809c2d1af27bba6c\"},\"keywords\":[\"Arch\u00e4ologie\",\"Ausgrabung\",\"Buch\",\"Fr\u00fchmittelalter\"],\"articleSection\":[\"Geschichte\"],\"inLanguage\":\"de\",\"potentialAction\":[{\"@type\":\"CommentAction\",\"name\":\"Comment\",\"target\":[\"https:\\\/\\\/www.tribur.de\\\/blog\\\/2012\\\/04\\\/24\\\/die-fruhzeit-des-bohmischen-adel-aus-sicht-eines-archaologen\\\/#respond\"]}]},{\"@type\":\"WebPage\",\"@id\":\"https:\\\/\\\/www.tribur.de\\\/blog\\\/2012\\\/04\\\/24\\\/die-fruhzeit-des-bohmischen-adel-aus-sicht-eines-archaologen\\\/\",\"url\":\"https:\\\/\\\/www.tribur.de\\\/blog\\\/2012\\\/04\\\/24\\\/die-fruhzeit-des-bohmischen-adel-aus-sicht-eines-archaologen\\\/\",\"name\":\"Die Fr\u00fchzeit des b\u00f6hmischen Adel aus Sicht eines Arch\u00e4ologen - Tribur.de\",\"isPartOf\":{\"@id\":\"https:\\\/\\\/www.tribur.de\\\/blog\\\/#website\"},\"datePublished\":\"2012-04-24T09:45:44+00:00\",\"breadcrumb\":{\"@id\":\"https:\\\/\\\/www.tribur.de\\\/blog\\\/2012\\\/04\\\/24\\\/die-fruhzeit-des-bohmischen-adel-aus-sicht-eines-archaologen\\\/#breadcrumb\"},\"inLanguage\":\"de\",\"potentialAction\":[{\"@type\":\"ReadAction\",\"target\":[\"https:\\\/\\\/www.tribur.de\\\/blog\\\/2012\\\/04\\\/24\\\/die-fruhzeit-des-bohmischen-adel-aus-sicht-eines-archaologen\\\/\"]}]},{\"@type\":\"BreadcrumbList\",\"@id\":\"https:\\\/\\\/www.tribur.de\\\/blog\\\/2012\\\/04\\\/24\\\/die-fruhzeit-des-bohmischen-adel-aus-sicht-eines-archaologen\\\/#breadcrumb\",\"itemListElement\":[{\"@type\":\"ListItem\",\"position\":1,\"name\":\"Home\",\"item\":\"https:\\\/\\\/www.tribur.de\\\/blog\\\/\"},{\"@type\":\"ListItem\",\"position\":2,\"name\":\"Die Fr\u00fchzeit des b\u00f6hmischen Adel aus Sicht eines Arch\u00e4ologen\"}]},{\"@type\":\"WebSite\",\"@id\":\"https:\\\/\\\/www.tribur.de\\\/blog\\\/#website\",\"url\":\"https:\\\/\\\/www.tribur.de\\\/blog\\\/\",\"name\":\"Tribur.de\",\"description\":\"Tribur.de - Geschichte und so Zeugs\",\"publisher\":{\"@id\":\"https:\\\/\\\/www.tribur.de\\\/blog\\\/#\\\/schema\\\/person\\\/3119997f09f43791809c2d1af27bba6c\"},\"potentialAction\":[{\"@type\":\"SearchAction\",\"target\":{\"@type\":\"EntryPoint\",\"urlTemplate\":\"https:\\\/\\\/www.tribur.de\\\/blog\\\/?s={search_term_string}\"},\"query-input\":{\"@type\":\"PropertyValueSpecification\",\"valueRequired\":true,\"valueName\":\"search_term_string\"}}],\"inLanguage\":\"de\"},{\"@type\":[\"Person\",\"Organization\"],\"@id\":\"https:\\\/\\\/www.tribur.de\\\/blog\\\/#\\\/schema\\\/person\\\/3119997f09f43791809c2d1af27bba6c\",\"name\":\"Markus Zwittmeier\",\"image\":{\"@type\":\"ImageObject\",\"inLanguage\":\"de\",\"@id\":\"https:\\\/\\\/i0.wp.com\\\/www.tribur.de\\\/blog\\\/wp-content\\\/uploads\\\/2018\\\/09\\\/cropped-logotest-4.jpg?fit=200%2C200&ssl=1\",\"url\":\"https:\\\/\\\/i0.wp.com\\\/www.tribur.de\\\/blog\\\/wp-content\\\/uploads\\\/2018\\\/09\\\/cropped-logotest-4.jpg?fit=200%2C200&ssl=1\",\"contentUrl\":\"https:\\\/\\\/i0.wp.com\\\/www.tribur.de\\\/blog\\\/wp-content\\\/uploads\\\/2018\\\/09\\\/cropped-logotest-4.jpg?fit=200%2C200&ssl=1\",\"width\":200,\"height\":200,\"caption\":\"Markus Zwittmeier\"},\"logo\":{\"@id\":\"https:\\\/\\\/i0.wp.com\\\/www.tribur.de\\\/blog\\\/wp-content\\\/uploads\\\/2018\\\/09\\\/cropped-logotest-4.jpg?fit=200%2C200&ssl=1\"},\"sameAs\":[\"http:\\\/\\\/www.Tribur.de\",\"http:\\\/\\\/www.facebook.com\\\/pages\\\/Triburde\\\/184352328288771\",\"https:\\\/\\\/www.instagram.com\\\/tribur.de\\\/\",\"https:\\\/\\\/x.com\\\/https:\\\/\\\/twitter.com\\\/tribur\",\"https:\\\/\\\/www.youtube.com\\\/channel\\\/UCnEonou-x6_P4XPjBk2htCA\"],\"url\":\"https:\\\/\\\/www.tribur.de\\\/blog\\\/author\\\/markus\\\/\"}]}<\/script>\n<!-- \/ Yoast SEO plugin. -->","yoast_head_json":{"title":"Die Fr\u00fchzeit des b\u00f6hmischen Adel aus Sicht eines Arch\u00e4ologen - Tribur.de","robots":{"index":"index","follow":"follow","max-snippet":"max-snippet:-1","max-image-preview":"max-image-preview:large","max-video-preview":"max-video-preview:-1"},"canonical":"https:\/\/www.tribur.de\/blog\/2012\/04\/24\/die-fruhzeit-des-bohmischen-adel-aus-sicht-eines-archaologen\/","og_locale":"de_DE","og_type":"article","og_title":"Die Fr\u00fchzeit des b\u00f6hmischen Adel aus Sicht eines Arch\u00e4ologen - Tribur.de","og_description":"Der Scan dieses PDFs sieht ein bisschen so aus als w\u00e4rs irgendwo geklaut. Liegt aber bei der Uni Prag und ist Teil der Festschrift f\u00fcr Heiko Steuer. Das Areal B\u00f6hmen und M\u00e4hren ist auch&#46;&#46;&#46;","og_url":"https:\/\/www.tribur.de\/blog\/2012\/04\/24\/die-fruhzeit-des-bohmischen-adel-aus-sicht-eines-archaologen\/","og_site_name":"Tribur.de","article_publisher":"http:\/\/www.facebook.com\/pages\/Triburde\/184352328288771","article_author":"http:\/\/www.facebook.com\/pages\/Triburde\/184352328288771","article_published_time":"2012-04-24T09:45:44+00:00","og_image":[{"width":200,"height":200,"url":"https:\/\/i0.wp.com\/www.tribur.de\/blog\/wp-content\/uploads\/2018\/09\/cropped-logotest-2.jpg?fit=200%2C200&ssl=1","type":"image\/jpeg"}],"author":"Markus Zwittmeier","twitter_card":"summary_large_image","twitter_creator":"@https:\/\/twitter.com\/tribur","twitter_site":"@tribur","twitter_misc":{"Verfasst von":"Markus Zwittmeier"},"schema":{"@context":"https:\/\/schema.org","@graph":[{"@type":"Article","@id":"https:\/\/www.tribur.de\/blog\/2012\/04\/24\/die-fruhzeit-des-bohmischen-adel-aus-sicht-eines-archaologen\/#article","isPartOf":{"@id":"https:\/\/www.tribur.de\/blog\/2012\/04\/24\/die-fruhzeit-des-bohmischen-adel-aus-sicht-eines-archaologen\/"},"author":{"name":"Markus Zwittmeier","@id":"https:\/\/www.tribur.de\/blog\/#\/schema\/person\/3119997f09f43791809c2d1af27bba6c"},"headline":"Die Fr\u00fchzeit des b\u00f6hmischen Adel aus Sicht eines Arch\u00e4ologen","datePublished":"2012-04-24T09:45:44+00:00","mainEntityOfPage":{"@id":"https:\/\/www.tribur.de\/blog\/2012\/04\/24\/die-fruhzeit-des-bohmischen-adel-aus-sicht-eines-archaologen\/"},"wordCount":99,"commentCount":0,"publisher":{"@id":"https:\/\/www.tribur.de\/blog\/#\/schema\/person\/3119997f09f43791809c2d1af27bba6c"},"keywords":["Arch\u00e4ologie","Ausgrabung","Buch","Fr\u00fchmittelalter"],"articleSection":["Geschichte"],"inLanguage":"de","potentialAction":[{"@type":"CommentAction","name":"Comment","target":["https:\/\/www.tribur.de\/blog\/2012\/04\/24\/die-fruhzeit-des-bohmischen-adel-aus-sicht-eines-archaologen\/#respond"]}]},{"@type":"WebPage","@id":"https:\/\/www.tribur.de\/blog\/2012\/04\/24\/die-fruhzeit-des-bohmischen-adel-aus-sicht-eines-archaologen\/","url":"https:\/\/www.tribur.de\/blog\/2012\/04\/24\/die-fruhzeit-des-bohmischen-adel-aus-sicht-eines-archaologen\/","name":"Die Fr\u00fchzeit des b\u00f6hmischen Adel aus Sicht eines Arch\u00e4ologen - Tribur.de","isPartOf":{"@id":"https:\/\/www.tribur.de\/blog\/#website"},"datePublished":"2012-04-24T09:45:44+00:00","breadcrumb":{"@id":"https:\/\/www.tribur.de\/blog\/2012\/04\/24\/die-fruhzeit-des-bohmischen-adel-aus-sicht-eines-archaologen\/#breadcrumb"},"inLanguage":"de","potentialAction":[{"@type":"ReadAction","target":["https:\/\/www.tribur.de\/blog\/2012\/04\/24\/die-fruhzeit-des-bohmischen-adel-aus-sicht-eines-archaologen\/"]}]},{"@type":"BreadcrumbList","@id":"https:\/\/www.tribur.de\/blog\/2012\/04\/24\/die-fruhzeit-des-bohmischen-adel-aus-sicht-eines-archaologen\/#breadcrumb","itemListElement":[{"@type":"ListItem","position":1,"name":"Home","item":"https:\/\/www.tribur.de\/blog\/"},{"@type":"ListItem","position":2,"name":"Die Fr\u00fchzeit des b\u00f6hmischen Adel aus Sicht eines Arch\u00e4ologen"}]},{"@type":"WebSite","@id":"https:\/\/www.tribur.de\/blog\/#website","url":"https:\/\/www.tribur.de\/blog\/","name":"Tribur.de","description":"Tribur.de - Geschichte und so Zeugs","publisher":{"@id":"https:\/\/www.tribur.de\/blog\/#\/schema\/person\/3119997f09f43791809c2d1af27bba6c"},"potentialAction":[{"@type":"SearchAction","target":{"@type":"EntryPoint","urlTemplate":"https:\/\/www.tribur.de\/blog\/?s={search_term_string}"},"query-input":{"@type":"PropertyValueSpecification","valueRequired":true,"valueName":"search_term_string"}}],"inLanguage":"de"},{"@type":["Person","Organization"],"@id":"https:\/\/www.tribur.de\/blog\/#\/schema\/person\/3119997f09f43791809c2d1af27bba6c","name":"Markus Zwittmeier","image":{"@type":"ImageObject","inLanguage":"de","@id":"https:\/\/i0.wp.com\/www.tribur.de\/blog\/wp-content\/uploads\/2018\/09\/cropped-logotest-4.jpg?fit=200%2C200&ssl=1","url":"https:\/\/i0.wp.com\/www.tribur.de\/blog\/wp-content\/uploads\/2018\/09\/cropped-logotest-4.jpg?fit=200%2C200&ssl=1","contentUrl":"https:\/\/i0.wp.com\/www.tribur.de\/blog\/wp-content\/uploads\/2018\/09\/cropped-logotest-4.jpg?fit=200%2C200&ssl=1","width":200,"height":200,"caption":"Markus Zwittmeier"},"logo":{"@id":"https:\/\/i0.wp.com\/www.tribur.de\/blog\/wp-content\/uploads\/2018\/09\/cropped-logotest-4.jpg?fit=200%2C200&ssl=1"},"sameAs":["http:\/\/www.Tribur.de","http:\/\/www.facebook.com\/pages\/Triburde\/184352328288771","https:\/\/www.instagram.com\/tribur.de\/","https:\/\/x.com\/https:\/\/twitter.com\/tribur","https:\/\/www.youtube.com\/channel\/UCnEonou-x6_P4XPjBk2htCA"],"url":"https:\/\/www.tribur.de\/blog\/author\/markus\/"}]}},"jetpack_publicize_connections":[],"jetpack_featured_media_url":"","jetpack_shortlink":"https:\/\/wp.me\/p1mHPu-5fl","jetpack_sharing_enabled":true,"_links":{"self":[{"href":"https:\/\/www.tribur.de\/blog\/wp-json\/wp\/v2\/posts\/20171","targetHints":{"allow":["GET"]}}],"collection":[{"href":"https:\/\/www.tribur.de\/blog\/wp-json\/wp\/v2\/posts"}],"about":[{"href":"https:\/\/www.tribur.de\/blog\/wp-json\/wp\/v2\/types\/post"}],"author":[{"embeddable":true,"href":"https:\/\/www.tribur.de\/blog\/wp-json\/wp\/v2\/users\/2"}],"replies":[{"embeddable":true,"href":"https:\/\/www.tribur.de\/blog\/wp-json\/wp\/v2\/comments?post=20171"}],"version-history":[{"count":2,"href":"https:\/\/www.tribur.de\/blog\/wp-json\/wp\/v2\/posts\/20171\/revisions"}],"predecessor-version":[{"id":20177,"href":"https:\/\/www.tribur.de\/blog\/wp-json\/wp\/v2\/posts\/20171\/revisions\/20177"}],"wp:attachment":[{"href":"https:\/\/www.tribur.de\/blog\/wp-json\/wp\/v2\/media?parent=20171"}],"wp:term":[{"taxonomy":"category","embeddable":true,"href":"https:\/\/www.tribur.de\/blog\/wp-json\/wp\/v2\/categories?post=20171"},{"taxonomy":"post_tag","embeddable":true,"href":"https:\/\/www.tribur.de\/blog\/wp-json\/wp\/v2\/tags?post=20171"}],"curies":[{"name":"wp","href":"https:\/\/api.w.org\/{rel}","templated":true}]}}