{"id":19962,"date":"2012-04-12T14:05:13","date_gmt":"2012-04-12T13:05:13","guid":{"rendered":"http:\/\/www.tribur.de\/blog\/?p=19962"},"modified":"2012-04-12T14:05:13","modified_gmt":"2012-04-12T13:05:13","slug":"stabilisierung-politischer-und-kirchlicher-verhaltnisse-im-11-jahrhundert-und-spaterer-wandel-nach-demandt","status":"publish","type":"post","link":"https:\/\/www.tribur.de\/blog\/2012\/04\/12\/stabilisierung-politischer-und-kirchlicher-verhaltnisse-im-11-jahrhundert-und-spaterer-wandel-nach-demandt\/","title":{"rendered":"Stabilisierung politischer und kirchlicher Verh\u00e4ltnisse im 11. Jahrhundert und sp\u00e4terer Wandel nach Demandt"},"content":{"rendered":"<p>Wie im letzten Teil die Mark Trebur behandelt wurde, behandelt Demandt s\u00e4mtliche Marken Hessens s\u00fcdlich des Mains. Dieses erspare ich mir jedoch und gehe gleich \u00fcber ins 11. Jahrhundert.<\/p>\n<p>Im 11. Jahrhundert, so Demandt, erreichte der Kirchliche Ausbau einen H\u00f6hepunkt. Worms hatte durch Otto I. die zun\u00e4chst 1\/3 der \u00a0Z\u00f6lle aus Ladenburg erhalten, Der Zullestein erhielt 995 Marktrecht und vor allem tut sich Heinrich II. tut sich etwas. Worms erh\u00e4lt nun alle Z\u00f6lle aus Ladenburg. Heinrich gibt Worms 1002 ebenso den Wildbann Forehahi, die curtis Gerau und 1011 die Grafschaft Lobdengau. Lorsch erh\u00e4lt von ihm den Wildbann im Odenwald. 1024, kurz vor seinem Tod, \u00fcbergab er die Grafschaft Stockstadt an Fulda, die ebnfalls kurz darauf den Wildbann erhielt.<br \/>\n1002 verleiht Heinrich II. das Kloster Seligenstadt auf Lebzeit an den W\u00fcrzburger Bischof Heinrich.<br \/>\nDie Zusammenfassung des Wilbann Dreieich, sie vermutet den Reichstag von 1053 in Trebur als Zeitpunkt, sieht sie als eine Straffung des f\u00fcr das Reich wichtigen Gebietes an, denn hier wahrte das K\u00f6nigtum seinen Besitz.<br \/>\nIn dieser Zeit, so f\u00fchrt Demandt aus, fand mit der Einf\u00fchrung der Archidiakonate zur besseren Handhabe der der kirchlichen Gerichtsbarkeit eine Neuerung statt. Unsere Region viel somit in die Zust\u00e4ndigkeit des 994 gegr\u00fcndeten St. Viktorstifts. (Kirchliche Mittelbeh\u00f6rde St. Viktor steht dann immer beim LAGIS) Wobei der Sitz des Erzpriesters , der dem Archidiakon und Probst von St. Viktor unterstand , in Gro\u00df Gerau lag.<\/p>\n","protected":false},"excerpt":{"rendered":"<p>Wie im letzten Teil die Mark Trebur behandelt wurde, behandelt Demandt s\u00e4mtliche Marken Hessens s\u00fcdlich des Mains. Dieses erspare ich mir jedoch und gehe gleich \u00fcber ins 11. Jahrhundert. Im 11. Jahrhundert, so Demandt,&#46;&#46;&#46;<\/p>\n","protected":false},"author":2,"featured_media":0,"comment_status":"open","ping_status":"open","sticky":false,"template":"","format":"standard","meta":{"jetpack_post_was_ever_published":false,"_jetpack_newsletter_access":"","_jetpack_dont_email_post_to_subs":false,"_jetpack_newsletter_tier_id":0,"_jetpack_memberships_contains_paywalled_content":false,"_jetpack_memberships_contains_paid_content":false,"footnotes":"","jetpack_publicize_message":"","jetpack_publicize_feature_enabled":true,"jetpack_social_post_already_shared":false,"jetpack_social_options":{"image_generator_settings":{"template":"highway","default_image_id":0,"font":"","enabled":false},"version":2}},"categories":[1],"tags":[],"class_list":["post-19962","post","type-post","status-publish","format-standard","hentry","category-geschichte"],"yoast_head":"<!-- This site is optimized with the Yoast SEO plugin v27.5 - https:\/\/yoast.com\/product\/yoast-seo-wordpress\/ -->\n<title>Stabilisierung politischer und kirchlicher Verh\u00e4ltnisse im 11. Jahrhundert und sp\u00e4terer Wandel nach Demandt - Tribur.de<\/title>\n<meta name=\"robots\" content=\"index, follow, max-snippet:-1, max-image-preview:large, max-video-preview:-1\" \/>\n<link rel=\"canonical\" href=\"https:\/\/www.tribur.de\/blog\/2012\/04\/12\/stabilisierung-politischer-und-kirchlicher-verhaltnisse-im-11-jahrhundert-und-spaterer-wandel-nach-demandt\/\" \/>\n<meta property=\"og:locale\" content=\"de_DE\" \/>\n<meta property=\"og:type\" content=\"article\" \/>\n<meta property=\"og:title\" content=\"Stabilisierung politischer und kirchlicher Verh\u00e4ltnisse im 11. Jahrhundert und sp\u00e4terer Wandel nach Demandt - Tribur.de\" \/>\n<meta property=\"og:description\" content=\"Wie im letzten Teil die Mark Trebur behandelt wurde, behandelt Demandt s\u00e4mtliche Marken Hessens s\u00fcdlich des Mains. Dieses erspare ich mir jedoch und gehe gleich \u00fcber ins 11. Jahrhundert. Im 11. Jahrhundert, so Demandt,&#046;&#046;&#046;\" \/>\n<meta property=\"og:url\" content=\"https:\/\/www.tribur.de\/blog\/2012\/04\/12\/stabilisierung-politischer-und-kirchlicher-verhaltnisse-im-11-jahrhundert-und-spaterer-wandel-nach-demandt\/\" \/>\n<meta property=\"og:site_name\" content=\"Tribur.de\" \/>\n<meta property=\"article:publisher\" content=\"http:\/\/www.facebook.com\/pages\/Triburde\/184352328288771\" \/>\n<meta property=\"article:author\" content=\"http:\/\/www.facebook.com\/pages\/Triburde\/184352328288771\" \/>\n<meta property=\"article:published_time\" content=\"2012-04-12T13:05:13+00:00\" \/>\n<meta property=\"og:image\" content=\"https:\/\/i0.wp.com\/www.tribur.de\/blog\/wp-content\/uploads\/2018\/09\/cropped-logotest-2.jpg?fit=200%2C200&ssl=1\" \/>\n\t<meta property=\"og:image:width\" content=\"200\" \/>\n\t<meta property=\"og:image:height\" content=\"200\" \/>\n\t<meta property=\"og:image:type\" content=\"image\/jpeg\" \/>\n<meta name=\"author\" content=\"Markus Zwittmeier\" \/>\n<meta name=\"twitter:card\" content=\"summary_large_image\" \/>\n<meta name=\"twitter:creator\" content=\"@https:\/\/twitter.com\/tribur\" \/>\n<meta name=\"twitter:site\" content=\"@tribur\" \/>\n<meta name=\"twitter:label1\" content=\"Verfasst von\" \/>\n\t<meta name=\"twitter:data1\" content=\"Markus Zwittmeier\" \/>\n\t<meta name=\"twitter:label2\" content=\"Gesch\u00e4tzte Lesezeit\" \/>\n\t<meta name=\"twitter:data2\" content=\"1\u00a0Minute\" \/>\n<script type=\"application\/ld+json\" class=\"yoast-schema-graph\">{\"@context\":\"https:\\\/\\\/schema.org\",\"@graph\":[{\"@type\":\"Article\",\"@id\":\"https:\\\/\\\/www.tribur.de\\\/blog\\\/2012\\\/04\\\/12\\\/stabilisierung-politischer-und-kirchlicher-verhaltnisse-im-11-jahrhundert-und-spaterer-wandel-nach-demandt\\\/#article\",\"isPartOf\":{\"@id\":\"https:\\\/\\\/www.tribur.de\\\/blog\\\/2012\\\/04\\\/12\\\/stabilisierung-politischer-und-kirchlicher-verhaltnisse-im-11-jahrhundert-und-spaterer-wandel-nach-demandt\\\/\"},\"author\":{\"name\":\"Markus Zwittmeier\",\"@id\":\"https:\\\/\\\/www.tribur.de\\\/blog\\\/#\\\/schema\\\/person\\\/3119997f09f43791809c2d1af27bba6c\"},\"headline\":\"Stabilisierung politischer und kirchlicher Verh\u00e4ltnisse im 11. Jahrhundert und sp\u00e4terer Wandel nach Demandt\",\"datePublished\":\"2012-04-12T13:05:13+00:00\",\"mainEntityOfPage\":{\"@id\":\"https:\\\/\\\/www.tribur.de\\\/blog\\\/2012\\\/04\\\/12\\\/stabilisierung-politischer-und-kirchlicher-verhaltnisse-im-11-jahrhundert-und-spaterer-wandel-nach-demandt\\\/\"},\"wordCount\":248,\"commentCount\":0,\"publisher\":{\"@id\":\"https:\\\/\\\/www.tribur.de\\\/blog\\\/#\\\/schema\\\/person\\\/3119997f09f43791809c2d1af27bba6c\"},\"articleSection\":[\"Geschichte\"],\"inLanguage\":\"de\",\"potentialAction\":[{\"@type\":\"CommentAction\",\"name\":\"Comment\",\"target\":[\"https:\\\/\\\/www.tribur.de\\\/blog\\\/2012\\\/04\\\/12\\\/stabilisierung-politischer-und-kirchlicher-verhaltnisse-im-11-jahrhundert-und-spaterer-wandel-nach-demandt\\\/#respond\"]}]},{\"@type\":\"WebPage\",\"@id\":\"https:\\\/\\\/www.tribur.de\\\/blog\\\/2012\\\/04\\\/12\\\/stabilisierung-politischer-und-kirchlicher-verhaltnisse-im-11-jahrhundert-und-spaterer-wandel-nach-demandt\\\/\",\"url\":\"https:\\\/\\\/www.tribur.de\\\/blog\\\/2012\\\/04\\\/12\\\/stabilisierung-politischer-und-kirchlicher-verhaltnisse-im-11-jahrhundert-und-spaterer-wandel-nach-demandt\\\/\",\"name\":\"Stabilisierung politischer und kirchlicher Verh\u00e4ltnisse im 11. Jahrhundert und sp\u00e4terer Wandel nach Demandt - Tribur.de\",\"isPartOf\":{\"@id\":\"https:\\\/\\\/www.tribur.de\\\/blog\\\/#website\"},\"datePublished\":\"2012-04-12T13:05:13+00:00\",\"breadcrumb\":{\"@id\":\"https:\\\/\\\/www.tribur.de\\\/blog\\\/2012\\\/04\\\/12\\\/stabilisierung-politischer-und-kirchlicher-verhaltnisse-im-11-jahrhundert-und-spaterer-wandel-nach-demandt\\\/#breadcrumb\"},\"inLanguage\":\"de\",\"potentialAction\":[{\"@type\":\"ReadAction\",\"target\":[\"https:\\\/\\\/www.tribur.de\\\/blog\\\/2012\\\/04\\\/12\\\/stabilisierung-politischer-und-kirchlicher-verhaltnisse-im-11-jahrhundert-und-spaterer-wandel-nach-demandt\\\/\"]}]},{\"@type\":\"BreadcrumbList\",\"@id\":\"https:\\\/\\\/www.tribur.de\\\/blog\\\/2012\\\/04\\\/12\\\/stabilisierung-politischer-und-kirchlicher-verhaltnisse-im-11-jahrhundert-und-spaterer-wandel-nach-demandt\\\/#breadcrumb\",\"itemListElement\":[{\"@type\":\"ListItem\",\"position\":1,\"name\":\"Home\",\"item\":\"https:\\\/\\\/www.tribur.de\\\/blog\\\/\"},{\"@type\":\"ListItem\",\"position\":2,\"name\":\"Stabilisierung politischer und kirchlicher Verh\u00e4ltnisse im 11. Jahrhundert und sp\u00e4terer Wandel nach Demandt\"}]},{\"@type\":\"WebSite\",\"@id\":\"https:\\\/\\\/www.tribur.de\\\/blog\\\/#website\",\"url\":\"https:\\\/\\\/www.tribur.de\\\/blog\\\/\",\"name\":\"Tribur.de\",\"description\":\"Tribur.de - Geschichte und so Zeugs\",\"publisher\":{\"@id\":\"https:\\\/\\\/www.tribur.de\\\/blog\\\/#\\\/schema\\\/person\\\/3119997f09f43791809c2d1af27bba6c\"},\"potentialAction\":[{\"@type\":\"SearchAction\",\"target\":{\"@type\":\"EntryPoint\",\"urlTemplate\":\"https:\\\/\\\/www.tribur.de\\\/blog\\\/?s={search_term_string}\"},\"query-input\":{\"@type\":\"PropertyValueSpecification\",\"valueRequired\":true,\"valueName\":\"search_term_string\"}}],\"inLanguage\":\"de\"},{\"@type\":[\"Person\",\"Organization\"],\"@id\":\"https:\\\/\\\/www.tribur.de\\\/blog\\\/#\\\/schema\\\/person\\\/3119997f09f43791809c2d1af27bba6c\",\"name\":\"Markus Zwittmeier\",\"image\":{\"@type\":\"ImageObject\",\"inLanguage\":\"de\",\"@id\":\"https:\\\/\\\/i0.wp.com\\\/www.tribur.de\\\/blog\\\/wp-content\\\/uploads\\\/2018\\\/09\\\/cropped-logotest-4.jpg?fit=200%2C200&ssl=1\",\"url\":\"https:\\\/\\\/i0.wp.com\\\/www.tribur.de\\\/blog\\\/wp-content\\\/uploads\\\/2018\\\/09\\\/cropped-logotest-4.jpg?fit=200%2C200&ssl=1\",\"contentUrl\":\"https:\\\/\\\/i0.wp.com\\\/www.tribur.de\\\/blog\\\/wp-content\\\/uploads\\\/2018\\\/09\\\/cropped-logotest-4.jpg?fit=200%2C200&ssl=1\",\"width\":200,\"height\":200,\"caption\":\"Markus Zwittmeier\"},\"logo\":{\"@id\":\"https:\\\/\\\/i0.wp.com\\\/www.tribur.de\\\/blog\\\/wp-content\\\/uploads\\\/2018\\\/09\\\/cropped-logotest-4.jpg?fit=200%2C200&ssl=1\"},\"sameAs\":[\"http:\\\/\\\/www.Tribur.de\",\"http:\\\/\\\/www.facebook.com\\\/pages\\\/Triburde\\\/184352328288771\",\"https:\\\/\\\/www.instagram.com\\\/tribur.de\\\/\",\"https:\\\/\\\/x.com\\\/https:\\\/\\\/twitter.com\\\/tribur\",\"https:\\\/\\\/www.youtube.com\\\/channel\\\/UCnEonou-x6_P4XPjBk2htCA\"],\"url\":\"https:\\\/\\\/www.tribur.de\\\/blog\\\/author\\\/markus\\\/\"}]}<\/script>\n<!-- \/ Yoast SEO plugin. -->","yoast_head_json":{"title":"Stabilisierung politischer und kirchlicher Verh\u00e4ltnisse im 11. Jahrhundert und sp\u00e4terer Wandel nach Demandt - Tribur.de","robots":{"index":"index","follow":"follow","max-snippet":"max-snippet:-1","max-image-preview":"max-image-preview:large","max-video-preview":"max-video-preview:-1"},"canonical":"https:\/\/www.tribur.de\/blog\/2012\/04\/12\/stabilisierung-politischer-und-kirchlicher-verhaltnisse-im-11-jahrhundert-und-spaterer-wandel-nach-demandt\/","og_locale":"de_DE","og_type":"article","og_title":"Stabilisierung politischer und kirchlicher Verh\u00e4ltnisse im 11. Jahrhundert und sp\u00e4terer Wandel nach Demandt - Tribur.de","og_description":"Wie im letzten Teil die Mark Trebur behandelt wurde, behandelt Demandt s\u00e4mtliche Marken Hessens s\u00fcdlich des Mains. Dieses erspare ich mir jedoch und gehe gleich \u00fcber ins 11. Jahrhundert. Im 11. Jahrhundert, so Demandt,&#46;&#46;&#46;","og_url":"https:\/\/www.tribur.de\/blog\/2012\/04\/12\/stabilisierung-politischer-und-kirchlicher-verhaltnisse-im-11-jahrhundert-und-spaterer-wandel-nach-demandt\/","og_site_name":"Tribur.de","article_publisher":"http:\/\/www.facebook.com\/pages\/Triburde\/184352328288771","article_author":"http:\/\/www.facebook.com\/pages\/Triburde\/184352328288771","article_published_time":"2012-04-12T13:05:13+00:00","og_image":[{"width":200,"height":200,"url":"https:\/\/i0.wp.com\/www.tribur.de\/blog\/wp-content\/uploads\/2018\/09\/cropped-logotest-2.jpg?fit=200%2C200&ssl=1","type":"image\/jpeg"}],"author":"Markus Zwittmeier","twitter_card":"summary_large_image","twitter_creator":"@https:\/\/twitter.com\/tribur","twitter_site":"@tribur","twitter_misc":{"Verfasst von":"Markus Zwittmeier","Gesch\u00e4tzte Lesezeit":"1\u00a0Minute"},"schema":{"@context":"https:\/\/schema.org","@graph":[{"@type":"Article","@id":"https:\/\/www.tribur.de\/blog\/2012\/04\/12\/stabilisierung-politischer-und-kirchlicher-verhaltnisse-im-11-jahrhundert-und-spaterer-wandel-nach-demandt\/#article","isPartOf":{"@id":"https:\/\/www.tribur.de\/blog\/2012\/04\/12\/stabilisierung-politischer-und-kirchlicher-verhaltnisse-im-11-jahrhundert-und-spaterer-wandel-nach-demandt\/"},"author":{"name":"Markus Zwittmeier","@id":"https:\/\/www.tribur.de\/blog\/#\/schema\/person\/3119997f09f43791809c2d1af27bba6c"},"headline":"Stabilisierung politischer und kirchlicher Verh\u00e4ltnisse im 11. Jahrhundert und sp\u00e4terer Wandel nach Demandt","datePublished":"2012-04-12T13:05:13+00:00","mainEntityOfPage":{"@id":"https:\/\/www.tribur.de\/blog\/2012\/04\/12\/stabilisierung-politischer-und-kirchlicher-verhaltnisse-im-11-jahrhundert-und-spaterer-wandel-nach-demandt\/"},"wordCount":248,"commentCount":0,"publisher":{"@id":"https:\/\/www.tribur.de\/blog\/#\/schema\/person\/3119997f09f43791809c2d1af27bba6c"},"articleSection":["Geschichte"],"inLanguage":"de","potentialAction":[{"@type":"CommentAction","name":"Comment","target":["https:\/\/www.tribur.de\/blog\/2012\/04\/12\/stabilisierung-politischer-und-kirchlicher-verhaltnisse-im-11-jahrhundert-und-spaterer-wandel-nach-demandt\/#respond"]}]},{"@type":"WebPage","@id":"https:\/\/www.tribur.de\/blog\/2012\/04\/12\/stabilisierung-politischer-und-kirchlicher-verhaltnisse-im-11-jahrhundert-und-spaterer-wandel-nach-demandt\/","url":"https:\/\/www.tribur.de\/blog\/2012\/04\/12\/stabilisierung-politischer-und-kirchlicher-verhaltnisse-im-11-jahrhundert-und-spaterer-wandel-nach-demandt\/","name":"Stabilisierung politischer und kirchlicher Verh\u00e4ltnisse im 11. Jahrhundert und sp\u00e4terer Wandel nach Demandt - Tribur.de","isPartOf":{"@id":"https:\/\/www.tribur.de\/blog\/#website"},"datePublished":"2012-04-12T13:05:13+00:00","breadcrumb":{"@id":"https:\/\/www.tribur.de\/blog\/2012\/04\/12\/stabilisierung-politischer-und-kirchlicher-verhaltnisse-im-11-jahrhundert-und-spaterer-wandel-nach-demandt\/#breadcrumb"},"inLanguage":"de","potentialAction":[{"@type":"ReadAction","target":["https:\/\/www.tribur.de\/blog\/2012\/04\/12\/stabilisierung-politischer-und-kirchlicher-verhaltnisse-im-11-jahrhundert-und-spaterer-wandel-nach-demandt\/"]}]},{"@type":"BreadcrumbList","@id":"https:\/\/www.tribur.de\/blog\/2012\/04\/12\/stabilisierung-politischer-und-kirchlicher-verhaltnisse-im-11-jahrhundert-und-spaterer-wandel-nach-demandt\/#breadcrumb","itemListElement":[{"@type":"ListItem","position":1,"name":"Home","item":"https:\/\/www.tribur.de\/blog\/"},{"@type":"ListItem","position":2,"name":"Stabilisierung politischer und kirchlicher Verh\u00e4ltnisse im 11. Jahrhundert und sp\u00e4terer Wandel nach Demandt"}]},{"@type":"WebSite","@id":"https:\/\/www.tribur.de\/blog\/#website","url":"https:\/\/www.tribur.de\/blog\/","name":"Tribur.de","description":"Tribur.de - Geschichte und so Zeugs","publisher":{"@id":"https:\/\/www.tribur.de\/blog\/#\/schema\/person\/3119997f09f43791809c2d1af27bba6c"},"potentialAction":[{"@type":"SearchAction","target":{"@type":"EntryPoint","urlTemplate":"https:\/\/www.tribur.de\/blog\/?s={search_term_string}"},"query-input":{"@type":"PropertyValueSpecification","valueRequired":true,"valueName":"search_term_string"}}],"inLanguage":"de"},{"@type":["Person","Organization"],"@id":"https:\/\/www.tribur.de\/blog\/#\/schema\/person\/3119997f09f43791809c2d1af27bba6c","name":"Markus Zwittmeier","image":{"@type":"ImageObject","inLanguage":"de","@id":"https:\/\/i0.wp.com\/www.tribur.de\/blog\/wp-content\/uploads\/2018\/09\/cropped-logotest-4.jpg?fit=200%2C200&ssl=1","url":"https:\/\/i0.wp.com\/www.tribur.de\/blog\/wp-content\/uploads\/2018\/09\/cropped-logotest-4.jpg?fit=200%2C200&ssl=1","contentUrl":"https:\/\/i0.wp.com\/www.tribur.de\/blog\/wp-content\/uploads\/2018\/09\/cropped-logotest-4.jpg?fit=200%2C200&ssl=1","width":200,"height":200,"caption":"Markus Zwittmeier"},"logo":{"@id":"https:\/\/i0.wp.com\/www.tribur.de\/blog\/wp-content\/uploads\/2018\/09\/cropped-logotest-4.jpg?fit=200%2C200&ssl=1"},"sameAs":["http:\/\/www.Tribur.de","http:\/\/www.facebook.com\/pages\/Triburde\/184352328288771","https:\/\/www.instagram.com\/tribur.de\/","https:\/\/x.com\/https:\/\/twitter.com\/tribur","https:\/\/www.youtube.com\/channel\/UCnEonou-x6_P4XPjBk2htCA"],"url":"https:\/\/www.tribur.de\/blog\/author\/markus\/"}]}},"jetpack_publicize_connections":[],"jetpack_featured_media_url":"","jetpack_shortlink":"https:\/\/wp.me\/p1mHPu-5bY","jetpack_sharing_enabled":true,"_links":{"self":[{"href":"https:\/\/www.tribur.de\/blog\/wp-json\/wp\/v2\/posts\/19962","targetHints":{"allow":["GET"]}}],"collection":[{"href":"https:\/\/www.tribur.de\/blog\/wp-json\/wp\/v2\/posts"}],"about":[{"href":"https:\/\/www.tribur.de\/blog\/wp-json\/wp\/v2\/types\/post"}],"author":[{"embeddable":true,"href":"https:\/\/www.tribur.de\/blog\/wp-json\/wp\/v2\/users\/2"}],"replies":[{"embeddable":true,"href":"https:\/\/www.tribur.de\/blog\/wp-json\/wp\/v2\/comments?post=19962"}],"version-history":[{"count":4,"href":"https:\/\/www.tribur.de\/blog\/wp-json\/wp\/v2\/posts\/19962\/revisions"}],"predecessor-version":[{"id":20020,"href":"https:\/\/www.tribur.de\/blog\/wp-json\/wp\/v2\/posts\/19962\/revisions\/20020"}],"wp:attachment":[{"href":"https:\/\/www.tribur.de\/blog\/wp-json\/wp\/v2\/media?parent=19962"}],"wp:term":[{"taxonomy":"category","embeddable":true,"href":"https:\/\/www.tribur.de\/blog\/wp-json\/wp\/v2\/categories?post=19962"},{"taxonomy":"post_tag","embeddable":true,"href":"https:\/\/www.tribur.de\/blog\/wp-json\/wp\/v2\/tags?post=19962"}],"curies":[{"name":"wp","href":"https:\/\/api.w.org\/{rel}","templated":true}]}}