{"id":19686,"date":"2012-03-22T11:05:46","date_gmt":"2012-03-22T10:05:46","guid":{"rendered":"http:\/\/www.tribur.de\/blog\/?p=19686"},"modified":"2012-03-22T11:05:46","modified_gmt":"2012-03-22T10:05:46","slug":"fazit-zu-st-alban-und-den-kirchennamen","status":"publish","type":"post","link":"https:\/\/www.tribur.de\/blog\/2012\/03\/22\/fazit-zu-st-alban-und-den-kirchennamen\/","title":{"rendered":"Fazit zu St. Alban und den Kirchennamen"},"content":{"rendered":"<p>Tats\u00e4chlich muss ich gestehen das ich mir ein bisschen mehr erhofft hatte. Zwar gibt es eine gewisse H\u00e4ufung von Besitzungen St.Albans in der Region in Trebur, aber diese ist wohl weniger im Zusammenhang mit Trebur, als mit der N\u00e4he zu Mainz zu sehen.<br \/>\nOft genug findet man Schenkungen von beg\u00fcterten, kinderlosen Witwen, die einem Kloster in Mainz ihre G\u00fcter schenken und St. Alban bekommt diverse male G\u00fcter des K\u00f6nigs \u00fcberschrieben. Auch das ist nicht verwunderlich, so wurde Karls des Gro\u00dfen Frau Fastrada, sowie ein Sohn und eine Tochter Ottos I. dort beigesetzt. Ein klarer Zusammenhang Pfalz => St.Alban => Pfalz  ist nicht gegeben.<\/p>\n<p>Etwas anders ist es bei den Kirchennamen. Auch hier dachte ich erst nichts zu erkennen, doch scheinen sich einige &#8222;ottonische Heilige&#8220; in der Region breit gemacht zu haben. In Trebur Laurentius, in Gro\u00df Gerau eine Nikolaus Kapelle ( Die Nikolausverehrung kam im Westen mit Theophanu auf), St. Georg in R\u00fcsselsheim, St. Ulrich in Geinsheim. Auch \u00c4gidius war im 11. Jahrhundert bereits beliebt. Und Petrus (wie in Astheim) wurde in Bamberg der Dom geweiht.<\/p>\n<p>Diese Kirchen m\u00fcssen keine origin\u00e4r ottonische Neugr\u00fcndungen gewesen.Ein gewisser ottonischer Regionaleinfluss k\u00f6nnte bereits gen\u00fcgt haben, was wiederum auf Heinrich II. deuten w\u00fcrde, denn vorher trat die Region zwischen Main und Rhein nur sp\u00e4rlich in Erscheinung.<\/p>\n","protected":false},"excerpt":{"rendered":"<p>Tats\u00e4chlich muss ich gestehen das ich mir ein bisschen mehr erhofft hatte. Zwar gibt es eine gewisse H\u00e4ufung von Besitzungen St.Albans in der Region in Trebur, aber diese ist wohl weniger im Zusammenhang mit&#46;&#46;&#46;<\/p>\n","protected":false},"author":2,"featured_media":0,"comment_status":"open","ping_status":"open","sticky":false,"template":"","format":"standard","meta":{"jetpack_post_was_ever_published":false,"_jetpack_newsletter_access":"","_jetpack_dont_email_post_to_subs":false,"_jetpack_newsletter_tier_id":0,"_jetpack_memberships_contains_paywalled_content":false,"_jetpack_memberships_contains_paid_content":false,"footnotes":"","jetpack_publicize_message":"","jetpack_publicize_feature_enabled":true,"jetpack_social_post_already_shared":false,"jetpack_social_options":{"image_generator_settings":{"template":"highway","default_image_id":0,"font":"","enabled":false},"version":2}},"categories":[1],"tags":[35,49,37,16],"class_list":["post-19686","post","type-post","status-publish","format-standard","hentry","category-geschichte","tag-pfalz","tag-recherche","tag-theorie","tag-trebur"],"yoast_head":"<!-- This site is optimized with the Yoast SEO plugin v27.4 - https:\/\/yoast.com\/product\/yoast-seo-wordpress\/ -->\n<title>Fazit zu St. Alban und den Kirchennamen - Tribur.de<\/title>\n<meta name=\"robots\" content=\"index, follow, max-snippet:-1, max-image-preview:large, max-video-preview:-1\" \/>\n<link rel=\"canonical\" href=\"https:\/\/www.tribur.de\/blog\/2012\/03\/22\/fazit-zu-st-alban-und-den-kirchennamen\/\" \/>\n<meta property=\"og:locale\" content=\"de_DE\" \/>\n<meta property=\"og:type\" content=\"article\" \/>\n<meta property=\"og:title\" content=\"Fazit zu St. Alban und den Kirchennamen - Tribur.de\" \/>\n<meta property=\"og:description\" content=\"Tats\u00e4chlich muss ich gestehen das ich mir ein bisschen mehr erhofft hatte. Zwar gibt es eine gewisse H\u00e4ufung von Besitzungen St.Albans in der Region in Trebur, aber diese ist wohl weniger im Zusammenhang mit&#046;&#046;&#046;\" \/>\n<meta property=\"og:url\" content=\"https:\/\/www.tribur.de\/blog\/2012\/03\/22\/fazit-zu-st-alban-und-den-kirchennamen\/\" \/>\n<meta property=\"og:site_name\" content=\"Tribur.de\" \/>\n<meta property=\"article:publisher\" content=\"http:\/\/www.facebook.com\/pages\/Triburde\/184352328288771\" \/>\n<meta property=\"article:author\" content=\"http:\/\/www.facebook.com\/pages\/Triburde\/184352328288771\" \/>\n<meta property=\"article:published_time\" content=\"2012-03-22T10:05:46+00:00\" \/>\n<meta property=\"og:image\" content=\"https:\/\/i0.wp.com\/www.tribur.de\/blog\/wp-content\/uploads\/2018\/09\/cropped-logotest-2.jpg?fit=200%2C200&ssl=1\" \/>\n\t<meta property=\"og:image:width\" content=\"200\" \/>\n\t<meta property=\"og:image:height\" content=\"200\" \/>\n\t<meta property=\"og:image:type\" content=\"image\/jpeg\" \/>\n<meta name=\"author\" content=\"Markus Zwittmeier\" \/>\n<meta name=\"twitter:card\" content=\"summary_large_image\" \/>\n<meta name=\"twitter:creator\" content=\"@https:\/\/twitter.com\/tribur\" \/>\n<meta name=\"twitter:site\" content=\"@tribur\" \/>\n<meta name=\"twitter:label1\" content=\"Verfasst von\" \/>\n\t<meta name=\"twitter:data1\" content=\"Markus Zwittmeier\" \/>\n\t<meta name=\"twitter:label2\" content=\"Gesch\u00e4tzte Lesezeit\" \/>\n\t<meta name=\"twitter:data2\" content=\"1\u00a0Minute\" \/>\n<script type=\"application\/ld+json\" class=\"yoast-schema-graph\">{\"@context\":\"https:\\\/\\\/schema.org\",\"@graph\":[{\"@type\":\"Article\",\"@id\":\"https:\\\/\\\/www.tribur.de\\\/blog\\\/2012\\\/03\\\/22\\\/fazit-zu-st-alban-und-den-kirchennamen\\\/#article\",\"isPartOf\":{\"@id\":\"https:\\\/\\\/www.tribur.de\\\/blog\\\/2012\\\/03\\\/22\\\/fazit-zu-st-alban-und-den-kirchennamen\\\/\"},\"author\":{\"name\":\"Markus Zwittmeier\",\"@id\":\"https:\\\/\\\/www.tribur.de\\\/blog\\\/#\\\/schema\\\/person\\\/3119997f09f43791809c2d1af27bba6c\"},\"headline\":\"Fazit zu St. Alban und den Kirchennamen\",\"datePublished\":\"2012-03-22T10:05:46+00:00\",\"mainEntityOfPage\":{\"@id\":\"https:\\\/\\\/www.tribur.de\\\/blog\\\/2012\\\/03\\\/22\\\/fazit-zu-st-alban-und-den-kirchennamen\\\/\"},\"wordCount\":233,\"commentCount\":3,\"publisher\":{\"@id\":\"https:\\\/\\\/www.tribur.de\\\/blog\\\/#\\\/schema\\\/person\\\/3119997f09f43791809c2d1af27bba6c\"},\"keywords\":[\"Pfalz\",\"Recherche\",\"Theorie\",\"Trebur\\\/Tribur\"],\"articleSection\":[\"Geschichte\"],\"inLanguage\":\"de\",\"potentialAction\":[{\"@type\":\"CommentAction\",\"name\":\"Comment\",\"target\":[\"https:\\\/\\\/www.tribur.de\\\/blog\\\/2012\\\/03\\\/22\\\/fazit-zu-st-alban-und-den-kirchennamen\\\/#respond\"]}]},{\"@type\":\"WebPage\",\"@id\":\"https:\\\/\\\/www.tribur.de\\\/blog\\\/2012\\\/03\\\/22\\\/fazit-zu-st-alban-und-den-kirchennamen\\\/\",\"url\":\"https:\\\/\\\/www.tribur.de\\\/blog\\\/2012\\\/03\\\/22\\\/fazit-zu-st-alban-und-den-kirchennamen\\\/\",\"name\":\"Fazit zu St. Alban und den Kirchennamen - Tribur.de\",\"isPartOf\":{\"@id\":\"https:\\\/\\\/www.tribur.de\\\/blog\\\/#website\"},\"datePublished\":\"2012-03-22T10:05:46+00:00\",\"breadcrumb\":{\"@id\":\"https:\\\/\\\/www.tribur.de\\\/blog\\\/2012\\\/03\\\/22\\\/fazit-zu-st-alban-und-den-kirchennamen\\\/#breadcrumb\"},\"inLanguage\":\"de\",\"potentialAction\":[{\"@type\":\"ReadAction\",\"target\":[\"https:\\\/\\\/www.tribur.de\\\/blog\\\/2012\\\/03\\\/22\\\/fazit-zu-st-alban-und-den-kirchennamen\\\/\"]}]},{\"@type\":\"BreadcrumbList\",\"@id\":\"https:\\\/\\\/www.tribur.de\\\/blog\\\/2012\\\/03\\\/22\\\/fazit-zu-st-alban-und-den-kirchennamen\\\/#breadcrumb\",\"itemListElement\":[{\"@type\":\"ListItem\",\"position\":1,\"name\":\"Home\",\"item\":\"https:\\\/\\\/www.tribur.de\\\/blog\\\/\"},{\"@type\":\"ListItem\",\"position\":2,\"name\":\"Fazit zu St. Alban und den Kirchennamen\"}]},{\"@type\":\"WebSite\",\"@id\":\"https:\\\/\\\/www.tribur.de\\\/blog\\\/#website\",\"url\":\"https:\\\/\\\/www.tribur.de\\\/blog\\\/\",\"name\":\"Tribur.de\",\"description\":\"Tribur.de - Geschichte und so Zeugs\",\"publisher\":{\"@id\":\"https:\\\/\\\/www.tribur.de\\\/blog\\\/#\\\/schema\\\/person\\\/3119997f09f43791809c2d1af27bba6c\"},\"potentialAction\":[{\"@type\":\"SearchAction\",\"target\":{\"@type\":\"EntryPoint\",\"urlTemplate\":\"https:\\\/\\\/www.tribur.de\\\/blog\\\/?s={search_term_string}\"},\"query-input\":{\"@type\":\"PropertyValueSpecification\",\"valueRequired\":true,\"valueName\":\"search_term_string\"}}],\"inLanguage\":\"de\"},{\"@type\":[\"Person\",\"Organization\"],\"@id\":\"https:\\\/\\\/www.tribur.de\\\/blog\\\/#\\\/schema\\\/person\\\/3119997f09f43791809c2d1af27bba6c\",\"name\":\"Markus Zwittmeier\",\"image\":{\"@type\":\"ImageObject\",\"inLanguage\":\"de\",\"@id\":\"https:\\\/\\\/i0.wp.com\\\/www.tribur.de\\\/blog\\\/wp-content\\\/uploads\\\/2018\\\/09\\\/cropped-logotest-4.jpg?fit=200%2C200&ssl=1\",\"url\":\"https:\\\/\\\/i0.wp.com\\\/www.tribur.de\\\/blog\\\/wp-content\\\/uploads\\\/2018\\\/09\\\/cropped-logotest-4.jpg?fit=200%2C200&ssl=1\",\"contentUrl\":\"https:\\\/\\\/i0.wp.com\\\/www.tribur.de\\\/blog\\\/wp-content\\\/uploads\\\/2018\\\/09\\\/cropped-logotest-4.jpg?fit=200%2C200&ssl=1\",\"width\":200,\"height\":200,\"caption\":\"Markus Zwittmeier\"},\"logo\":{\"@id\":\"https:\\\/\\\/i0.wp.com\\\/www.tribur.de\\\/blog\\\/wp-content\\\/uploads\\\/2018\\\/09\\\/cropped-logotest-4.jpg?fit=200%2C200&ssl=1\"},\"sameAs\":[\"http:\\\/\\\/www.Tribur.de\",\"http:\\\/\\\/www.facebook.com\\\/pages\\\/Triburde\\\/184352328288771\",\"https:\\\/\\\/www.instagram.com\\\/tribur.de\\\/\",\"https:\\\/\\\/x.com\\\/https:\\\/\\\/twitter.com\\\/tribur\",\"https:\\\/\\\/www.youtube.com\\\/channel\\\/UCnEonou-x6_P4XPjBk2htCA\"],\"url\":\"https:\\\/\\\/www.tribur.de\\\/blog\\\/author\\\/markus\\\/\"}]}<\/script>\n<!-- \/ Yoast SEO plugin. -->","yoast_head_json":{"title":"Fazit zu St. Alban und den Kirchennamen - Tribur.de","robots":{"index":"index","follow":"follow","max-snippet":"max-snippet:-1","max-image-preview":"max-image-preview:large","max-video-preview":"max-video-preview:-1"},"canonical":"https:\/\/www.tribur.de\/blog\/2012\/03\/22\/fazit-zu-st-alban-und-den-kirchennamen\/","og_locale":"de_DE","og_type":"article","og_title":"Fazit zu St. Alban und den Kirchennamen - Tribur.de","og_description":"Tats\u00e4chlich muss ich gestehen das ich mir ein bisschen mehr erhofft hatte. Zwar gibt es eine gewisse H\u00e4ufung von Besitzungen St.Albans in der Region in Trebur, aber diese ist wohl weniger im Zusammenhang mit&#46;&#46;&#46;","og_url":"https:\/\/www.tribur.de\/blog\/2012\/03\/22\/fazit-zu-st-alban-und-den-kirchennamen\/","og_site_name":"Tribur.de","article_publisher":"http:\/\/www.facebook.com\/pages\/Triburde\/184352328288771","article_author":"http:\/\/www.facebook.com\/pages\/Triburde\/184352328288771","article_published_time":"2012-03-22T10:05:46+00:00","og_image":[{"width":200,"height":200,"url":"https:\/\/i0.wp.com\/www.tribur.de\/blog\/wp-content\/uploads\/2018\/09\/cropped-logotest-2.jpg?fit=200%2C200&ssl=1","type":"image\/jpeg"}],"author":"Markus Zwittmeier","twitter_card":"summary_large_image","twitter_creator":"@https:\/\/twitter.com\/tribur","twitter_site":"@tribur","twitter_misc":{"Verfasst von":"Markus Zwittmeier","Gesch\u00e4tzte Lesezeit":"1\u00a0Minute"},"schema":{"@context":"https:\/\/schema.org","@graph":[{"@type":"Article","@id":"https:\/\/www.tribur.de\/blog\/2012\/03\/22\/fazit-zu-st-alban-und-den-kirchennamen\/#article","isPartOf":{"@id":"https:\/\/www.tribur.de\/blog\/2012\/03\/22\/fazit-zu-st-alban-und-den-kirchennamen\/"},"author":{"name":"Markus Zwittmeier","@id":"https:\/\/www.tribur.de\/blog\/#\/schema\/person\/3119997f09f43791809c2d1af27bba6c"},"headline":"Fazit zu St. Alban und den Kirchennamen","datePublished":"2012-03-22T10:05:46+00:00","mainEntityOfPage":{"@id":"https:\/\/www.tribur.de\/blog\/2012\/03\/22\/fazit-zu-st-alban-und-den-kirchennamen\/"},"wordCount":233,"commentCount":3,"publisher":{"@id":"https:\/\/www.tribur.de\/blog\/#\/schema\/person\/3119997f09f43791809c2d1af27bba6c"},"keywords":["Pfalz","Recherche","Theorie","Trebur\/Tribur"],"articleSection":["Geschichte"],"inLanguage":"de","potentialAction":[{"@type":"CommentAction","name":"Comment","target":["https:\/\/www.tribur.de\/blog\/2012\/03\/22\/fazit-zu-st-alban-und-den-kirchennamen\/#respond"]}]},{"@type":"WebPage","@id":"https:\/\/www.tribur.de\/blog\/2012\/03\/22\/fazit-zu-st-alban-und-den-kirchennamen\/","url":"https:\/\/www.tribur.de\/blog\/2012\/03\/22\/fazit-zu-st-alban-und-den-kirchennamen\/","name":"Fazit zu St. Alban und den Kirchennamen - Tribur.de","isPartOf":{"@id":"https:\/\/www.tribur.de\/blog\/#website"},"datePublished":"2012-03-22T10:05:46+00:00","breadcrumb":{"@id":"https:\/\/www.tribur.de\/blog\/2012\/03\/22\/fazit-zu-st-alban-und-den-kirchennamen\/#breadcrumb"},"inLanguage":"de","potentialAction":[{"@type":"ReadAction","target":["https:\/\/www.tribur.de\/blog\/2012\/03\/22\/fazit-zu-st-alban-und-den-kirchennamen\/"]}]},{"@type":"BreadcrumbList","@id":"https:\/\/www.tribur.de\/blog\/2012\/03\/22\/fazit-zu-st-alban-und-den-kirchennamen\/#breadcrumb","itemListElement":[{"@type":"ListItem","position":1,"name":"Home","item":"https:\/\/www.tribur.de\/blog\/"},{"@type":"ListItem","position":2,"name":"Fazit zu St. Alban und den Kirchennamen"}]},{"@type":"WebSite","@id":"https:\/\/www.tribur.de\/blog\/#website","url":"https:\/\/www.tribur.de\/blog\/","name":"Tribur.de","description":"Tribur.de - Geschichte und so Zeugs","publisher":{"@id":"https:\/\/www.tribur.de\/blog\/#\/schema\/person\/3119997f09f43791809c2d1af27bba6c"},"potentialAction":[{"@type":"SearchAction","target":{"@type":"EntryPoint","urlTemplate":"https:\/\/www.tribur.de\/blog\/?s={search_term_string}"},"query-input":{"@type":"PropertyValueSpecification","valueRequired":true,"valueName":"search_term_string"}}],"inLanguage":"de"},{"@type":["Person","Organization"],"@id":"https:\/\/www.tribur.de\/blog\/#\/schema\/person\/3119997f09f43791809c2d1af27bba6c","name":"Markus Zwittmeier","image":{"@type":"ImageObject","inLanguage":"de","@id":"https:\/\/i0.wp.com\/www.tribur.de\/blog\/wp-content\/uploads\/2018\/09\/cropped-logotest-4.jpg?fit=200%2C200&ssl=1","url":"https:\/\/i0.wp.com\/www.tribur.de\/blog\/wp-content\/uploads\/2018\/09\/cropped-logotest-4.jpg?fit=200%2C200&ssl=1","contentUrl":"https:\/\/i0.wp.com\/www.tribur.de\/blog\/wp-content\/uploads\/2018\/09\/cropped-logotest-4.jpg?fit=200%2C200&ssl=1","width":200,"height":200,"caption":"Markus Zwittmeier"},"logo":{"@id":"https:\/\/i0.wp.com\/www.tribur.de\/blog\/wp-content\/uploads\/2018\/09\/cropped-logotest-4.jpg?fit=200%2C200&ssl=1"},"sameAs":["http:\/\/www.Tribur.de","http:\/\/www.facebook.com\/pages\/Triburde\/184352328288771","https:\/\/www.instagram.com\/tribur.de\/","https:\/\/x.com\/https:\/\/twitter.com\/tribur","https:\/\/www.youtube.com\/channel\/UCnEonou-x6_P4XPjBk2htCA"],"url":"https:\/\/www.tribur.de\/blog\/author\/markus\/"}]}},"jetpack_publicize_connections":[],"jetpack_featured_media_url":"","jetpack_shortlink":"https:\/\/wp.me\/p1mHPu-57w","jetpack_sharing_enabled":true,"_links":{"self":[{"href":"https:\/\/www.tribur.de\/blog\/wp-json\/wp\/v2\/posts\/19686","targetHints":{"allow":["GET"]}}],"collection":[{"href":"https:\/\/www.tribur.de\/blog\/wp-json\/wp\/v2\/posts"}],"about":[{"href":"https:\/\/www.tribur.de\/blog\/wp-json\/wp\/v2\/types\/post"}],"author":[{"embeddable":true,"href":"https:\/\/www.tribur.de\/blog\/wp-json\/wp\/v2\/users\/2"}],"replies":[{"embeddable":true,"href":"https:\/\/www.tribur.de\/blog\/wp-json\/wp\/v2\/comments?post=19686"}],"version-history":[{"count":6,"href":"https:\/\/www.tribur.de\/blog\/wp-json\/wp\/v2\/posts\/19686\/revisions"}],"predecessor-version":[{"id":19693,"href":"https:\/\/www.tribur.de\/blog\/wp-json\/wp\/v2\/posts\/19686\/revisions\/19693"}],"wp:attachment":[{"href":"https:\/\/www.tribur.de\/blog\/wp-json\/wp\/v2\/media?parent=19686"}],"wp:term":[{"taxonomy":"category","embeddable":true,"href":"https:\/\/www.tribur.de\/blog\/wp-json\/wp\/v2\/categories?post=19686"},{"taxonomy":"post_tag","embeddable":true,"href":"https:\/\/www.tribur.de\/blog\/wp-json\/wp\/v2\/tags?post=19686"}],"curies":[{"name":"wp","href":"https:\/\/api.w.org\/{rel}","templated":true}]}}