{"id":19666,"date":"2012-03-21T14:29:38","date_gmt":"2012-03-21T13:29:38","guid":{"rendered":"http:\/\/www.tribur.de\/blog\/?p=19666"},"modified":"2012-03-21T14:29:38","modified_gmt":"2012-03-21T13:29:38","slug":"zu-den-munzenbergern","status":"publish","type":"post","link":"https:\/\/www.tribur.de\/blog\/2012\/03\/21\/zu-den-munzenbergern\/","title":{"rendered":"Zu den M\u00fcnzenbergern"},"content":{"rendered":"<p>Die M\u00fcnzenberger sind, oder vielmehr waren, ein Adelsgeschlecht das mich unglaublich interessiert. Leider sind die Informationen, die man zumindest im Netz findet nur sehr sehr mangelhaft.<\/p>\n<p>Ins Licht der Geschichte trat das Geschlecht, das sich sp\u00e4ter nach ihrer Burg in der Wetterau M\u00fcnzenberg nennen sollte, im Jahr 1076. Heinrich IV. \u00fcbertrug einem Eberhard die Vogteirechte im Wildbann Dreieich mit Zentrum im heutigen Dreieichenhain. Dort befand sich ein k\u00f6niglicher Jagdhof, ein umz\u00e4untes\/ umhegtes Gebiet. Nun nannte sich dieser Eberhrad,  Eberhard von Hagen. Er lies in den 1080ern einen Wohnturm errichten, der  heute noch als Teil der Burg Dreieich zu sehen ist.<br \/>\nEberhard heiratete die Tochter Kunos von Arnsburg und Mathildes von Beilstein, die auf der Arnsburg in der Wetterau residierten und nannte sich nun von Hagen und Arnsburg.<br \/>\nSein Enkel Konrad II. von Hagen und Arnsburg erwarb den M\u00fcnzenberg vom Kloster Fulda und stiftete daf\u00fcr, das Gel\u00e4nde eines ehmaligen R\u00f6merkastels unweit der Arnsburg zur Gr\u00fcndung des Benediktinerklosters Altenburg. Konrads Bruder wurde Gr\u00fcnder derer von Heusenstamm.<br \/>\nKonrad II.  zog auf den M\u00fcnzenberg und Konrads Sohn ( mit Luitgard von Bickenbach) Kuno nannte sich nun von Hagen M\u00fcnzenberg und war 1162 Reichsk\u00e4mmerer.<br \/>\n1255 starben die M\u00fcnzenberger im Mannesstamm aus, das Erbe wurde gesechstelt, jedoch konnten die Falkensteiner durch Zukauf  5\/6 auf sich vereinen. 1\/6 blieb bei Hanau.<br \/>\nDie Familie war den Saliern und dann den Staufern K\u00f6nigstreu bis zum Schluss.<\/p>\n<p>Was diese Familie nun so immens wichtig f\u00fcr mich macht ist das sie auch die Vogteirechte \u00fcber Trebur besa\u00dfen. Wann sie aber diese erhielten ist (mir) nicht bekannt. Auch ist nicht bekannt woher der Stammvater Eberhard eigentlich kam! Hatte er vielleicht Beziehungen zu Trebur, der Pfalz der Salier? Konnte er sich daher seine Lorbeeren verdienen? Ein Amt? Es ist ja schon auff\u00e4llig das der Niedergang der Pfalz als Besuchsort zeitlich parallel l\u00e4uft mit dem Bau der Burg Dreieich.<\/p>\n<p>Ich will da auch ein bisschen nachforschen und hab mir daher das einzig brauchbare Buch zu den M\u00fcnzenbergern geordert, das auch nun schon 40 Jahre auf dem Buckel hat: &#8222;Die M\u00fcnzenberger. Quellen und Studien zur Emancipation einer Reichsdienstmannenfamilie&#8220; von Hans Otto Keunecke. Mal schauen ob das was bringt.<\/p>\n","protected":false},"excerpt":{"rendered":"<p>Die M\u00fcnzenberger sind, oder vielmehr waren, ein Adelsgeschlecht das mich unglaublich interessiert. Leider sind die Informationen, die man zumindest im Netz findet nur sehr sehr mangelhaft. Ins Licht der Geschichte trat das Geschlecht, das&#46;&#46;&#46;<\/p>\n","protected":false},"author":2,"featured_media":0,"comment_status":"open","ping_status":"open","sticky":false,"template":"","format":"standard","meta":{"jetpack_post_was_ever_published":false,"_jetpack_newsletter_access":"","_jetpack_dont_email_post_to_subs":false,"_jetpack_newsletter_tier_id":0,"_jetpack_memberships_contains_paywalled_content":false,"_jetpack_memberships_contains_paid_content":false,"footnotes":"","jetpack_publicize_message":"","jetpack_publicize_feature_enabled":true,"jetpack_social_post_already_shared":false,"jetpack_social_options":{"image_generator_settings":{"template":"highway","default_image_id":0,"font":"","enabled":false},"version":2}},"categories":[1],"tags":[12,35,49,47,60,16],"class_list":["post-19666","post","type-post","status-publish","format-standard","hentry","category-geschichte","tag-hochmittelalter","tag-pfalz","tag-recherche","tag-salisch","tag-staufisch","tag-trebur"],"yoast_head":"<!-- This site is optimized with the Yoast SEO plugin v27.4 - https:\/\/yoast.com\/product\/yoast-seo-wordpress\/ -->\n<title>Zu den M\u00fcnzenbergern - Tribur.de<\/title>\n<meta name=\"robots\" content=\"index, follow, max-snippet:-1, max-image-preview:large, max-video-preview:-1\" \/>\n<link rel=\"canonical\" href=\"https:\/\/www.tribur.de\/blog\/2012\/03\/21\/zu-den-munzenbergern\/\" \/>\n<meta property=\"og:locale\" content=\"de_DE\" \/>\n<meta property=\"og:type\" content=\"article\" \/>\n<meta property=\"og:title\" content=\"Zu den M\u00fcnzenbergern - Tribur.de\" \/>\n<meta property=\"og:description\" content=\"Die M\u00fcnzenberger sind, oder vielmehr waren, ein Adelsgeschlecht das mich unglaublich interessiert. Leider sind die Informationen, die man zumindest im Netz findet nur sehr sehr mangelhaft. Ins Licht der Geschichte trat das Geschlecht, das&#046;&#046;&#046;\" \/>\n<meta property=\"og:url\" content=\"https:\/\/www.tribur.de\/blog\/2012\/03\/21\/zu-den-munzenbergern\/\" \/>\n<meta property=\"og:site_name\" content=\"Tribur.de\" \/>\n<meta property=\"article:publisher\" content=\"http:\/\/www.facebook.com\/pages\/Triburde\/184352328288771\" \/>\n<meta property=\"article:author\" content=\"http:\/\/www.facebook.com\/pages\/Triburde\/184352328288771\" \/>\n<meta property=\"article:published_time\" content=\"2012-03-21T13:29:38+00:00\" \/>\n<meta property=\"og:image\" content=\"https:\/\/i0.wp.com\/www.tribur.de\/blog\/wp-content\/uploads\/2018\/09\/cropped-logotest-2.jpg?fit=200%2C200&ssl=1\" \/>\n\t<meta property=\"og:image:width\" content=\"200\" \/>\n\t<meta property=\"og:image:height\" content=\"200\" \/>\n\t<meta property=\"og:image:type\" content=\"image\/jpeg\" \/>\n<meta name=\"author\" content=\"Markus Zwittmeier\" \/>\n<meta name=\"twitter:card\" content=\"summary_large_image\" \/>\n<meta name=\"twitter:creator\" content=\"@https:\/\/twitter.com\/tribur\" \/>\n<meta name=\"twitter:site\" content=\"@tribur\" \/>\n<meta name=\"twitter:label1\" content=\"Verfasst von\" \/>\n\t<meta name=\"twitter:data1\" content=\"Markus Zwittmeier\" \/>\n\t<meta name=\"twitter:label2\" content=\"Gesch\u00e4tzte Lesezeit\" \/>\n\t<meta name=\"twitter:data2\" content=\"2\u00a0Minuten\" \/>\n<script type=\"application\/ld+json\" class=\"yoast-schema-graph\">{\"@context\":\"https:\\\/\\\/schema.org\",\"@graph\":[{\"@type\":\"Article\",\"@id\":\"https:\\\/\\\/www.tribur.de\\\/blog\\\/2012\\\/03\\\/21\\\/zu-den-munzenbergern\\\/#article\",\"isPartOf\":{\"@id\":\"https:\\\/\\\/www.tribur.de\\\/blog\\\/2012\\\/03\\\/21\\\/zu-den-munzenbergern\\\/\"},\"author\":{\"name\":\"Markus Zwittmeier\",\"@id\":\"https:\\\/\\\/www.tribur.de\\\/blog\\\/#\\\/schema\\\/person\\\/3119997f09f43791809c2d1af27bba6c\"},\"headline\":\"Zu den M\u00fcnzenbergern\",\"datePublished\":\"2012-03-21T13:29:38+00:00\",\"mainEntityOfPage\":{\"@id\":\"https:\\\/\\\/www.tribur.de\\\/blog\\\/2012\\\/03\\\/21\\\/zu-den-munzenbergern\\\/\"},\"wordCount\":372,\"commentCount\":0,\"publisher\":{\"@id\":\"https:\\\/\\\/www.tribur.de\\\/blog\\\/#\\\/schema\\\/person\\\/3119997f09f43791809c2d1af27bba6c\"},\"keywords\":[\"Hochmittelalter\",\"Pfalz\",\"Recherche\",\"salisch\",\"staufisch\",\"Trebur\\\/Tribur\"],\"articleSection\":[\"Geschichte\"],\"inLanguage\":\"de\",\"potentialAction\":[{\"@type\":\"CommentAction\",\"name\":\"Comment\",\"target\":[\"https:\\\/\\\/www.tribur.de\\\/blog\\\/2012\\\/03\\\/21\\\/zu-den-munzenbergern\\\/#respond\"]}]},{\"@type\":\"WebPage\",\"@id\":\"https:\\\/\\\/www.tribur.de\\\/blog\\\/2012\\\/03\\\/21\\\/zu-den-munzenbergern\\\/\",\"url\":\"https:\\\/\\\/www.tribur.de\\\/blog\\\/2012\\\/03\\\/21\\\/zu-den-munzenbergern\\\/\",\"name\":\"Zu den M\u00fcnzenbergern - Tribur.de\",\"isPartOf\":{\"@id\":\"https:\\\/\\\/www.tribur.de\\\/blog\\\/#website\"},\"datePublished\":\"2012-03-21T13:29:38+00:00\",\"breadcrumb\":{\"@id\":\"https:\\\/\\\/www.tribur.de\\\/blog\\\/2012\\\/03\\\/21\\\/zu-den-munzenbergern\\\/#breadcrumb\"},\"inLanguage\":\"de\",\"potentialAction\":[{\"@type\":\"ReadAction\",\"target\":[\"https:\\\/\\\/www.tribur.de\\\/blog\\\/2012\\\/03\\\/21\\\/zu-den-munzenbergern\\\/\"]}]},{\"@type\":\"BreadcrumbList\",\"@id\":\"https:\\\/\\\/www.tribur.de\\\/blog\\\/2012\\\/03\\\/21\\\/zu-den-munzenbergern\\\/#breadcrumb\",\"itemListElement\":[{\"@type\":\"ListItem\",\"position\":1,\"name\":\"Home\",\"item\":\"https:\\\/\\\/www.tribur.de\\\/blog\\\/\"},{\"@type\":\"ListItem\",\"position\":2,\"name\":\"Zu den M\u00fcnzenbergern\"}]},{\"@type\":\"WebSite\",\"@id\":\"https:\\\/\\\/www.tribur.de\\\/blog\\\/#website\",\"url\":\"https:\\\/\\\/www.tribur.de\\\/blog\\\/\",\"name\":\"Tribur.de\",\"description\":\"Tribur.de - Geschichte und so Zeugs\",\"publisher\":{\"@id\":\"https:\\\/\\\/www.tribur.de\\\/blog\\\/#\\\/schema\\\/person\\\/3119997f09f43791809c2d1af27bba6c\"},\"potentialAction\":[{\"@type\":\"SearchAction\",\"target\":{\"@type\":\"EntryPoint\",\"urlTemplate\":\"https:\\\/\\\/www.tribur.de\\\/blog\\\/?s={search_term_string}\"},\"query-input\":{\"@type\":\"PropertyValueSpecification\",\"valueRequired\":true,\"valueName\":\"search_term_string\"}}],\"inLanguage\":\"de\"},{\"@type\":[\"Person\",\"Organization\"],\"@id\":\"https:\\\/\\\/www.tribur.de\\\/blog\\\/#\\\/schema\\\/person\\\/3119997f09f43791809c2d1af27bba6c\",\"name\":\"Markus Zwittmeier\",\"image\":{\"@type\":\"ImageObject\",\"inLanguage\":\"de\",\"@id\":\"https:\\\/\\\/i0.wp.com\\\/www.tribur.de\\\/blog\\\/wp-content\\\/uploads\\\/2018\\\/09\\\/cropped-logotest-4.jpg?fit=200%2C200&ssl=1\",\"url\":\"https:\\\/\\\/i0.wp.com\\\/www.tribur.de\\\/blog\\\/wp-content\\\/uploads\\\/2018\\\/09\\\/cropped-logotest-4.jpg?fit=200%2C200&ssl=1\",\"contentUrl\":\"https:\\\/\\\/i0.wp.com\\\/www.tribur.de\\\/blog\\\/wp-content\\\/uploads\\\/2018\\\/09\\\/cropped-logotest-4.jpg?fit=200%2C200&ssl=1\",\"width\":200,\"height\":200,\"caption\":\"Markus Zwittmeier\"},\"logo\":{\"@id\":\"https:\\\/\\\/i0.wp.com\\\/www.tribur.de\\\/blog\\\/wp-content\\\/uploads\\\/2018\\\/09\\\/cropped-logotest-4.jpg?fit=200%2C200&ssl=1\"},\"sameAs\":[\"http:\\\/\\\/www.Tribur.de\",\"http:\\\/\\\/www.facebook.com\\\/pages\\\/Triburde\\\/184352328288771\",\"https:\\\/\\\/www.instagram.com\\\/tribur.de\\\/\",\"https:\\\/\\\/x.com\\\/https:\\\/\\\/twitter.com\\\/tribur\",\"https:\\\/\\\/www.youtube.com\\\/channel\\\/UCnEonou-x6_P4XPjBk2htCA\"],\"url\":\"https:\\\/\\\/www.tribur.de\\\/blog\\\/author\\\/markus\\\/\"}]}<\/script>\n<!-- \/ Yoast SEO plugin. -->","yoast_head_json":{"title":"Zu den M\u00fcnzenbergern - Tribur.de","robots":{"index":"index","follow":"follow","max-snippet":"max-snippet:-1","max-image-preview":"max-image-preview:large","max-video-preview":"max-video-preview:-1"},"canonical":"https:\/\/www.tribur.de\/blog\/2012\/03\/21\/zu-den-munzenbergern\/","og_locale":"de_DE","og_type":"article","og_title":"Zu den M\u00fcnzenbergern - Tribur.de","og_description":"Die M\u00fcnzenberger sind, oder vielmehr waren, ein Adelsgeschlecht das mich unglaublich interessiert. Leider sind die Informationen, die man zumindest im Netz findet nur sehr sehr mangelhaft. Ins Licht der Geschichte trat das Geschlecht, das&#46;&#46;&#46;","og_url":"https:\/\/www.tribur.de\/blog\/2012\/03\/21\/zu-den-munzenbergern\/","og_site_name":"Tribur.de","article_publisher":"http:\/\/www.facebook.com\/pages\/Triburde\/184352328288771","article_author":"http:\/\/www.facebook.com\/pages\/Triburde\/184352328288771","article_published_time":"2012-03-21T13:29:38+00:00","og_image":[{"width":200,"height":200,"url":"https:\/\/i0.wp.com\/www.tribur.de\/blog\/wp-content\/uploads\/2018\/09\/cropped-logotest-2.jpg?fit=200%2C200&ssl=1","type":"image\/jpeg"}],"author":"Markus Zwittmeier","twitter_card":"summary_large_image","twitter_creator":"@https:\/\/twitter.com\/tribur","twitter_site":"@tribur","twitter_misc":{"Verfasst von":"Markus Zwittmeier","Gesch\u00e4tzte Lesezeit":"2\u00a0Minuten"},"schema":{"@context":"https:\/\/schema.org","@graph":[{"@type":"Article","@id":"https:\/\/www.tribur.de\/blog\/2012\/03\/21\/zu-den-munzenbergern\/#article","isPartOf":{"@id":"https:\/\/www.tribur.de\/blog\/2012\/03\/21\/zu-den-munzenbergern\/"},"author":{"name":"Markus Zwittmeier","@id":"https:\/\/www.tribur.de\/blog\/#\/schema\/person\/3119997f09f43791809c2d1af27bba6c"},"headline":"Zu den M\u00fcnzenbergern","datePublished":"2012-03-21T13:29:38+00:00","mainEntityOfPage":{"@id":"https:\/\/www.tribur.de\/blog\/2012\/03\/21\/zu-den-munzenbergern\/"},"wordCount":372,"commentCount":0,"publisher":{"@id":"https:\/\/www.tribur.de\/blog\/#\/schema\/person\/3119997f09f43791809c2d1af27bba6c"},"keywords":["Hochmittelalter","Pfalz","Recherche","salisch","staufisch","Trebur\/Tribur"],"articleSection":["Geschichte"],"inLanguage":"de","potentialAction":[{"@type":"CommentAction","name":"Comment","target":["https:\/\/www.tribur.de\/blog\/2012\/03\/21\/zu-den-munzenbergern\/#respond"]}]},{"@type":"WebPage","@id":"https:\/\/www.tribur.de\/blog\/2012\/03\/21\/zu-den-munzenbergern\/","url":"https:\/\/www.tribur.de\/blog\/2012\/03\/21\/zu-den-munzenbergern\/","name":"Zu den M\u00fcnzenbergern - Tribur.de","isPartOf":{"@id":"https:\/\/www.tribur.de\/blog\/#website"},"datePublished":"2012-03-21T13:29:38+00:00","breadcrumb":{"@id":"https:\/\/www.tribur.de\/blog\/2012\/03\/21\/zu-den-munzenbergern\/#breadcrumb"},"inLanguage":"de","potentialAction":[{"@type":"ReadAction","target":["https:\/\/www.tribur.de\/blog\/2012\/03\/21\/zu-den-munzenbergern\/"]}]},{"@type":"BreadcrumbList","@id":"https:\/\/www.tribur.de\/blog\/2012\/03\/21\/zu-den-munzenbergern\/#breadcrumb","itemListElement":[{"@type":"ListItem","position":1,"name":"Home","item":"https:\/\/www.tribur.de\/blog\/"},{"@type":"ListItem","position":2,"name":"Zu den M\u00fcnzenbergern"}]},{"@type":"WebSite","@id":"https:\/\/www.tribur.de\/blog\/#website","url":"https:\/\/www.tribur.de\/blog\/","name":"Tribur.de","description":"Tribur.de - Geschichte und so Zeugs","publisher":{"@id":"https:\/\/www.tribur.de\/blog\/#\/schema\/person\/3119997f09f43791809c2d1af27bba6c"},"potentialAction":[{"@type":"SearchAction","target":{"@type":"EntryPoint","urlTemplate":"https:\/\/www.tribur.de\/blog\/?s={search_term_string}"},"query-input":{"@type":"PropertyValueSpecification","valueRequired":true,"valueName":"search_term_string"}}],"inLanguage":"de"},{"@type":["Person","Organization"],"@id":"https:\/\/www.tribur.de\/blog\/#\/schema\/person\/3119997f09f43791809c2d1af27bba6c","name":"Markus Zwittmeier","image":{"@type":"ImageObject","inLanguage":"de","@id":"https:\/\/i0.wp.com\/www.tribur.de\/blog\/wp-content\/uploads\/2018\/09\/cropped-logotest-4.jpg?fit=200%2C200&ssl=1","url":"https:\/\/i0.wp.com\/www.tribur.de\/blog\/wp-content\/uploads\/2018\/09\/cropped-logotest-4.jpg?fit=200%2C200&ssl=1","contentUrl":"https:\/\/i0.wp.com\/www.tribur.de\/blog\/wp-content\/uploads\/2018\/09\/cropped-logotest-4.jpg?fit=200%2C200&ssl=1","width":200,"height":200,"caption":"Markus Zwittmeier"},"logo":{"@id":"https:\/\/i0.wp.com\/www.tribur.de\/blog\/wp-content\/uploads\/2018\/09\/cropped-logotest-4.jpg?fit=200%2C200&ssl=1"},"sameAs":["http:\/\/www.Tribur.de","http:\/\/www.facebook.com\/pages\/Triburde\/184352328288771","https:\/\/www.instagram.com\/tribur.de\/","https:\/\/x.com\/https:\/\/twitter.com\/tribur","https:\/\/www.youtube.com\/channel\/UCnEonou-x6_P4XPjBk2htCA"],"url":"https:\/\/www.tribur.de\/blog\/author\/markus\/"}]}},"jetpack_publicize_connections":[],"jetpack_featured_media_url":"","jetpack_shortlink":"https:\/\/wp.me\/p1mHPu-57c","jetpack_sharing_enabled":true,"_links":{"self":[{"href":"https:\/\/www.tribur.de\/blog\/wp-json\/wp\/v2\/posts\/19666","targetHints":{"allow":["GET"]}}],"collection":[{"href":"https:\/\/www.tribur.de\/blog\/wp-json\/wp\/v2\/posts"}],"about":[{"href":"https:\/\/www.tribur.de\/blog\/wp-json\/wp\/v2\/types\/post"}],"author":[{"embeddable":true,"href":"https:\/\/www.tribur.de\/blog\/wp-json\/wp\/v2\/users\/2"}],"replies":[{"embeddable":true,"href":"https:\/\/www.tribur.de\/blog\/wp-json\/wp\/v2\/comments?post=19666"}],"version-history":[{"count":5,"href":"https:\/\/www.tribur.de\/blog\/wp-json\/wp\/v2\/posts\/19666\/revisions"}],"predecessor-version":[{"id":19675,"href":"https:\/\/www.tribur.de\/blog\/wp-json\/wp\/v2\/posts\/19666\/revisions\/19675"}],"wp:attachment":[{"href":"https:\/\/www.tribur.de\/blog\/wp-json\/wp\/v2\/media?parent=19666"}],"wp:term":[{"taxonomy":"category","embeddable":true,"href":"https:\/\/www.tribur.de\/blog\/wp-json\/wp\/v2\/categories?post=19666"},{"taxonomy":"post_tag","embeddable":true,"href":"https:\/\/www.tribur.de\/blog\/wp-json\/wp\/v2\/tags?post=19666"}],"curies":[{"name":"wp","href":"https:\/\/api.w.org\/{rel}","templated":true}]}}