{"id":19643,"date":"2012-03-21T11:24:16","date_gmt":"2012-03-21T10:24:16","guid":{"rendered":"http:\/\/www.tribur.de\/blog\/?p=19643"},"modified":"2012-03-21T11:24:16","modified_gmt":"2012-03-21T10:24:16","slug":"st-alban-und-munzenberg-auserhalb-des-fiskalbezirks","status":"publish","type":"post","link":"https:\/\/www.tribur.de\/blog\/2012\/03\/21\/st-alban-und-munzenberg-auserhalb-des-fiskalbezirks\/","title":{"rendered":"St, Alban und M\u00fcnzenberg au\u00dferhalb des Fiskalbezirks"},"content":{"rendered":"<p>F\u00fcr die Fortsetzung der gestrigen Suche nach Orten mit Besitungen St.Albans und der M\u00fcnzenberger habe ich mir \u00fcberlegt etwas erweiterte Informationen zu nutzen als nur das LAGIS. \u00a0Leider hat St.Alban bei weitem nicht so viele Urkunden hinterlassen, wie sie einst besa\u00dfen, was daran liegt, dass ein gro\u00dfer Teil 1793 bei der Belagerung von Mainz verbrannte. Nur ein kleiner Teil war nach Aschaffenburg in die Sommerresidenz gebracht worden. Heute befinden sich die Urkunden in W\u00fcrzburg. Unter diesen Urkunden befindet sich eine Best\u00e4tigung der aller G\u00fcter durch Papst Lucius III. von 1184. \u00a0Da \u00a0diese Urkunde zu einer Zeit entstand als Trebur noch nicht verpf\u00e4ndet war, ist das das Beste was ich bekommen kann. (Als PDF finden sich<a href=\"http:\/\/www.gda.bayern.de\/findmittel\/pdf\/stawu_sti-alban-u_001_2008.pdf\" target=\"_blank\"> hier<\/a> die Urkunden, respektive das Findbuch)<\/p>\n<p>Die Urkunden geben ein etwas erweitertes und ver\u00e4ndertes Bild zu gestern. So hat St. Alban zus\u00e4tzlich rechts des Rheins Besitzungen in Astheim,Leeheim und \u00a0Stockstadt. R\u00fcsselsheim ist mit Seilfurt, einer heutigen W\u00fcstung, vertreten (Auf der Karte habe ich einfachheitshalber R\u00fcsselsheim markiert gelassen. M\u00f6rfelden wird erst in einer Urkunde von 1419 erw\u00e4hnt, der Grund muss St. Alban aber bereits fr\u00fcher geh\u00f6rt haben, weshalb ich es drin lasse.<\/p>\n<p>Langen habe ich als Besitzung der M\u00fcnzenberger wieder entfernt. Der Grund ist das diese es erst als Lehen von Mainz erhielten nachdem Langen im 13. Jahrhundert von Lorsch an Mainz ging, daf\u00fcr habe ich aber die Burg Hayn (Dreieichenhain) als Stammsitz der M\u00fcnzenberger (ehemals &#8222;von Hagen&#8220;) hinzugef\u00fcgt.<\/p>\n<p><iframe loading=\"lazy\" width=\"500\" height=\"350\" frameborder=\"0\" scrolling=\"no\" marginheight=\"0\" marginwidth=\"0\" src=\"http:\/\/maps.google.de\/maps\/ms?msa=0&amp;msid=215828472159606915777.0004bb9e836bf6fdcd0a9&amp;ie=UTF8&amp;t=h&amp;ll=49.961822,8.442307&amp;spn=0.154601,0.343323&amp;z=11&amp;output=embed\"><\/iframe><br \/><small><a href=\"http:\/\/maps.google.de\/maps\/ms?msa=0&amp;msid=215828472159606915777.0004bb9e836bf6fdcd0a9&amp;ie=UTF8&amp;t=h&amp;ll=49.961822,8.442307&amp;spn=0.154601,0.343323&amp;z=11&amp;source=embed\" style=\"color:#0000FF;text-align:left\">Alban M\u00fcnzenberger<\/a> auf einer gr\u00f6\u00dferen Karte anzeigen<\/small><br \/>\n&nbsp;<\/p>\n<p>Bauschheim &#8211;<br \/>\n133 Fillialkirche von Ginsheim . 1557 hat das Kloster Patershausen das Patronat. 1269 ist der Graf von Leiningen Lehnsherr<\/p>\n<p>Ginsheim &#8211; St.Stephan?<br \/>\nBis 1255 sind die M\u00fcnzenberger, danach die Falkensteiner Patronatsherren, 1248 wird der Ort, wie Trebur auch, an Dieter von Katzenelnbogen verpf\u00e4ndet. 1770 taucht auch St.Alban als Grundbesitzer auf, vorher jedoch nicht.<\/p>\n<p>Bischofsheim &#8211; \u00c4gidius<br \/>\nPatronat hat St. Viktor (Mainz) und Herren sind bis 1278 die von Hohenfels<\/p>\n<p>Raunheim &#8211; ?<br \/>\nEberhart von Hagen (Dreeichenhein, sp\u00e4ter M\u00fcnzenberg)ist dort beg\u00fctert<br \/>\nBis 1436 haben die Herren von Eppstein das Patronat in Raunheim<\/p>\n<p>Kelsterbach &#8211; St.Martin<br \/>\nDie Kirche geh\u00f6rte zu Frankfurt Schwanheim , Auch die M\u00fcnzenberger haben Besitzungen<\/p>\n<p>Geinsheim &#8211; St. Ulrich<br \/>\nPatronat Kloster Jakobsberg<\/p>\n<p>Wallerst\u00e4tten &#8211; Valentin und Ottilie<br \/>\nDie alte Kirche wird 1557 als kleine Kapelle bezeichnet, die zun\u00e4chst zu von Dornberg sp\u00e4ter zu Katzenelnbogen geh\u00f6rt<\/p>\n<p>Gro\u00df Gerau &#8211; Johannes \/ Nikolaus<br \/>\nEs werden eine Johannes und eine Nikolauskapelle erw\u00e4hnt, die zun\u00e4chst zu von Dornberg sp\u00e4ter zu Katzenellnbogen geh\u00f6rt<\/p>\n<p>Dornberg &#8211; Maria<br \/>\nDie Kirche St. Maria , gelegen vor dem Schlo\u00df geh\u00f6rte den Dornbergern, sp\u00e4ter Katzenelnbogen<\/p>\n","protected":false},"excerpt":{"rendered":"<p>F\u00fcr die Fortsetzung der gestrigen Suche nach Orten mit Besitungen St.Albans und der M\u00fcnzenberger habe ich mir \u00fcberlegt etwas erweiterte Informationen zu nutzen als nur das LAGIS. \u00a0Leider hat St.Alban bei weitem nicht so&#46;&#46;&#46;<\/p>\n","protected":false},"author":2,"featured_media":0,"comment_status":"open","ping_status":"open","sticky":false,"template":"","format":"standard","meta":{"jetpack_post_was_ever_published":false,"_jetpack_newsletter_access":"","_jetpack_dont_email_post_to_subs":false,"_jetpack_newsletter_tier_id":0,"_jetpack_memberships_contains_paywalled_content":false,"_jetpack_memberships_contains_paid_content":false,"footnotes":"","jetpack_publicize_message":"","jetpack_publicize_feature_enabled":true,"jetpack_social_post_already_shared":false,"jetpack_social_options":{"image_generator_settings":{"template":"highway","default_image_id":0,"font":"","enabled":false},"version":2}},"categories":[1],"tags":[],"class_list":["post-19643","post","type-post","status-publish","format-standard","hentry","category-geschichte"],"yoast_head":"<!-- This site is optimized with the Yoast SEO plugin v27.4 - https:\/\/yoast.com\/product\/yoast-seo-wordpress\/ -->\n<title>St, Alban und M\u00fcnzenberg au\u00dferhalb des Fiskalbezirks - Tribur.de<\/title>\n<meta name=\"robots\" content=\"index, follow, max-snippet:-1, max-image-preview:large, max-video-preview:-1\" \/>\n<link rel=\"canonical\" href=\"https:\/\/www.tribur.de\/blog\/2012\/03\/21\/st-alban-und-munzenberg-auserhalb-des-fiskalbezirks\/\" \/>\n<meta property=\"og:locale\" content=\"de_DE\" \/>\n<meta property=\"og:type\" content=\"article\" \/>\n<meta property=\"og:title\" content=\"St, Alban und M\u00fcnzenberg au\u00dferhalb des Fiskalbezirks - Tribur.de\" \/>\n<meta property=\"og:description\" content=\"F\u00fcr die Fortsetzung der gestrigen Suche nach Orten mit Besitungen St.Albans und der M\u00fcnzenberger habe ich mir \u00fcberlegt etwas erweiterte Informationen zu nutzen als nur das LAGIS. \u00a0Leider hat St.Alban bei weitem nicht so&#046;&#046;&#046;\" \/>\n<meta property=\"og:url\" content=\"https:\/\/www.tribur.de\/blog\/2012\/03\/21\/st-alban-und-munzenberg-auserhalb-des-fiskalbezirks\/\" \/>\n<meta property=\"og:site_name\" content=\"Tribur.de\" \/>\n<meta property=\"article:publisher\" content=\"http:\/\/www.facebook.com\/pages\/Triburde\/184352328288771\" \/>\n<meta property=\"article:author\" content=\"http:\/\/www.facebook.com\/pages\/Triburde\/184352328288771\" \/>\n<meta property=\"article:published_time\" content=\"2012-03-21T10:24:16+00:00\" \/>\n<meta property=\"og:image\" content=\"https:\/\/i0.wp.com\/www.tribur.de\/blog\/wp-content\/uploads\/2018\/09\/cropped-logotest-2.jpg?fit=200%2C200&ssl=1\" \/>\n\t<meta property=\"og:image:width\" content=\"200\" \/>\n\t<meta property=\"og:image:height\" content=\"200\" \/>\n\t<meta property=\"og:image:type\" content=\"image\/jpeg\" \/>\n<meta name=\"author\" content=\"Markus Zwittmeier\" \/>\n<meta name=\"twitter:card\" content=\"summary_large_image\" \/>\n<meta name=\"twitter:creator\" content=\"@https:\/\/twitter.com\/tribur\" \/>\n<meta name=\"twitter:site\" content=\"@tribur\" \/>\n<meta name=\"twitter:label1\" content=\"Verfasst von\" \/>\n\t<meta name=\"twitter:data1\" content=\"Markus Zwittmeier\" \/>\n\t<meta name=\"twitter:label2\" content=\"Gesch\u00e4tzte Lesezeit\" \/>\n\t<meta name=\"twitter:data2\" content=\"2\u00a0Minuten\" \/>\n<script type=\"application\/ld+json\" class=\"yoast-schema-graph\">{\"@context\":\"https:\\\/\\\/schema.org\",\"@graph\":[{\"@type\":\"Article\",\"@id\":\"https:\\\/\\\/www.tribur.de\\\/blog\\\/2012\\\/03\\\/21\\\/st-alban-und-munzenberg-auserhalb-des-fiskalbezirks\\\/#article\",\"isPartOf\":{\"@id\":\"https:\\\/\\\/www.tribur.de\\\/blog\\\/2012\\\/03\\\/21\\\/st-alban-und-munzenberg-auserhalb-des-fiskalbezirks\\\/\"},\"author\":{\"name\":\"Markus Zwittmeier\",\"@id\":\"https:\\\/\\\/www.tribur.de\\\/blog\\\/#\\\/schema\\\/person\\\/3119997f09f43791809c2d1af27bba6c\"},\"headline\":\"St, Alban und M\u00fcnzenberg au\u00dferhalb des Fiskalbezirks\",\"datePublished\":\"2012-03-21T10:24:16+00:00\",\"mainEntityOfPage\":{\"@id\":\"https:\\\/\\\/www.tribur.de\\\/blog\\\/2012\\\/03\\\/21\\\/st-alban-und-munzenberg-auserhalb-des-fiskalbezirks\\\/\"},\"wordCount\":457,\"commentCount\":0,\"publisher\":{\"@id\":\"https:\\\/\\\/www.tribur.de\\\/blog\\\/#\\\/schema\\\/person\\\/3119997f09f43791809c2d1af27bba6c\"},\"articleSection\":[\"Geschichte\"],\"inLanguage\":\"de\",\"potentialAction\":[{\"@type\":\"CommentAction\",\"name\":\"Comment\",\"target\":[\"https:\\\/\\\/www.tribur.de\\\/blog\\\/2012\\\/03\\\/21\\\/st-alban-und-munzenberg-auserhalb-des-fiskalbezirks\\\/#respond\"]}]},{\"@type\":\"WebPage\",\"@id\":\"https:\\\/\\\/www.tribur.de\\\/blog\\\/2012\\\/03\\\/21\\\/st-alban-und-munzenberg-auserhalb-des-fiskalbezirks\\\/\",\"url\":\"https:\\\/\\\/www.tribur.de\\\/blog\\\/2012\\\/03\\\/21\\\/st-alban-und-munzenberg-auserhalb-des-fiskalbezirks\\\/\",\"name\":\"St, Alban und M\u00fcnzenberg au\u00dferhalb des Fiskalbezirks - Tribur.de\",\"isPartOf\":{\"@id\":\"https:\\\/\\\/www.tribur.de\\\/blog\\\/#website\"},\"datePublished\":\"2012-03-21T10:24:16+00:00\",\"breadcrumb\":{\"@id\":\"https:\\\/\\\/www.tribur.de\\\/blog\\\/2012\\\/03\\\/21\\\/st-alban-und-munzenberg-auserhalb-des-fiskalbezirks\\\/#breadcrumb\"},\"inLanguage\":\"de\",\"potentialAction\":[{\"@type\":\"ReadAction\",\"target\":[\"https:\\\/\\\/www.tribur.de\\\/blog\\\/2012\\\/03\\\/21\\\/st-alban-und-munzenberg-auserhalb-des-fiskalbezirks\\\/\"]}]},{\"@type\":\"BreadcrumbList\",\"@id\":\"https:\\\/\\\/www.tribur.de\\\/blog\\\/2012\\\/03\\\/21\\\/st-alban-und-munzenberg-auserhalb-des-fiskalbezirks\\\/#breadcrumb\",\"itemListElement\":[{\"@type\":\"ListItem\",\"position\":1,\"name\":\"Home\",\"item\":\"https:\\\/\\\/www.tribur.de\\\/blog\\\/\"},{\"@type\":\"ListItem\",\"position\":2,\"name\":\"St, Alban und M\u00fcnzenberg au\u00dferhalb des Fiskalbezirks\"}]},{\"@type\":\"WebSite\",\"@id\":\"https:\\\/\\\/www.tribur.de\\\/blog\\\/#website\",\"url\":\"https:\\\/\\\/www.tribur.de\\\/blog\\\/\",\"name\":\"Tribur.de\",\"description\":\"Tribur.de - Geschichte und so Zeugs\",\"publisher\":{\"@id\":\"https:\\\/\\\/www.tribur.de\\\/blog\\\/#\\\/schema\\\/person\\\/3119997f09f43791809c2d1af27bba6c\"},\"potentialAction\":[{\"@type\":\"SearchAction\",\"target\":{\"@type\":\"EntryPoint\",\"urlTemplate\":\"https:\\\/\\\/www.tribur.de\\\/blog\\\/?s={search_term_string}\"},\"query-input\":{\"@type\":\"PropertyValueSpecification\",\"valueRequired\":true,\"valueName\":\"search_term_string\"}}],\"inLanguage\":\"de\"},{\"@type\":[\"Person\",\"Organization\"],\"@id\":\"https:\\\/\\\/www.tribur.de\\\/blog\\\/#\\\/schema\\\/person\\\/3119997f09f43791809c2d1af27bba6c\",\"name\":\"Markus Zwittmeier\",\"image\":{\"@type\":\"ImageObject\",\"inLanguage\":\"de\",\"@id\":\"https:\\\/\\\/i0.wp.com\\\/www.tribur.de\\\/blog\\\/wp-content\\\/uploads\\\/2018\\\/09\\\/cropped-logotest-4.jpg?fit=200%2C200&ssl=1\",\"url\":\"https:\\\/\\\/i0.wp.com\\\/www.tribur.de\\\/blog\\\/wp-content\\\/uploads\\\/2018\\\/09\\\/cropped-logotest-4.jpg?fit=200%2C200&ssl=1\",\"contentUrl\":\"https:\\\/\\\/i0.wp.com\\\/www.tribur.de\\\/blog\\\/wp-content\\\/uploads\\\/2018\\\/09\\\/cropped-logotest-4.jpg?fit=200%2C200&ssl=1\",\"width\":200,\"height\":200,\"caption\":\"Markus Zwittmeier\"},\"logo\":{\"@id\":\"https:\\\/\\\/i0.wp.com\\\/www.tribur.de\\\/blog\\\/wp-content\\\/uploads\\\/2018\\\/09\\\/cropped-logotest-4.jpg?fit=200%2C200&ssl=1\"},\"sameAs\":[\"http:\\\/\\\/www.Tribur.de\",\"http:\\\/\\\/www.facebook.com\\\/pages\\\/Triburde\\\/184352328288771\",\"https:\\\/\\\/www.instagram.com\\\/tribur.de\\\/\",\"https:\\\/\\\/x.com\\\/https:\\\/\\\/twitter.com\\\/tribur\",\"https:\\\/\\\/www.youtube.com\\\/channel\\\/UCnEonou-x6_P4XPjBk2htCA\"],\"url\":\"https:\\\/\\\/www.tribur.de\\\/blog\\\/author\\\/markus\\\/\"}]}<\/script>\n<!-- \/ Yoast SEO plugin. -->","yoast_head_json":{"title":"St, Alban und M\u00fcnzenberg au\u00dferhalb des Fiskalbezirks - Tribur.de","robots":{"index":"index","follow":"follow","max-snippet":"max-snippet:-1","max-image-preview":"max-image-preview:large","max-video-preview":"max-video-preview:-1"},"canonical":"https:\/\/www.tribur.de\/blog\/2012\/03\/21\/st-alban-und-munzenberg-auserhalb-des-fiskalbezirks\/","og_locale":"de_DE","og_type":"article","og_title":"St, Alban und M\u00fcnzenberg au\u00dferhalb des Fiskalbezirks - Tribur.de","og_description":"F\u00fcr die Fortsetzung der gestrigen Suche nach Orten mit Besitungen St.Albans und der M\u00fcnzenberger habe ich mir \u00fcberlegt etwas erweiterte Informationen zu nutzen als nur das LAGIS. \u00a0Leider hat St.Alban bei weitem nicht so&#46;&#46;&#46;","og_url":"https:\/\/www.tribur.de\/blog\/2012\/03\/21\/st-alban-und-munzenberg-auserhalb-des-fiskalbezirks\/","og_site_name":"Tribur.de","article_publisher":"http:\/\/www.facebook.com\/pages\/Triburde\/184352328288771","article_author":"http:\/\/www.facebook.com\/pages\/Triburde\/184352328288771","article_published_time":"2012-03-21T10:24:16+00:00","og_image":[{"width":200,"height":200,"url":"https:\/\/i0.wp.com\/www.tribur.de\/blog\/wp-content\/uploads\/2018\/09\/cropped-logotest-2.jpg?fit=200%2C200&ssl=1","type":"image\/jpeg"}],"author":"Markus Zwittmeier","twitter_card":"summary_large_image","twitter_creator":"@https:\/\/twitter.com\/tribur","twitter_site":"@tribur","twitter_misc":{"Verfasst von":"Markus Zwittmeier","Gesch\u00e4tzte Lesezeit":"2\u00a0Minuten"},"schema":{"@context":"https:\/\/schema.org","@graph":[{"@type":"Article","@id":"https:\/\/www.tribur.de\/blog\/2012\/03\/21\/st-alban-und-munzenberg-auserhalb-des-fiskalbezirks\/#article","isPartOf":{"@id":"https:\/\/www.tribur.de\/blog\/2012\/03\/21\/st-alban-und-munzenberg-auserhalb-des-fiskalbezirks\/"},"author":{"name":"Markus Zwittmeier","@id":"https:\/\/www.tribur.de\/blog\/#\/schema\/person\/3119997f09f43791809c2d1af27bba6c"},"headline":"St, Alban und M\u00fcnzenberg au\u00dferhalb des Fiskalbezirks","datePublished":"2012-03-21T10:24:16+00:00","mainEntityOfPage":{"@id":"https:\/\/www.tribur.de\/blog\/2012\/03\/21\/st-alban-und-munzenberg-auserhalb-des-fiskalbezirks\/"},"wordCount":457,"commentCount":0,"publisher":{"@id":"https:\/\/www.tribur.de\/blog\/#\/schema\/person\/3119997f09f43791809c2d1af27bba6c"},"articleSection":["Geschichte"],"inLanguage":"de","potentialAction":[{"@type":"CommentAction","name":"Comment","target":["https:\/\/www.tribur.de\/blog\/2012\/03\/21\/st-alban-und-munzenberg-auserhalb-des-fiskalbezirks\/#respond"]}]},{"@type":"WebPage","@id":"https:\/\/www.tribur.de\/blog\/2012\/03\/21\/st-alban-und-munzenberg-auserhalb-des-fiskalbezirks\/","url":"https:\/\/www.tribur.de\/blog\/2012\/03\/21\/st-alban-und-munzenberg-auserhalb-des-fiskalbezirks\/","name":"St, Alban und M\u00fcnzenberg au\u00dferhalb des Fiskalbezirks - Tribur.de","isPartOf":{"@id":"https:\/\/www.tribur.de\/blog\/#website"},"datePublished":"2012-03-21T10:24:16+00:00","breadcrumb":{"@id":"https:\/\/www.tribur.de\/blog\/2012\/03\/21\/st-alban-und-munzenberg-auserhalb-des-fiskalbezirks\/#breadcrumb"},"inLanguage":"de","potentialAction":[{"@type":"ReadAction","target":["https:\/\/www.tribur.de\/blog\/2012\/03\/21\/st-alban-und-munzenberg-auserhalb-des-fiskalbezirks\/"]}]},{"@type":"BreadcrumbList","@id":"https:\/\/www.tribur.de\/blog\/2012\/03\/21\/st-alban-und-munzenberg-auserhalb-des-fiskalbezirks\/#breadcrumb","itemListElement":[{"@type":"ListItem","position":1,"name":"Home","item":"https:\/\/www.tribur.de\/blog\/"},{"@type":"ListItem","position":2,"name":"St, Alban und M\u00fcnzenberg au\u00dferhalb des Fiskalbezirks"}]},{"@type":"WebSite","@id":"https:\/\/www.tribur.de\/blog\/#website","url":"https:\/\/www.tribur.de\/blog\/","name":"Tribur.de","description":"Tribur.de - Geschichte und so Zeugs","publisher":{"@id":"https:\/\/www.tribur.de\/blog\/#\/schema\/person\/3119997f09f43791809c2d1af27bba6c"},"potentialAction":[{"@type":"SearchAction","target":{"@type":"EntryPoint","urlTemplate":"https:\/\/www.tribur.de\/blog\/?s={search_term_string}"},"query-input":{"@type":"PropertyValueSpecification","valueRequired":true,"valueName":"search_term_string"}}],"inLanguage":"de"},{"@type":["Person","Organization"],"@id":"https:\/\/www.tribur.de\/blog\/#\/schema\/person\/3119997f09f43791809c2d1af27bba6c","name":"Markus Zwittmeier","image":{"@type":"ImageObject","inLanguage":"de","@id":"https:\/\/i0.wp.com\/www.tribur.de\/blog\/wp-content\/uploads\/2018\/09\/cropped-logotest-4.jpg?fit=200%2C200&ssl=1","url":"https:\/\/i0.wp.com\/www.tribur.de\/blog\/wp-content\/uploads\/2018\/09\/cropped-logotest-4.jpg?fit=200%2C200&ssl=1","contentUrl":"https:\/\/i0.wp.com\/www.tribur.de\/blog\/wp-content\/uploads\/2018\/09\/cropped-logotest-4.jpg?fit=200%2C200&ssl=1","width":200,"height":200,"caption":"Markus Zwittmeier"},"logo":{"@id":"https:\/\/i0.wp.com\/www.tribur.de\/blog\/wp-content\/uploads\/2018\/09\/cropped-logotest-4.jpg?fit=200%2C200&ssl=1"},"sameAs":["http:\/\/www.Tribur.de","http:\/\/www.facebook.com\/pages\/Triburde\/184352328288771","https:\/\/www.instagram.com\/tribur.de\/","https:\/\/x.com\/https:\/\/twitter.com\/tribur","https:\/\/www.youtube.com\/channel\/UCnEonou-x6_P4XPjBk2htCA"],"url":"https:\/\/www.tribur.de\/blog\/author\/markus\/"}]}},"jetpack_publicize_connections":[],"jetpack_featured_media_url":"","jetpack_shortlink":"https:\/\/wp.me\/p1mHPu-56P","jetpack_sharing_enabled":true,"_links":{"self":[{"href":"https:\/\/www.tribur.de\/blog\/wp-json\/wp\/v2\/posts\/19643","targetHints":{"allow":["GET"]}}],"collection":[{"href":"https:\/\/www.tribur.de\/blog\/wp-json\/wp\/v2\/posts"}],"about":[{"href":"https:\/\/www.tribur.de\/blog\/wp-json\/wp\/v2\/types\/post"}],"author":[{"embeddable":true,"href":"https:\/\/www.tribur.de\/blog\/wp-json\/wp\/v2\/users\/2"}],"replies":[{"embeddable":true,"href":"https:\/\/www.tribur.de\/blog\/wp-json\/wp\/v2\/comments?post=19643"}],"version-history":[{"count":11,"href":"https:\/\/www.tribur.de\/blog\/wp-json\/wp\/v2\/posts\/19643\/revisions"}],"predecessor-version":[{"id":19674,"href":"https:\/\/www.tribur.de\/blog\/wp-json\/wp\/v2\/posts\/19643\/revisions\/19674"}],"wp:attachment":[{"href":"https:\/\/www.tribur.de\/blog\/wp-json\/wp\/v2\/media?parent=19643"}],"wp:term":[{"taxonomy":"category","embeddable":true,"href":"https:\/\/www.tribur.de\/blog\/wp-json\/wp\/v2\/categories?post=19643"},{"taxonomy":"post_tag","embeddable":true,"href":"https:\/\/www.tribur.de\/blog\/wp-json\/wp\/v2\/tags?post=19643"}],"curies":[{"name":"wp","href":"https:\/\/api.w.org\/{rel}","templated":true}]}}