{"id":19549,"date":"2012-03-08T19:39:20","date_gmt":"2012-03-08T18:39:20","guid":{"rendered":"http:\/\/www.tribur.de\/blog\/?p=19549"},"modified":"2012-03-08T19:39:20","modified_gmt":"2012-03-08T18:39:20","slug":"archaonews-08-03-2012-gruner-hof-romische-siedlungsreste-und-eine-archaologin","status":"publish","type":"post","link":"https:\/\/www.tribur.de\/blog\/2012\/03\/08\/archaonews-08-03-2012-gruner-hof-romische-siedlungsreste-und-eine-archaologin\/","title":{"rendered":"Arch\u00e4onews 08.03.2012 Gr\u00fcner Hof, r\u00f6mische Siedlungsreste und eine Arch\u00e4ologin"},"content":{"rendered":"<ul>\n<li>\u00dcber den Gr\u00fcnen Hof in Ulm und die Ulmer Pfalz schreibt die<a href=\"http:\/\/www.swp.de\/ulm\/lokales\/ulm_neu_ulm\/Ein-Jahrtausend-Gruener-Hof;art4329,1368759\" target=\"_blank\"> s\u00fcdwest presse<\/a><\/li>\n<li>Zu den Grabungen am Heiligenberg schreibt dieses mal der <a href=\"http:\/\/www.weser-kurier.de\/Artikel\/Region\/REGIONALE-RUNDSCHAU\/546769\/Wie-geht-es-am-Heiligenberg-weiter%3F.html\" target=\"_blank\">Weser Kurier<\/a><\/li>\n<li>R\u00f6mische Siedlungsreste in Bitburg sind Thema f\u00fcr den <a href=\"http:\/\/www.volksfreund.de\/nachrichten\/region\/bitburg\/aktuell\/Heute-in-der-Bitburger-Zeitung-Reise-in-die-Roemerzeit-Bitburg-vor-2000-Jahren;art752,3085750\" target=\"_blank\">volksfreund<\/a><\/li>\n<li><a href=\"http:\/\/www.nwzonline.de\/Region\/Kreis\/Oldenburg\/Ganderkesee\/Artikel\/2819996\/Dunkle-Flecken-im-Boden-weisen-auf-Gruben-hin.html\" target=\"_blank\">nwz online <\/a>begleitet (mit Video) eine Arch\u00e4ologin in Ganderkesee<\/li>\n<\/ul>\n","protected":false},"excerpt":{"rendered":"<p>\u00dcber den Gr\u00fcnen Hof in Ulm und die Ulmer Pfalz schreibt die s\u00fcdwest presse Zu den Grabungen am Heiligenberg schreibt dieses mal der Weser Kurier R\u00f6mische Siedlungsreste in Bitburg sind Thema f\u00fcr den volksfreund&#46;&#46;&#46;<\/p>\n","protected":false},"author":2,"featured_media":0,"comment_status":"open","ping_status":"open","sticky":false,"template":"","format":"standard","meta":{"jetpack_post_was_ever_published":false,"_jetpack_newsletter_access":"","_jetpack_dont_email_post_to_subs":false,"_jetpack_newsletter_tier_id":0,"_jetpack_memberships_contains_paywalled_content":false,"_jetpack_memberships_contains_paid_content":false,"footnotes":"","jetpack_publicize_message":"","jetpack_publicize_feature_enabled":true,"jetpack_social_post_already_shared":false,"jetpack_social_options":{"image_generator_settings":{"template":"highway","default_image_id":0,"font":"","enabled":false},"version":2}},"categories":[1,56],"tags":[],"class_list":["post-19549","post","type-post","status-publish","format-standard","hentry","category-geschichte","category-links"],"yoast_head":"<!-- This site is optimized with the Yoast SEO plugin v27.5 - https:\/\/yoast.com\/product\/yoast-seo-wordpress\/ -->\n<title>Arch\u00e4onews 08.03.2012 Gr\u00fcner Hof, r\u00f6mische Siedlungsreste und eine Arch\u00e4ologin - Tribur.de<\/title>\n<meta name=\"robots\" content=\"index, follow, max-snippet:-1, max-image-preview:large, max-video-preview:-1\" \/>\n<link rel=\"canonical\" href=\"https:\/\/www.tribur.de\/blog\/2012\/03\/08\/archaonews-08-03-2012-gruner-hof-romische-siedlungsreste-und-eine-archaologin\/\" \/>\n<meta property=\"og:locale\" content=\"de_DE\" \/>\n<meta property=\"og:type\" content=\"article\" \/>\n<meta property=\"og:title\" content=\"Arch\u00e4onews 08.03.2012 Gr\u00fcner Hof, r\u00f6mische Siedlungsreste und eine Arch\u00e4ologin - Tribur.de\" \/>\n<meta property=\"og:description\" content=\"\u00dcber den Gr\u00fcnen Hof in Ulm und die Ulmer Pfalz schreibt die s\u00fcdwest presse Zu den Grabungen am Heiligenberg schreibt dieses mal der Weser Kurier R\u00f6mische Siedlungsreste in Bitburg sind Thema f\u00fcr den volksfreund&#046;&#046;&#046;\" \/>\n<meta property=\"og:url\" content=\"https:\/\/www.tribur.de\/blog\/2012\/03\/08\/archaonews-08-03-2012-gruner-hof-romische-siedlungsreste-und-eine-archaologin\/\" \/>\n<meta property=\"og:site_name\" content=\"Tribur.de\" \/>\n<meta property=\"article:publisher\" content=\"http:\/\/www.facebook.com\/pages\/Triburde\/184352328288771\" \/>\n<meta property=\"article:author\" content=\"http:\/\/www.facebook.com\/pages\/Triburde\/184352328288771\" \/>\n<meta property=\"article:published_time\" content=\"2012-03-08T18:39:20+00:00\" \/>\n<meta property=\"og:image\" content=\"https:\/\/i0.wp.com\/www.tribur.de\/blog\/wp-content\/uploads\/2018\/09\/cropped-logotest-2.jpg?fit=200%2C200&ssl=1\" \/>\n\t<meta property=\"og:image:width\" content=\"200\" \/>\n\t<meta property=\"og:image:height\" content=\"200\" \/>\n\t<meta property=\"og:image:type\" content=\"image\/jpeg\" \/>\n<meta name=\"author\" content=\"Markus Zwittmeier\" \/>\n<meta name=\"twitter:card\" content=\"summary_large_image\" \/>\n<meta name=\"twitter:creator\" content=\"@https:\/\/twitter.com\/tribur\" \/>\n<meta name=\"twitter:site\" content=\"@tribur\" \/>\n<meta name=\"twitter:label1\" content=\"Verfasst von\" \/>\n\t<meta name=\"twitter:data1\" content=\"Markus Zwittmeier\" \/>\n<script type=\"application\/ld+json\" class=\"yoast-schema-graph\">{\"@context\":\"https:\\\/\\\/schema.org\",\"@graph\":[{\"@type\":\"Article\",\"@id\":\"https:\\\/\\\/www.tribur.de\\\/blog\\\/2012\\\/03\\\/08\\\/archaonews-08-03-2012-gruner-hof-romische-siedlungsreste-und-eine-archaologin\\\/#article\",\"isPartOf\":{\"@id\":\"https:\\\/\\\/www.tribur.de\\\/blog\\\/2012\\\/03\\\/08\\\/archaonews-08-03-2012-gruner-hof-romische-siedlungsreste-und-eine-archaologin\\\/\"},\"author\":{\"name\":\"Markus Zwittmeier\",\"@id\":\"https:\\\/\\\/www.tribur.de\\\/blog\\\/#\\\/schema\\\/person\\\/3119997f09f43791809c2d1af27bba6c\"},\"headline\":\"Arch\u00e4onews 08.03.2012 Gr\u00fcner Hof, r\u00f6mische Siedlungsreste und eine Arch\u00e4ologin\",\"datePublished\":\"2012-03-08T18:39:20+00:00\",\"mainEntityOfPage\":{\"@id\":\"https:\\\/\\\/www.tribur.de\\\/blog\\\/2012\\\/03\\\/08\\\/archaonews-08-03-2012-gruner-hof-romische-siedlungsreste-und-eine-archaologin\\\/\"},\"wordCount\":60,\"commentCount\":0,\"publisher\":{\"@id\":\"https:\\\/\\\/www.tribur.de\\\/blog\\\/#\\\/schema\\\/person\\\/3119997f09f43791809c2d1af27bba6c\"},\"articleSection\":[\"Geschichte\",\"Links\"],\"inLanguage\":\"de\",\"potentialAction\":[{\"@type\":\"CommentAction\",\"name\":\"Comment\",\"target\":[\"https:\\\/\\\/www.tribur.de\\\/blog\\\/2012\\\/03\\\/08\\\/archaonews-08-03-2012-gruner-hof-romische-siedlungsreste-und-eine-archaologin\\\/#respond\"]}]},{\"@type\":\"WebPage\",\"@id\":\"https:\\\/\\\/www.tribur.de\\\/blog\\\/2012\\\/03\\\/08\\\/archaonews-08-03-2012-gruner-hof-romische-siedlungsreste-und-eine-archaologin\\\/\",\"url\":\"https:\\\/\\\/www.tribur.de\\\/blog\\\/2012\\\/03\\\/08\\\/archaonews-08-03-2012-gruner-hof-romische-siedlungsreste-und-eine-archaologin\\\/\",\"name\":\"Arch\u00e4onews 08.03.2012 Gr\u00fcner Hof, r\u00f6mische Siedlungsreste und eine Arch\u00e4ologin - Tribur.de\",\"isPartOf\":{\"@id\":\"https:\\\/\\\/www.tribur.de\\\/blog\\\/#website\"},\"datePublished\":\"2012-03-08T18:39:20+00:00\",\"breadcrumb\":{\"@id\":\"https:\\\/\\\/www.tribur.de\\\/blog\\\/2012\\\/03\\\/08\\\/archaonews-08-03-2012-gruner-hof-romische-siedlungsreste-und-eine-archaologin\\\/#breadcrumb\"},\"inLanguage\":\"de\",\"potentialAction\":[{\"@type\":\"ReadAction\",\"target\":[\"https:\\\/\\\/www.tribur.de\\\/blog\\\/2012\\\/03\\\/08\\\/archaonews-08-03-2012-gruner-hof-romische-siedlungsreste-und-eine-archaologin\\\/\"]}]},{\"@type\":\"BreadcrumbList\",\"@id\":\"https:\\\/\\\/www.tribur.de\\\/blog\\\/2012\\\/03\\\/08\\\/archaonews-08-03-2012-gruner-hof-romische-siedlungsreste-und-eine-archaologin\\\/#breadcrumb\",\"itemListElement\":[{\"@type\":\"ListItem\",\"position\":1,\"name\":\"Home\",\"item\":\"https:\\\/\\\/www.tribur.de\\\/blog\\\/\"},{\"@type\":\"ListItem\",\"position\":2,\"name\":\"Arch\u00e4onews 08.03.2012 Gr\u00fcner Hof, r\u00f6mische Siedlungsreste und eine Arch\u00e4ologin\"}]},{\"@type\":\"WebSite\",\"@id\":\"https:\\\/\\\/www.tribur.de\\\/blog\\\/#website\",\"url\":\"https:\\\/\\\/www.tribur.de\\\/blog\\\/\",\"name\":\"Tribur.de\",\"description\":\"Tribur.de - Geschichte und so Zeugs\",\"publisher\":{\"@id\":\"https:\\\/\\\/www.tribur.de\\\/blog\\\/#\\\/schema\\\/person\\\/3119997f09f43791809c2d1af27bba6c\"},\"potentialAction\":[{\"@type\":\"SearchAction\",\"target\":{\"@type\":\"EntryPoint\",\"urlTemplate\":\"https:\\\/\\\/www.tribur.de\\\/blog\\\/?s={search_term_string}\"},\"query-input\":{\"@type\":\"PropertyValueSpecification\",\"valueRequired\":true,\"valueName\":\"search_term_string\"}}],\"inLanguage\":\"de\"},{\"@type\":[\"Person\",\"Organization\"],\"@id\":\"https:\\\/\\\/www.tribur.de\\\/blog\\\/#\\\/schema\\\/person\\\/3119997f09f43791809c2d1af27bba6c\",\"name\":\"Markus Zwittmeier\",\"image\":{\"@type\":\"ImageObject\",\"inLanguage\":\"de\",\"@id\":\"https:\\\/\\\/i0.wp.com\\\/www.tribur.de\\\/blog\\\/wp-content\\\/uploads\\\/2018\\\/09\\\/cropped-logotest-4.jpg?fit=200%2C200&ssl=1\",\"url\":\"https:\\\/\\\/i0.wp.com\\\/www.tribur.de\\\/blog\\\/wp-content\\\/uploads\\\/2018\\\/09\\\/cropped-logotest-4.jpg?fit=200%2C200&ssl=1\",\"contentUrl\":\"https:\\\/\\\/i0.wp.com\\\/www.tribur.de\\\/blog\\\/wp-content\\\/uploads\\\/2018\\\/09\\\/cropped-logotest-4.jpg?fit=200%2C200&ssl=1\",\"width\":200,\"height\":200,\"caption\":\"Markus Zwittmeier\"},\"logo\":{\"@id\":\"https:\\\/\\\/i0.wp.com\\\/www.tribur.de\\\/blog\\\/wp-content\\\/uploads\\\/2018\\\/09\\\/cropped-logotest-4.jpg?fit=200%2C200&ssl=1\"},\"sameAs\":[\"http:\\\/\\\/www.Tribur.de\",\"http:\\\/\\\/www.facebook.com\\\/pages\\\/Triburde\\\/184352328288771\",\"https:\\\/\\\/www.instagram.com\\\/tribur.de\\\/\",\"https:\\\/\\\/x.com\\\/https:\\\/\\\/twitter.com\\\/tribur\",\"https:\\\/\\\/www.youtube.com\\\/channel\\\/UCnEonou-x6_P4XPjBk2htCA\"],\"url\":\"https:\\\/\\\/www.tribur.de\\\/blog\\\/author\\\/markus\\\/\"}]}<\/script>\n<!-- \/ Yoast SEO plugin. -->","yoast_head_json":{"title":"Arch\u00e4onews 08.03.2012 Gr\u00fcner Hof, r\u00f6mische Siedlungsreste und eine Arch\u00e4ologin - Tribur.de","robots":{"index":"index","follow":"follow","max-snippet":"max-snippet:-1","max-image-preview":"max-image-preview:large","max-video-preview":"max-video-preview:-1"},"canonical":"https:\/\/www.tribur.de\/blog\/2012\/03\/08\/archaonews-08-03-2012-gruner-hof-romische-siedlungsreste-und-eine-archaologin\/","og_locale":"de_DE","og_type":"article","og_title":"Arch\u00e4onews 08.03.2012 Gr\u00fcner Hof, r\u00f6mische Siedlungsreste und eine Arch\u00e4ologin - Tribur.de","og_description":"\u00dcber den Gr\u00fcnen Hof in Ulm und die Ulmer Pfalz schreibt die s\u00fcdwest presse Zu den Grabungen am Heiligenberg schreibt dieses mal der Weser Kurier R\u00f6mische Siedlungsreste in Bitburg sind Thema f\u00fcr den volksfreund&#46;&#46;&#46;","og_url":"https:\/\/www.tribur.de\/blog\/2012\/03\/08\/archaonews-08-03-2012-gruner-hof-romische-siedlungsreste-und-eine-archaologin\/","og_site_name":"Tribur.de","article_publisher":"http:\/\/www.facebook.com\/pages\/Triburde\/184352328288771","article_author":"http:\/\/www.facebook.com\/pages\/Triburde\/184352328288771","article_published_time":"2012-03-08T18:39:20+00:00","og_image":[{"width":200,"height":200,"url":"https:\/\/i0.wp.com\/www.tribur.de\/blog\/wp-content\/uploads\/2018\/09\/cropped-logotest-2.jpg?fit=200%2C200&ssl=1","type":"image\/jpeg"}],"author":"Markus Zwittmeier","twitter_card":"summary_large_image","twitter_creator":"@https:\/\/twitter.com\/tribur","twitter_site":"@tribur","twitter_misc":{"Verfasst von":"Markus Zwittmeier"},"schema":{"@context":"https:\/\/schema.org","@graph":[{"@type":"Article","@id":"https:\/\/www.tribur.de\/blog\/2012\/03\/08\/archaonews-08-03-2012-gruner-hof-romische-siedlungsreste-und-eine-archaologin\/#article","isPartOf":{"@id":"https:\/\/www.tribur.de\/blog\/2012\/03\/08\/archaonews-08-03-2012-gruner-hof-romische-siedlungsreste-und-eine-archaologin\/"},"author":{"name":"Markus Zwittmeier","@id":"https:\/\/www.tribur.de\/blog\/#\/schema\/person\/3119997f09f43791809c2d1af27bba6c"},"headline":"Arch\u00e4onews 08.03.2012 Gr\u00fcner Hof, r\u00f6mische Siedlungsreste und eine Arch\u00e4ologin","datePublished":"2012-03-08T18:39:20+00:00","mainEntityOfPage":{"@id":"https:\/\/www.tribur.de\/blog\/2012\/03\/08\/archaonews-08-03-2012-gruner-hof-romische-siedlungsreste-und-eine-archaologin\/"},"wordCount":60,"commentCount":0,"publisher":{"@id":"https:\/\/www.tribur.de\/blog\/#\/schema\/person\/3119997f09f43791809c2d1af27bba6c"},"articleSection":["Geschichte","Links"],"inLanguage":"de","potentialAction":[{"@type":"CommentAction","name":"Comment","target":["https:\/\/www.tribur.de\/blog\/2012\/03\/08\/archaonews-08-03-2012-gruner-hof-romische-siedlungsreste-und-eine-archaologin\/#respond"]}]},{"@type":"WebPage","@id":"https:\/\/www.tribur.de\/blog\/2012\/03\/08\/archaonews-08-03-2012-gruner-hof-romische-siedlungsreste-und-eine-archaologin\/","url":"https:\/\/www.tribur.de\/blog\/2012\/03\/08\/archaonews-08-03-2012-gruner-hof-romische-siedlungsreste-und-eine-archaologin\/","name":"Arch\u00e4onews 08.03.2012 Gr\u00fcner Hof, r\u00f6mische Siedlungsreste und eine Arch\u00e4ologin - Tribur.de","isPartOf":{"@id":"https:\/\/www.tribur.de\/blog\/#website"},"datePublished":"2012-03-08T18:39:20+00:00","breadcrumb":{"@id":"https:\/\/www.tribur.de\/blog\/2012\/03\/08\/archaonews-08-03-2012-gruner-hof-romische-siedlungsreste-und-eine-archaologin\/#breadcrumb"},"inLanguage":"de","potentialAction":[{"@type":"ReadAction","target":["https:\/\/www.tribur.de\/blog\/2012\/03\/08\/archaonews-08-03-2012-gruner-hof-romische-siedlungsreste-und-eine-archaologin\/"]}]},{"@type":"BreadcrumbList","@id":"https:\/\/www.tribur.de\/blog\/2012\/03\/08\/archaonews-08-03-2012-gruner-hof-romische-siedlungsreste-und-eine-archaologin\/#breadcrumb","itemListElement":[{"@type":"ListItem","position":1,"name":"Home","item":"https:\/\/www.tribur.de\/blog\/"},{"@type":"ListItem","position":2,"name":"Arch\u00e4onews 08.03.2012 Gr\u00fcner Hof, r\u00f6mische Siedlungsreste und eine Arch\u00e4ologin"}]},{"@type":"WebSite","@id":"https:\/\/www.tribur.de\/blog\/#website","url":"https:\/\/www.tribur.de\/blog\/","name":"Tribur.de","description":"Tribur.de - Geschichte und so Zeugs","publisher":{"@id":"https:\/\/www.tribur.de\/blog\/#\/schema\/person\/3119997f09f43791809c2d1af27bba6c"},"potentialAction":[{"@type":"SearchAction","target":{"@type":"EntryPoint","urlTemplate":"https:\/\/www.tribur.de\/blog\/?s={search_term_string}"},"query-input":{"@type":"PropertyValueSpecification","valueRequired":true,"valueName":"search_term_string"}}],"inLanguage":"de"},{"@type":["Person","Organization"],"@id":"https:\/\/www.tribur.de\/blog\/#\/schema\/person\/3119997f09f43791809c2d1af27bba6c","name":"Markus Zwittmeier","image":{"@type":"ImageObject","inLanguage":"de","@id":"https:\/\/i0.wp.com\/www.tribur.de\/blog\/wp-content\/uploads\/2018\/09\/cropped-logotest-4.jpg?fit=200%2C200&ssl=1","url":"https:\/\/i0.wp.com\/www.tribur.de\/blog\/wp-content\/uploads\/2018\/09\/cropped-logotest-4.jpg?fit=200%2C200&ssl=1","contentUrl":"https:\/\/i0.wp.com\/www.tribur.de\/blog\/wp-content\/uploads\/2018\/09\/cropped-logotest-4.jpg?fit=200%2C200&ssl=1","width":200,"height":200,"caption":"Markus Zwittmeier"},"logo":{"@id":"https:\/\/i0.wp.com\/www.tribur.de\/blog\/wp-content\/uploads\/2018\/09\/cropped-logotest-4.jpg?fit=200%2C200&ssl=1"},"sameAs":["http:\/\/www.Tribur.de","http:\/\/www.facebook.com\/pages\/Triburde\/184352328288771","https:\/\/www.instagram.com\/tribur.de\/","https:\/\/x.com\/https:\/\/twitter.com\/tribur","https:\/\/www.youtube.com\/channel\/UCnEonou-x6_P4XPjBk2htCA"],"url":"https:\/\/www.tribur.de\/blog\/author\/markus\/"}]}},"jetpack_publicize_connections":[],"jetpack_featured_media_url":"","jetpack_shortlink":"https:\/\/wp.me\/p1mHPu-55j","jetpack_sharing_enabled":true,"_links":{"self":[{"href":"https:\/\/www.tribur.de\/blog\/wp-json\/wp\/v2\/posts\/19549","targetHints":{"allow":["GET"]}}],"collection":[{"href":"https:\/\/www.tribur.de\/blog\/wp-json\/wp\/v2\/posts"}],"about":[{"href":"https:\/\/www.tribur.de\/blog\/wp-json\/wp\/v2\/types\/post"}],"author":[{"embeddable":true,"href":"https:\/\/www.tribur.de\/blog\/wp-json\/wp\/v2\/users\/2"}],"replies":[{"embeddable":true,"href":"https:\/\/www.tribur.de\/blog\/wp-json\/wp\/v2\/comments?post=19549"}],"version-history":[{"count":2,"href":"https:\/\/www.tribur.de\/blog\/wp-json\/wp\/v2\/posts\/19549\/revisions"}],"predecessor-version":[{"id":19551,"href":"https:\/\/www.tribur.de\/blog\/wp-json\/wp\/v2\/posts\/19549\/revisions\/19551"}],"wp:attachment":[{"href":"https:\/\/www.tribur.de\/blog\/wp-json\/wp\/v2\/media?parent=19549"}],"wp:term":[{"taxonomy":"category","embeddable":true,"href":"https:\/\/www.tribur.de\/blog\/wp-json\/wp\/v2\/categories?post=19549"},{"taxonomy":"post_tag","embeddable":true,"href":"https:\/\/www.tribur.de\/blog\/wp-json\/wp\/v2\/tags?post=19549"}],"curies":[{"name":"wp","href":"https:\/\/api.w.org\/{rel}","templated":true}]}}