{"id":19306,"date":"2012-02-20T15:03:46","date_gmt":"2012-02-20T14:03:46","guid":{"rendered":"http:\/\/www.tribur.de\/blog\/?p=19306"},"modified":"2012-02-20T15:03:46","modified_gmt":"2012-02-20T14:03:46","slug":"zur-entdeckung-des-treburer-reihengraberfriedhofs","status":"publish","type":"post","link":"https:\/\/www.tribur.de\/blog\/2012\/02\/20\/zur-entdeckung-des-treburer-reihengraberfriedhofs\/","title":{"rendered":"Zur Entdeckung des Treburer Reihengr\u00e4berfriedhofs"},"content":{"rendered":"<p>K\u00fcrzlich lies ich mir die Geschichte \u00fcber die Entdeckung des Treburer Reihengr\u00e4berfriedhofes erz\u00e4hlen. Wenn es sich tats\u00e4chlich so zugetragen hat, wie mir berichtet wurde, dann war diese Situation symptomatisch f\u00fcr Trebur, w\u00e4re aber so bestimmt auch auf andere Orte anwendbar.<\/p>\n<p>Das es in Trebur einen Reihenfriedhof gegeben haben sollte war schon l\u00e4nger klar. In der Nauheimer Stra\u00dfe tauchten ja bei Bauarbeiten immer mal wieder Gr\u00e4ber aus dem 4.\/5. Jahrhundert auf und da es einen K\u00f6nigshof gab, war auch einem Reihengr\u00e4berfriedhof zu rechnen.<\/p>\n<p>Als mein bei Bauarbeiten am Platz um das alte Rathaus herum den Boden \u00f6ffnete, wurde viele Gr\u00e4ber gefunden, was aber die Bauarbeiter nicht sonderlich beeindruckte. \u00a0Der damalige Vorsitzende des Geschichtsvereins rief in allerh\u00f6chster Panik die Denkmalpflege auf den Plan. Die jedoch hatte selbst keine Zeit und Personal, also wie heute auch, und besann sich auf ihren Kontaktmann Eugen Schenkel. Schenkel war zwar Mitgr\u00fcnder des Geschichtsvereins, hatte sich aber zu dieser Zeit bereits mit ihm und seinem Vorsitzenden entfremdet. Um es mal vorsichtig auszudr\u00fccken, beide sind recht eigene\u00a0Charaktere.<\/p>\n<p>Zwei Tage sp\u00e4ter kam Schenkel nach Trebur und begutachtete die Baustelle. Mittlerweile hatte die Baustelle sich ein wenig bewegt und die etwa 3 Tage lang offen liegenden Gr\u00e4ber waren zum Selbstbedingungsladen f\u00fcr Schulkinder geworden die sich schon immer mal mit einem Totensch\u00e4del\u00a0profilieren\u00a0wollten. Auch einige Treburer sollen durchaus mal einen &#8222;Blumentopf&#8220; mitgenommen haben&#8230;<\/p>\n<p>Schenkels Einsch\u00e4tzung \u00a0soll dann in etwa besagt haben, dass alles zerst\u00f6rt sein sollte und eine Notgrabung nicht lohne. \u00a0Dennoch wurden im Anschlu\u00df noch einige Gr\u00e4ber gefunden und konnten notd\u00fcrftig gesichert werden.<\/p>\n","protected":false},"excerpt":{"rendered":"<p>K\u00fcrzlich lies ich mir die Geschichte \u00fcber die Entdeckung des Treburer Reihengr\u00e4berfriedhofes erz\u00e4hlen. Wenn es sich tats\u00e4chlich so zugetragen hat, wie mir berichtet wurde, dann war diese Situation symptomatisch f\u00fcr Trebur, w\u00e4re aber so&#46;&#46;&#46;<\/p>\n","protected":false},"author":2,"featured_media":0,"comment_status":"open","ping_status":"open","sticky":false,"template":"","format":"standard","meta":{"jetpack_post_was_ever_published":false,"_jetpack_newsletter_access":"","_jetpack_dont_email_post_to_subs":false,"_jetpack_newsletter_tier_id":0,"_jetpack_memberships_contains_paywalled_content":false,"_jetpack_memberships_contains_paid_content":false,"footnotes":"","jetpack_publicize_message":"","jetpack_publicize_feature_enabled":true,"jetpack_social_post_already_shared":false,"jetpack_social_options":{"image_generator_settings":{"template":"highway","default_image_id":0,"font":"","enabled":false},"version":2}},"categories":[1],"tags":[54,11,35,16],"class_list":["post-19306","post","type-post","status-publish","format-standard","hentry","category-geschichte","tag-archaologie","tag-fruhmittelalter","tag-pfalz","tag-trebur"],"yoast_head":"<!-- This site is optimized with the Yoast SEO plugin v27.5 - https:\/\/yoast.com\/product\/yoast-seo-wordpress\/ -->\n<title>Zur Entdeckung des Treburer Reihengr\u00e4berfriedhofs - Tribur.de<\/title>\n<meta name=\"robots\" content=\"index, follow, max-snippet:-1, max-image-preview:large, max-video-preview:-1\" \/>\n<link rel=\"canonical\" href=\"https:\/\/www.tribur.de\/blog\/2012\/02\/20\/zur-entdeckung-des-treburer-reihengraberfriedhofs\/\" \/>\n<meta property=\"og:locale\" content=\"de_DE\" \/>\n<meta property=\"og:type\" content=\"article\" \/>\n<meta property=\"og:title\" content=\"Zur Entdeckung des Treburer Reihengr\u00e4berfriedhofs - Tribur.de\" \/>\n<meta property=\"og:description\" content=\"K\u00fcrzlich lies ich mir die Geschichte \u00fcber die Entdeckung des Treburer Reihengr\u00e4berfriedhofes erz\u00e4hlen. Wenn es sich tats\u00e4chlich so zugetragen hat, wie mir berichtet wurde, dann war diese Situation symptomatisch f\u00fcr Trebur, w\u00e4re aber so&#046;&#046;&#046;\" \/>\n<meta property=\"og:url\" content=\"https:\/\/www.tribur.de\/blog\/2012\/02\/20\/zur-entdeckung-des-treburer-reihengraberfriedhofs\/\" \/>\n<meta property=\"og:site_name\" content=\"Tribur.de\" \/>\n<meta property=\"article:publisher\" content=\"http:\/\/www.facebook.com\/pages\/Triburde\/184352328288771\" \/>\n<meta property=\"article:author\" content=\"http:\/\/www.facebook.com\/pages\/Triburde\/184352328288771\" \/>\n<meta property=\"article:published_time\" content=\"2012-02-20T14:03:46+00:00\" \/>\n<meta property=\"og:image\" content=\"https:\/\/i0.wp.com\/www.tribur.de\/blog\/wp-content\/uploads\/2018\/09\/cropped-logotest-2.jpg?fit=200%2C200&ssl=1\" \/>\n\t<meta property=\"og:image:width\" content=\"200\" \/>\n\t<meta property=\"og:image:height\" content=\"200\" \/>\n\t<meta property=\"og:image:type\" content=\"image\/jpeg\" \/>\n<meta name=\"author\" content=\"Markus Zwittmeier\" \/>\n<meta name=\"twitter:card\" content=\"summary_large_image\" \/>\n<meta name=\"twitter:creator\" content=\"@https:\/\/twitter.com\/tribur\" \/>\n<meta name=\"twitter:site\" content=\"@tribur\" \/>\n<meta name=\"twitter:label1\" content=\"Verfasst von\" \/>\n\t<meta name=\"twitter:data1\" content=\"Markus Zwittmeier\" \/>\n\t<meta name=\"twitter:label2\" content=\"Gesch\u00e4tzte Lesezeit\" \/>\n\t<meta name=\"twitter:data2\" content=\"1\u00a0Minute\" \/>\n<script type=\"application\/ld+json\" class=\"yoast-schema-graph\">{\"@context\":\"https:\\\/\\\/schema.org\",\"@graph\":[{\"@type\":\"Article\",\"@id\":\"https:\\\/\\\/www.tribur.de\\\/blog\\\/2012\\\/02\\\/20\\\/zur-entdeckung-des-treburer-reihengraberfriedhofs\\\/#article\",\"isPartOf\":{\"@id\":\"https:\\\/\\\/www.tribur.de\\\/blog\\\/2012\\\/02\\\/20\\\/zur-entdeckung-des-treburer-reihengraberfriedhofs\\\/\"},\"author\":{\"name\":\"Markus Zwittmeier\",\"@id\":\"https:\\\/\\\/www.tribur.de\\\/blog\\\/#\\\/schema\\\/person\\\/3119997f09f43791809c2d1af27bba6c\"},\"headline\":\"Zur Entdeckung des Treburer Reihengr\u00e4berfriedhofs\",\"datePublished\":\"2012-02-20T14:03:46+00:00\",\"mainEntityOfPage\":{\"@id\":\"https:\\\/\\\/www.tribur.de\\\/blog\\\/2012\\\/02\\\/20\\\/zur-entdeckung-des-treburer-reihengraberfriedhofs\\\/\"},\"wordCount\":282,\"commentCount\":3,\"publisher\":{\"@id\":\"https:\\\/\\\/www.tribur.de\\\/blog\\\/#\\\/schema\\\/person\\\/3119997f09f43791809c2d1af27bba6c\"},\"keywords\":[\"Arch\u00e4ologie\",\"Fr\u00fchmittelalter\",\"Pfalz\",\"Trebur\\\/Tribur\"],\"articleSection\":[\"Geschichte\"],\"inLanguage\":\"de\",\"potentialAction\":[{\"@type\":\"CommentAction\",\"name\":\"Comment\",\"target\":[\"https:\\\/\\\/www.tribur.de\\\/blog\\\/2012\\\/02\\\/20\\\/zur-entdeckung-des-treburer-reihengraberfriedhofs\\\/#respond\"]}]},{\"@type\":\"WebPage\",\"@id\":\"https:\\\/\\\/www.tribur.de\\\/blog\\\/2012\\\/02\\\/20\\\/zur-entdeckung-des-treburer-reihengraberfriedhofs\\\/\",\"url\":\"https:\\\/\\\/www.tribur.de\\\/blog\\\/2012\\\/02\\\/20\\\/zur-entdeckung-des-treburer-reihengraberfriedhofs\\\/\",\"name\":\"Zur Entdeckung des Treburer Reihengr\u00e4berfriedhofs - Tribur.de\",\"isPartOf\":{\"@id\":\"https:\\\/\\\/www.tribur.de\\\/blog\\\/#website\"},\"datePublished\":\"2012-02-20T14:03:46+00:00\",\"breadcrumb\":{\"@id\":\"https:\\\/\\\/www.tribur.de\\\/blog\\\/2012\\\/02\\\/20\\\/zur-entdeckung-des-treburer-reihengraberfriedhofs\\\/#breadcrumb\"},\"inLanguage\":\"de\",\"potentialAction\":[{\"@type\":\"ReadAction\",\"target\":[\"https:\\\/\\\/www.tribur.de\\\/blog\\\/2012\\\/02\\\/20\\\/zur-entdeckung-des-treburer-reihengraberfriedhofs\\\/\"]}]},{\"@type\":\"BreadcrumbList\",\"@id\":\"https:\\\/\\\/www.tribur.de\\\/blog\\\/2012\\\/02\\\/20\\\/zur-entdeckung-des-treburer-reihengraberfriedhofs\\\/#breadcrumb\",\"itemListElement\":[{\"@type\":\"ListItem\",\"position\":1,\"name\":\"Home\",\"item\":\"https:\\\/\\\/www.tribur.de\\\/blog\\\/\"},{\"@type\":\"ListItem\",\"position\":2,\"name\":\"Zur Entdeckung des Treburer Reihengr\u00e4berfriedhofs\"}]},{\"@type\":\"WebSite\",\"@id\":\"https:\\\/\\\/www.tribur.de\\\/blog\\\/#website\",\"url\":\"https:\\\/\\\/www.tribur.de\\\/blog\\\/\",\"name\":\"Tribur.de\",\"description\":\"Tribur.de - Geschichte und so Zeugs\",\"publisher\":{\"@id\":\"https:\\\/\\\/www.tribur.de\\\/blog\\\/#\\\/schema\\\/person\\\/3119997f09f43791809c2d1af27bba6c\"},\"potentialAction\":[{\"@type\":\"SearchAction\",\"target\":{\"@type\":\"EntryPoint\",\"urlTemplate\":\"https:\\\/\\\/www.tribur.de\\\/blog\\\/?s={search_term_string}\"},\"query-input\":{\"@type\":\"PropertyValueSpecification\",\"valueRequired\":true,\"valueName\":\"search_term_string\"}}],\"inLanguage\":\"de\"},{\"@type\":[\"Person\",\"Organization\"],\"@id\":\"https:\\\/\\\/www.tribur.de\\\/blog\\\/#\\\/schema\\\/person\\\/3119997f09f43791809c2d1af27bba6c\",\"name\":\"Markus Zwittmeier\",\"image\":{\"@type\":\"ImageObject\",\"inLanguage\":\"de\",\"@id\":\"https:\\\/\\\/i0.wp.com\\\/www.tribur.de\\\/blog\\\/wp-content\\\/uploads\\\/2018\\\/09\\\/cropped-logotest-4.jpg?fit=200%2C200&ssl=1\",\"url\":\"https:\\\/\\\/i0.wp.com\\\/www.tribur.de\\\/blog\\\/wp-content\\\/uploads\\\/2018\\\/09\\\/cropped-logotest-4.jpg?fit=200%2C200&ssl=1\",\"contentUrl\":\"https:\\\/\\\/i0.wp.com\\\/www.tribur.de\\\/blog\\\/wp-content\\\/uploads\\\/2018\\\/09\\\/cropped-logotest-4.jpg?fit=200%2C200&ssl=1\",\"width\":200,\"height\":200,\"caption\":\"Markus Zwittmeier\"},\"logo\":{\"@id\":\"https:\\\/\\\/i0.wp.com\\\/www.tribur.de\\\/blog\\\/wp-content\\\/uploads\\\/2018\\\/09\\\/cropped-logotest-4.jpg?fit=200%2C200&ssl=1\"},\"sameAs\":[\"http:\\\/\\\/www.Tribur.de\",\"http:\\\/\\\/www.facebook.com\\\/pages\\\/Triburde\\\/184352328288771\",\"https:\\\/\\\/www.instagram.com\\\/tribur.de\\\/\",\"https:\\\/\\\/x.com\\\/https:\\\/\\\/twitter.com\\\/tribur\",\"https:\\\/\\\/www.youtube.com\\\/channel\\\/UCnEonou-x6_P4XPjBk2htCA\"],\"url\":\"https:\\\/\\\/www.tribur.de\\\/blog\\\/author\\\/markus\\\/\"}]}<\/script>\n<!-- \/ Yoast SEO plugin. -->","yoast_head_json":{"title":"Zur Entdeckung des Treburer Reihengr\u00e4berfriedhofs - Tribur.de","robots":{"index":"index","follow":"follow","max-snippet":"max-snippet:-1","max-image-preview":"max-image-preview:large","max-video-preview":"max-video-preview:-1"},"canonical":"https:\/\/www.tribur.de\/blog\/2012\/02\/20\/zur-entdeckung-des-treburer-reihengraberfriedhofs\/","og_locale":"de_DE","og_type":"article","og_title":"Zur Entdeckung des Treburer Reihengr\u00e4berfriedhofs - Tribur.de","og_description":"K\u00fcrzlich lies ich mir die Geschichte \u00fcber die Entdeckung des Treburer Reihengr\u00e4berfriedhofes erz\u00e4hlen. Wenn es sich tats\u00e4chlich so zugetragen hat, wie mir berichtet wurde, dann war diese Situation symptomatisch f\u00fcr Trebur, w\u00e4re aber so&#46;&#46;&#46;","og_url":"https:\/\/www.tribur.de\/blog\/2012\/02\/20\/zur-entdeckung-des-treburer-reihengraberfriedhofs\/","og_site_name":"Tribur.de","article_publisher":"http:\/\/www.facebook.com\/pages\/Triburde\/184352328288771","article_author":"http:\/\/www.facebook.com\/pages\/Triburde\/184352328288771","article_published_time":"2012-02-20T14:03:46+00:00","og_image":[{"width":200,"height":200,"url":"https:\/\/i0.wp.com\/www.tribur.de\/blog\/wp-content\/uploads\/2018\/09\/cropped-logotest-2.jpg?fit=200%2C200&ssl=1","type":"image\/jpeg"}],"author":"Markus Zwittmeier","twitter_card":"summary_large_image","twitter_creator":"@https:\/\/twitter.com\/tribur","twitter_site":"@tribur","twitter_misc":{"Verfasst von":"Markus Zwittmeier","Gesch\u00e4tzte Lesezeit":"1\u00a0Minute"},"schema":{"@context":"https:\/\/schema.org","@graph":[{"@type":"Article","@id":"https:\/\/www.tribur.de\/blog\/2012\/02\/20\/zur-entdeckung-des-treburer-reihengraberfriedhofs\/#article","isPartOf":{"@id":"https:\/\/www.tribur.de\/blog\/2012\/02\/20\/zur-entdeckung-des-treburer-reihengraberfriedhofs\/"},"author":{"name":"Markus Zwittmeier","@id":"https:\/\/www.tribur.de\/blog\/#\/schema\/person\/3119997f09f43791809c2d1af27bba6c"},"headline":"Zur Entdeckung des Treburer Reihengr\u00e4berfriedhofs","datePublished":"2012-02-20T14:03:46+00:00","mainEntityOfPage":{"@id":"https:\/\/www.tribur.de\/blog\/2012\/02\/20\/zur-entdeckung-des-treburer-reihengraberfriedhofs\/"},"wordCount":282,"commentCount":3,"publisher":{"@id":"https:\/\/www.tribur.de\/blog\/#\/schema\/person\/3119997f09f43791809c2d1af27bba6c"},"keywords":["Arch\u00e4ologie","Fr\u00fchmittelalter","Pfalz","Trebur\/Tribur"],"articleSection":["Geschichte"],"inLanguage":"de","potentialAction":[{"@type":"CommentAction","name":"Comment","target":["https:\/\/www.tribur.de\/blog\/2012\/02\/20\/zur-entdeckung-des-treburer-reihengraberfriedhofs\/#respond"]}]},{"@type":"WebPage","@id":"https:\/\/www.tribur.de\/blog\/2012\/02\/20\/zur-entdeckung-des-treburer-reihengraberfriedhofs\/","url":"https:\/\/www.tribur.de\/blog\/2012\/02\/20\/zur-entdeckung-des-treburer-reihengraberfriedhofs\/","name":"Zur Entdeckung des Treburer Reihengr\u00e4berfriedhofs - Tribur.de","isPartOf":{"@id":"https:\/\/www.tribur.de\/blog\/#website"},"datePublished":"2012-02-20T14:03:46+00:00","breadcrumb":{"@id":"https:\/\/www.tribur.de\/blog\/2012\/02\/20\/zur-entdeckung-des-treburer-reihengraberfriedhofs\/#breadcrumb"},"inLanguage":"de","potentialAction":[{"@type":"ReadAction","target":["https:\/\/www.tribur.de\/blog\/2012\/02\/20\/zur-entdeckung-des-treburer-reihengraberfriedhofs\/"]}]},{"@type":"BreadcrumbList","@id":"https:\/\/www.tribur.de\/blog\/2012\/02\/20\/zur-entdeckung-des-treburer-reihengraberfriedhofs\/#breadcrumb","itemListElement":[{"@type":"ListItem","position":1,"name":"Home","item":"https:\/\/www.tribur.de\/blog\/"},{"@type":"ListItem","position":2,"name":"Zur Entdeckung des Treburer Reihengr\u00e4berfriedhofs"}]},{"@type":"WebSite","@id":"https:\/\/www.tribur.de\/blog\/#website","url":"https:\/\/www.tribur.de\/blog\/","name":"Tribur.de","description":"Tribur.de - Geschichte und so Zeugs","publisher":{"@id":"https:\/\/www.tribur.de\/blog\/#\/schema\/person\/3119997f09f43791809c2d1af27bba6c"},"potentialAction":[{"@type":"SearchAction","target":{"@type":"EntryPoint","urlTemplate":"https:\/\/www.tribur.de\/blog\/?s={search_term_string}"},"query-input":{"@type":"PropertyValueSpecification","valueRequired":true,"valueName":"search_term_string"}}],"inLanguage":"de"},{"@type":["Person","Organization"],"@id":"https:\/\/www.tribur.de\/blog\/#\/schema\/person\/3119997f09f43791809c2d1af27bba6c","name":"Markus Zwittmeier","image":{"@type":"ImageObject","inLanguage":"de","@id":"https:\/\/i0.wp.com\/www.tribur.de\/blog\/wp-content\/uploads\/2018\/09\/cropped-logotest-4.jpg?fit=200%2C200&ssl=1","url":"https:\/\/i0.wp.com\/www.tribur.de\/blog\/wp-content\/uploads\/2018\/09\/cropped-logotest-4.jpg?fit=200%2C200&ssl=1","contentUrl":"https:\/\/i0.wp.com\/www.tribur.de\/blog\/wp-content\/uploads\/2018\/09\/cropped-logotest-4.jpg?fit=200%2C200&ssl=1","width":200,"height":200,"caption":"Markus Zwittmeier"},"logo":{"@id":"https:\/\/i0.wp.com\/www.tribur.de\/blog\/wp-content\/uploads\/2018\/09\/cropped-logotest-4.jpg?fit=200%2C200&ssl=1"},"sameAs":["http:\/\/www.Tribur.de","http:\/\/www.facebook.com\/pages\/Triburde\/184352328288771","https:\/\/www.instagram.com\/tribur.de\/","https:\/\/x.com\/https:\/\/twitter.com\/tribur","https:\/\/www.youtube.com\/channel\/UCnEonou-x6_P4XPjBk2htCA"],"url":"https:\/\/www.tribur.de\/blog\/author\/markus\/"}]}},"jetpack_publicize_connections":[],"jetpack_featured_media_url":"","jetpack_shortlink":"https:\/\/wp.me\/p1mHPu-51o","jetpack_sharing_enabled":true,"_links":{"self":[{"href":"https:\/\/www.tribur.de\/blog\/wp-json\/wp\/v2\/posts\/19306","targetHints":{"allow":["GET"]}}],"collection":[{"href":"https:\/\/www.tribur.de\/blog\/wp-json\/wp\/v2\/posts"}],"about":[{"href":"https:\/\/www.tribur.de\/blog\/wp-json\/wp\/v2\/types\/post"}],"author":[{"embeddable":true,"href":"https:\/\/www.tribur.de\/blog\/wp-json\/wp\/v2\/users\/2"}],"replies":[{"embeddable":true,"href":"https:\/\/www.tribur.de\/blog\/wp-json\/wp\/v2\/comments?post=19306"}],"version-history":[{"count":5,"href":"https:\/\/www.tribur.de\/blog\/wp-json\/wp\/v2\/posts\/19306\/revisions"}],"predecessor-version":[{"id":19315,"href":"https:\/\/www.tribur.de\/blog\/wp-json\/wp\/v2\/posts\/19306\/revisions\/19315"}],"wp:attachment":[{"href":"https:\/\/www.tribur.de\/blog\/wp-json\/wp\/v2\/media?parent=19306"}],"wp:term":[{"taxonomy":"category","embeddable":true,"href":"https:\/\/www.tribur.de\/blog\/wp-json\/wp\/v2\/categories?post=19306"},{"taxonomy":"post_tag","embeddable":true,"href":"https:\/\/www.tribur.de\/blog\/wp-json\/wp\/v2\/tags?post=19306"}],"curies":[{"name":"wp","href":"https:\/\/api.w.org\/{rel}","templated":true}]}}