{"id":19178,"date":"2012-02-06T19:27:55","date_gmt":"2012-02-06T18:27:55","guid":{"rendered":"http:\/\/www.tribur.de\/blog\/?p=19178"},"modified":"2012-02-06T19:27:55","modified_gmt":"2012-02-06T18:27:55","slug":"archaonews-06-02-2012-pfahlbauer-kelten-und-wer-macht-geschichte","status":"publish","type":"post","link":"https:\/\/www.tribur.de\/blog\/2012\/02\/06\/archaonews-06-02-2012-pfahlbauer-kelten-und-wer-macht-geschichte\/","title":{"rendered":"Arch\u00e4onews 06.02.2012 Pfahlbauer, Kelten und wer macht Geschichte"},"content":{"rendered":"<ul>\n<li>\u00dcber den Campus Galli (karolingische Klosterstadt) schreibt das <a href=\"http:\/\/www.horizonte-aargau.ch\/upload\/20120131114854.pdf\" target=\"_blank\">Pfarrblatt Aargau<\/a> (PDF, S.15)<\/li>\n<li>\u00dcber den Vortrag der das Bopfinger Keltenjahr er\u00f6ffnet hat schreibt die <a href=\"http:\/\/www.schwaebische.de\/region\/ostalb\/bopfingen\/stadtnachrichten-bopfingen_artikel,-Kelten-hatten-keine-Angst-vor-dem-Tod-_arid,5203103.html\" target=\"_blank\">schw\u00e4bische<\/a><\/li>\n<li>Der <a href=\"http:\/\/www.suedkurier.de\/region\/kreis-konstanz\/oehningen\/Archaeologen-tauchen-ab;art372453,5357059\" target=\"_blank\">S\u00fcdkurier<\/a> schreibt \u00fcber die Erkundung von Pfahlbaurest bei \u00d6hningen<\/li>\n<li>Der<a href=\"http:\/\/www.suedkurier.de\/region\/schwarzwald-baar-heuberg\/schwarzwald-baar-kreis\/superspalte\/Kelten-Sonderschau-wird-verlaengert;art992189,5355399\" target=\"_blank\"> S\u00fcdkurier<\/a> weist auch darauf hin das die Keltenschau &#8222;Mit Hightech auf den Spuren der Kelten&#8220; verl\u00e4ngert wurde<\/li>\n<li>In Petershagen-Lade bringt der Bau einer Schule \u00a0den Arch\u00e4ologen die M\u00f6glichkeit in die Erde zu blicken, es schreibt das <a href=\"http:\/\/www.mt-online.de\/lokales\/petershagen\/5992407_Archaeologen_auf_Spurensuche_unter_neuer_Schule.html\" target=\"_blank\">Mindener Tageblatt<\/a><\/li>\n<li>Der<a href=\"http:\/\/idw-online.de\/pages\/de\/news462025\" target=\"_blank\"> idw<\/a> weist auf die Ausstellung &#8222;Wer macht Geschichte?&#8220; hin<\/li>\n<\/ul>\n","protected":false},"excerpt":{"rendered":"<p>\u00dcber den Campus Galli (karolingische Klosterstadt) schreibt das Pfarrblatt Aargau (PDF, S.15) \u00dcber den Vortrag der das Bopfinger Keltenjahr er\u00f6ffnet hat schreibt die schw\u00e4bische Der S\u00fcdkurier schreibt \u00fcber die Erkundung von Pfahlbaurest bei \u00d6hningen&#46;&#46;&#46;<\/p>\n","protected":false},"author":2,"featured_media":0,"comment_status":"open","ping_status":"open","sticky":false,"template":"","format":"standard","meta":{"jetpack_post_was_ever_published":false,"_jetpack_newsletter_access":"","_jetpack_dont_email_post_to_subs":false,"_jetpack_newsletter_tier_id":0,"_jetpack_memberships_contains_paywalled_content":false,"_jetpack_memberships_contains_paid_content":false,"footnotes":"","jetpack_publicize_message":"","jetpack_publicize_feature_enabled":true,"jetpack_social_post_already_shared":false,"jetpack_social_options":{"image_generator_settings":{"template":"highway","default_image_id":0,"font":"","enabled":false},"version":2}},"categories":[1,56],"tags":[],"class_list":["post-19178","post","type-post","status-publish","format-standard","hentry","category-geschichte","category-links"],"yoast_head":"<!-- This site is optimized with the Yoast SEO plugin v27.4 - https:\/\/yoast.com\/product\/yoast-seo-wordpress\/ -->\n<title>Arch\u00e4onews 06.02.2012 Pfahlbauer, Kelten und wer macht Geschichte - Tribur.de<\/title>\n<meta name=\"robots\" content=\"index, follow, max-snippet:-1, max-image-preview:large, max-video-preview:-1\" \/>\n<link rel=\"canonical\" href=\"https:\/\/www.tribur.de\/blog\/2012\/02\/06\/archaonews-06-02-2012-pfahlbauer-kelten-und-wer-macht-geschichte\/\" \/>\n<meta property=\"og:locale\" content=\"de_DE\" \/>\n<meta property=\"og:type\" content=\"article\" \/>\n<meta property=\"og:title\" content=\"Arch\u00e4onews 06.02.2012 Pfahlbauer, Kelten und wer macht Geschichte - Tribur.de\" \/>\n<meta property=\"og:description\" content=\"\u00dcber den Campus Galli (karolingische Klosterstadt) schreibt das Pfarrblatt Aargau (PDF, S.15) \u00dcber den Vortrag der das Bopfinger Keltenjahr er\u00f6ffnet hat schreibt die schw\u00e4bische Der S\u00fcdkurier schreibt \u00fcber die Erkundung von Pfahlbaurest bei \u00d6hningen&#046;&#046;&#046;\" \/>\n<meta property=\"og:url\" content=\"https:\/\/www.tribur.de\/blog\/2012\/02\/06\/archaonews-06-02-2012-pfahlbauer-kelten-und-wer-macht-geschichte\/\" \/>\n<meta property=\"og:site_name\" content=\"Tribur.de\" \/>\n<meta property=\"article:publisher\" content=\"http:\/\/www.facebook.com\/pages\/Triburde\/184352328288771\" \/>\n<meta property=\"article:author\" content=\"http:\/\/www.facebook.com\/pages\/Triburde\/184352328288771\" \/>\n<meta property=\"article:published_time\" content=\"2012-02-06T18:27:55+00:00\" \/>\n<meta property=\"og:image\" content=\"https:\/\/i0.wp.com\/www.tribur.de\/blog\/wp-content\/uploads\/2018\/09\/cropped-logotest-2.jpg?fit=200%2C200&ssl=1\" \/>\n\t<meta property=\"og:image:width\" content=\"200\" \/>\n\t<meta property=\"og:image:height\" content=\"200\" \/>\n\t<meta property=\"og:image:type\" content=\"image\/jpeg\" \/>\n<meta name=\"author\" content=\"Markus Zwittmeier\" \/>\n<meta name=\"twitter:card\" content=\"summary_large_image\" \/>\n<meta name=\"twitter:creator\" content=\"@https:\/\/twitter.com\/tribur\" \/>\n<meta name=\"twitter:site\" content=\"@tribur\" \/>\n<meta name=\"twitter:label1\" content=\"Verfasst von\" \/>\n\t<meta name=\"twitter:data1\" content=\"Markus Zwittmeier\" \/>\n<script type=\"application\/ld+json\" class=\"yoast-schema-graph\">{\"@context\":\"https:\\\/\\\/schema.org\",\"@graph\":[{\"@type\":\"Article\",\"@id\":\"https:\\\/\\\/www.tribur.de\\\/blog\\\/2012\\\/02\\\/06\\\/archaonews-06-02-2012-pfahlbauer-kelten-und-wer-macht-geschichte\\\/#article\",\"isPartOf\":{\"@id\":\"https:\\\/\\\/www.tribur.de\\\/blog\\\/2012\\\/02\\\/06\\\/archaonews-06-02-2012-pfahlbauer-kelten-und-wer-macht-geschichte\\\/\"},\"author\":{\"name\":\"Markus Zwittmeier\",\"@id\":\"https:\\\/\\\/www.tribur.de\\\/blog\\\/#\\\/schema\\\/person\\\/3119997f09f43791809c2d1af27bba6c\"},\"headline\":\"Arch\u00e4onews 06.02.2012 Pfahlbauer, Kelten und wer macht Geschichte\",\"datePublished\":\"2012-02-06T18:27:55+00:00\",\"mainEntityOfPage\":{\"@id\":\"https:\\\/\\\/www.tribur.de\\\/blog\\\/2012\\\/02\\\/06\\\/archaonews-06-02-2012-pfahlbauer-kelten-und-wer-macht-geschichte\\\/\"},\"wordCount\":98,\"commentCount\":0,\"publisher\":{\"@id\":\"https:\\\/\\\/www.tribur.de\\\/blog\\\/#\\\/schema\\\/person\\\/3119997f09f43791809c2d1af27bba6c\"},\"articleSection\":[\"Geschichte\",\"Links\"],\"inLanguage\":\"de\",\"potentialAction\":[{\"@type\":\"CommentAction\",\"name\":\"Comment\",\"target\":[\"https:\\\/\\\/www.tribur.de\\\/blog\\\/2012\\\/02\\\/06\\\/archaonews-06-02-2012-pfahlbauer-kelten-und-wer-macht-geschichte\\\/#respond\"]}]},{\"@type\":\"WebPage\",\"@id\":\"https:\\\/\\\/www.tribur.de\\\/blog\\\/2012\\\/02\\\/06\\\/archaonews-06-02-2012-pfahlbauer-kelten-und-wer-macht-geschichte\\\/\",\"url\":\"https:\\\/\\\/www.tribur.de\\\/blog\\\/2012\\\/02\\\/06\\\/archaonews-06-02-2012-pfahlbauer-kelten-und-wer-macht-geschichte\\\/\",\"name\":\"Arch\u00e4onews 06.02.2012 Pfahlbauer, Kelten und wer macht Geschichte - Tribur.de\",\"isPartOf\":{\"@id\":\"https:\\\/\\\/www.tribur.de\\\/blog\\\/#website\"},\"datePublished\":\"2012-02-06T18:27:55+00:00\",\"breadcrumb\":{\"@id\":\"https:\\\/\\\/www.tribur.de\\\/blog\\\/2012\\\/02\\\/06\\\/archaonews-06-02-2012-pfahlbauer-kelten-und-wer-macht-geschichte\\\/#breadcrumb\"},\"inLanguage\":\"de\",\"potentialAction\":[{\"@type\":\"ReadAction\",\"target\":[\"https:\\\/\\\/www.tribur.de\\\/blog\\\/2012\\\/02\\\/06\\\/archaonews-06-02-2012-pfahlbauer-kelten-und-wer-macht-geschichte\\\/\"]}]},{\"@type\":\"BreadcrumbList\",\"@id\":\"https:\\\/\\\/www.tribur.de\\\/blog\\\/2012\\\/02\\\/06\\\/archaonews-06-02-2012-pfahlbauer-kelten-und-wer-macht-geschichte\\\/#breadcrumb\",\"itemListElement\":[{\"@type\":\"ListItem\",\"position\":1,\"name\":\"Home\",\"item\":\"https:\\\/\\\/www.tribur.de\\\/blog\\\/\"},{\"@type\":\"ListItem\",\"position\":2,\"name\":\"Arch\u00e4onews 06.02.2012 Pfahlbauer, Kelten und wer macht Geschichte\"}]},{\"@type\":\"WebSite\",\"@id\":\"https:\\\/\\\/www.tribur.de\\\/blog\\\/#website\",\"url\":\"https:\\\/\\\/www.tribur.de\\\/blog\\\/\",\"name\":\"Tribur.de\",\"description\":\"Tribur.de - Geschichte und so Zeugs\",\"publisher\":{\"@id\":\"https:\\\/\\\/www.tribur.de\\\/blog\\\/#\\\/schema\\\/person\\\/3119997f09f43791809c2d1af27bba6c\"},\"potentialAction\":[{\"@type\":\"SearchAction\",\"target\":{\"@type\":\"EntryPoint\",\"urlTemplate\":\"https:\\\/\\\/www.tribur.de\\\/blog\\\/?s={search_term_string}\"},\"query-input\":{\"@type\":\"PropertyValueSpecification\",\"valueRequired\":true,\"valueName\":\"search_term_string\"}}],\"inLanguage\":\"de\"},{\"@type\":[\"Person\",\"Organization\"],\"@id\":\"https:\\\/\\\/www.tribur.de\\\/blog\\\/#\\\/schema\\\/person\\\/3119997f09f43791809c2d1af27bba6c\",\"name\":\"Markus Zwittmeier\",\"image\":{\"@type\":\"ImageObject\",\"inLanguage\":\"de\",\"@id\":\"https:\\\/\\\/i0.wp.com\\\/www.tribur.de\\\/blog\\\/wp-content\\\/uploads\\\/2018\\\/09\\\/cropped-logotest-4.jpg?fit=200%2C200&ssl=1\",\"url\":\"https:\\\/\\\/i0.wp.com\\\/www.tribur.de\\\/blog\\\/wp-content\\\/uploads\\\/2018\\\/09\\\/cropped-logotest-4.jpg?fit=200%2C200&ssl=1\",\"contentUrl\":\"https:\\\/\\\/i0.wp.com\\\/www.tribur.de\\\/blog\\\/wp-content\\\/uploads\\\/2018\\\/09\\\/cropped-logotest-4.jpg?fit=200%2C200&ssl=1\",\"width\":200,\"height\":200,\"caption\":\"Markus Zwittmeier\"},\"logo\":{\"@id\":\"https:\\\/\\\/i0.wp.com\\\/www.tribur.de\\\/blog\\\/wp-content\\\/uploads\\\/2018\\\/09\\\/cropped-logotest-4.jpg?fit=200%2C200&ssl=1\"},\"sameAs\":[\"http:\\\/\\\/www.Tribur.de\",\"http:\\\/\\\/www.facebook.com\\\/pages\\\/Triburde\\\/184352328288771\",\"https:\\\/\\\/www.instagram.com\\\/tribur.de\\\/\",\"https:\\\/\\\/x.com\\\/https:\\\/\\\/twitter.com\\\/tribur\",\"https:\\\/\\\/www.youtube.com\\\/channel\\\/UCnEonou-x6_P4XPjBk2htCA\"],\"url\":\"https:\\\/\\\/www.tribur.de\\\/blog\\\/author\\\/markus\\\/\"}]}<\/script>\n<!-- \/ Yoast SEO plugin. -->","yoast_head_json":{"title":"Arch\u00e4onews 06.02.2012 Pfahlbauer, Kelten und wer macht Geschichte - Tribur.de","robots":{"index":"index","follow":"follow","max-snippet":"max-snippet:-1","max-image-preview":"max-image-preview:large","max-video-preview":"max-video-preview:-1"},"canonical":"https:\/\/www.tribur.de\/blog\/2012\/02\/06\/archaonews-06-02-2012-pfahlbauer-kelten-und-wer-macht-geschichte\/","og_locale":"de_DE","og_type":"article","og_title":"Arch\u00e4onews 06.02.2012 Pfahlbauer, Kelten und wer macht Geschichte - Tribur.de","og_description":"\u00dcber den Campus Galli (karolingische Klosterstadt) schreibt das Pfarrblatt Aargau (PDF, S.15) \u00dcber den Vortrag der das Bopfinger Keltenjahr er\u00f6ffnet hat schreibt die schw\u00e4bische Der S\u00fcdkurier schreibt \u00fcber die Erkundung von Pfahlbaurest bei \u00d6hningen&#46;&#46;&#46;","og_url":"https:\/\/www.tribur.de\/blog\/2012\/02\/06\/archaonews-06-02-2012-pfahlbauer-kelten-und-wer-macht-geschichte\/","og_site_name":"Tribur.de","article_publisher":"http:\/\/www.facebook.com\/pages\/Triburde\/184352328288771","article_author":"http:\/\/www.facebook.com\/pages\/Triburde\/184352328288771","article_published_time":"2012-02-06T18:27:55+00:00","og_image":[{"width":200,"height":200,"url":"https:\/\/i0.wp.com\/www.tribur.de\/blog\/wp-content\/uploads\/2018\/09\/cropped-logotest-2.jpg?fit=200%2C200&ssl=1","type":"image\/jpeg"}],"author":"Markus Zwittmeier","twitter_card":"summary_large_image","twitter_creator":"@https:\/\/twitter.com\/tribur","twitter_site":"@tribur","twitter_misc":{"Verfasst von":"Markus Zwittmeier"},"schema":{"@context":"https:\/\/schema.org","@graph":[{"@type":"Article","@id":"https:\/\/www.tribur.de\/blog\/2012\/02\/06\/archaonews-06-02-2012-pfahlbauer-kelten-und-wer-macht-geschichte\/#article","isPartOf":{"@id":"https:\/\/www.tribur.de\/blog\/2012\/02\/06\/archaonews-06-02-2012-pfahlbauer-kelten-und-wer-macht-geschichte\/"},"author":{"name":"Markus Zwittmeier","@id":"https:\/\/www.tribur.de\/blog\/#\/schema\/person\/3119997f09f43791809c2d1af27bba6c"},"headline":"Arch\u00e4onews 06.02.2012 Pfahlbauer, Kelten und wer macht Geschichte","datePublished":"2012-02-06T18:27:55+00:00","mainEntityOfPage":{"@id":"https:\/\/www.tribur.de\/blog\/2012\/02\/06\/archaonews-06-02-2012-pfahlbauer-kelten-und-wer-macht-geschichte\/"},"wordCount":98,"commentCount":0,"publisher":{"@id":"https:\/\/www.tribur.de\/blog\/#\/schema\/person\/3119997f09f43791809c2d1af27bba6c"},"articleSection":["Geschichte","Links"],"inLanguage":"de","potentialAction":[{"@type":"CommentAction","name":"Comment","target":["https:\/\/www.tribur.de\/blog\/2012\/02\/06\/archaonews-06-02-2012-pfahlbauer-kelten-und-wer-macht-geschichte\/#respond"]}]},{"@type":"WebPage","@id":"https:\/\/www.tribur.de\/blog\/2012\/02\/06\/archaonews-06-02-2012-pfahlbauer-kelten-und-wer-macht-geschichte\/","url":"https:\/\/www.tribur.de\/blog\/2012\/02\/06\/archaonews-06-02-2012-pfahlbauer-kelten-und-wer-macht-geschichte\/","name":"Arch\u00e4onews 06.02.2012 Pfahlbauer, Kelten und wer macht Geschichte - Tribur.de","isPartOf":{"@id":"https:\/\/www.tribur.de\/blog\/#website"},"datePublished":"2012-02-06T18:27:55+00:00","breadcrumb":{"@id":"https:\/\/www.tribur.de\/blog\/2012\/02\/06\/archaonews-06-02-2012-pfahlbauer-kelten-und-wer-macht-geschichte\/#breadcrumb"},"inLanguage":"de","potentialAction":[{"@type":"ReadAction","target":["https:\/\/www.tribur.de\/blog\/2012\/02\/06\/archaonews-06-02-2012-pfahlbauer-kelten-und-wer-macht-geschichte\/"]}]},{"@type":"BreadcrumbList","@id":"https:\/\/www.tribur.de\/blog\/2012\/02\/06\/archaonews-06-02-2012-pfahlbauer-kelten-und-wer-macht-geschichte\/#breadcrumb","itemListElement":[{"@type":"ListItem","position":1,"name":"Home","item":"https:\/\/www.tribur.de\/blog\/"},{"@type":"ListItem","position":2,"name":"Arch\u00e4onews 06.02.2012 Pfahlbauer, Kelten und wer macht Geschichte"}]},{"@type":"WebSite","@id":"https:\/\/www.tribur.de\/blog\/#website","url":"https:\/\/www.tribur.de\/blog\/","name":"Tribur.de","description":"Tribur.de - Geschichte und so Zeugs","publisher":{"@id":"https:\/\/www.tribur.de\/blog\/#\/schema\/person\/3119997f09f43791809c2d1af27bba6c"},"potentialAction":[{"@type":"SearchAction","target":{"@type":"EntryPoint","urlTemplate":"https:\/\/www.tribur.de\/blog\/?s={search_term_string}"},"query-input":{"@type":"PropertyValueSpecification","valueRequired":true,"valueName":"search_term_string"}}],"inLanguage":"de"},{"@type":["Person","Organization"],"@id":"https:\/\/www.tribur.de\/blog\/#\/schema\/person\/3119997f09f43791809c2d1af27bba6c","name":"Markus Zwittmeier","image":{"@type":"ImageObject","inLanguage":"de","@id":"https:\/\/i0.wp.com\/www.tribur.de\/blog\/wp-content\/uploads\/2018\/09\/cropped-logotest-4.jpg?fit=200%2C200&ssl=1","url":"https:\/\/i0.wp.com\/www.tribur.de\/blog\/wp-content\/uploads\/2018\/09\/cropped-logotest-4.jpg?fit=200%2C200&ssl=1","contentUrl":"https:\/\/i0.wp.com\/www.tribur.de\/blog\/wp-content\/uploads\/2018\/09\/cropped-logotest-4.jpg?fit=200%2C200&ssl=1","width":200,"height":200,"caption":"Markus Zwittmeier"},"logo":{"@id":"https:\/\/i0.wp.com\/www.tribur.de\/blog\/wp-content\/uploads\/2018\/09\/cropped-logotest-4.jpg?fit=200%2C200&ssl=1"},"sameAs":["http:\/\/www.Tribur.de","http:\/\/www.facebook.com\/pages\/Triburde\/184352328288771","https:\/\/www.instagram.com\/tribur.de\/","https:\/\/x.com\/https:\/\/twitter.com\/tribur","https:\/\/www.youtube.com\/channel\/UCnEonou-x6_P4XPjBk2htCA"],"url":"https:\/\/www.tribur.de\/blog\/author\/markus\/"}]}},"jetpack_publicize_connections":[],"jetpack_featured_media_url":"","jetpack_shortlink":"https:\/\/wp.me\/p1mHPu-4Zk","jetpack_sharing_enabled":true,"_links":{"self":[{"href":"https:\/\/www.tribur.de\/blog\/wp-json\/wp\/v2\/posts\/19178","targetHints":{"allow":["GET"]}}],"collection":[{"href":"https:\/\/www.tribur.de\/blog\/wp-json\/wp\/v2\/posts"}],"about":[{"href":"https:\/\/www.tribur.de\/blog\/wp-json\/wp\/v2\/types\/post"}],"author":[{"embeddable":true,"href":"https:\/\/www.tribur.de\/blog\/wp-json\/wp\/v2\/users\/2"}],"replies":[{"embeddable":true,"href":"https:\/\/www.tribur.de\/blog\/wp-json\/wp\/v2\/comments?post=19178"}],"version-history":[{"count":3,"href":"https:\/\/www.tribur.de\/blog\/wp-json\/wp\/v2\/posts\/19178\/revisions"}],"predecessor-version":[{"id":19184,"href":"https:\/\/www.tribur.de\/blog\/wp-json\/wp\/v2\/posts\/19178\/revisions\/19184"}],"wp:attachment":[{"href":"https:\/\/www.tribur.de\/blog\/wp-json\/wp\/v2\/media?parent=19178"}],"wp:term":[{"taxonomy":"category","embeddable":true,"href":"https:\/\/www.tribur.de\/blog\/wp-json\/wp\/v2\/categories?post=19178"},{"taxonomy":"post_tag","embeddable":true,"href":"https:\/\/www.tribur.de\/blog\/wp-json\/wp\/v2\/tags?post=19178"}],"curies":[{"name":"wp","href":"https:\/\/api.w.org\/{rel}","templated":true}]}}