{"id":19158,"date":"2012-02-06T14:32:58","date_gmt":"2012-02-06T13:32:58","guid":{"rendered":"http:\/\/www.tribur.de\/blog\/?p=19158"},"modified":"2012-02-06T14:32:58","modified_gmt":"2012-02-06T13:32:58","slug":"besuch-im-landesmuseum-mainz-byzanz-ausstellung","status":"publish","type":"post","link":"https:\/\/www.tribur.de\/blog\/2012\/02\/06\/besuch-im-landesmuseum-mainz-byzanz-ausstellung\/","title":{"rendered":"Besuch im Landesmuseum Mainz &#8211; Byzanz-Ausstellung"},"content":{"rendered":"<p>Am Wochenende sind wir nach Mainz gefahren und um wenigstens vor Ende noch einmal die Ausstellung &#8222;Wege nach Byzanz&#8220; im Landesmuseum anzusehen.Da ich noch nie im Landesmuseum war, konnte ich den Besuch ausnutzen und mir noch ein paar andere Sachen ansehen, die ich mir schon immer einmal im Original ansehen wollte.<\/p>\n<p>In einer Seitenstra\u00dfe des Landesmuseums gibt es ein Parkhaus , das zwar nicht g\u00fcnstig ist, aber zumindes bietet es Parkpl\u00e4tze die sonst in Mainz eher rar sind. Der Eintritt kostet regul\u00e4r 6,00\u20ac, worin auch der Eintritt in die Sonderausstellungen &#8222;Wege nach Byzanz&#8220; und &#8222;Wasser im Spiegel der Kunst&#8220; enthalten waren. Fotografieren ist leider generell verboten. Man erh\u00e4lt beim Eintritt einen kleinen Blechanstecker um den Museumsmitarbeitern zu signalisieren, das man auch die Sonderausstellung besuchen darf.<\/p>\n<p>Aber nun nach Byzanz.<br \/>\nDie Ausstellung befindet sich in zwei nebeneinander liegenden schmalen R\u00e4umen, die dunkel beleuchtet sind. Die W\u00e4nde sind in den Farben Schwarz, Gold und Rot gehalten was das &#8222;Edle&#8220; Byzanz betont. Es wird ein Bogen vom Beginn Konstantinopels, Kaiser Konstantin, bis nach Ravenna gespannt hin zu den Kreuzz\u00fcgen, dem Ende des Byzantinischen Reiches, aber auch ein Blick auf Forschungsgeschichte zu Byzanz geworfen. Viele der Ausstellungst\u00fccke sind Replikate, die aber durch hauseigene Prunkst\u00fccke, die Gro\u00dfe Adlerfibel, der Helm des Herrn von Planig, erg\u00e4nzt werden.<br \/>\nBesonders gut gefiehl mir der Hinweis, das das r\u00f6mische Reich tats\u00e4chlich erst mit dem Ende des byzantinischen Reiches endetet. Eine Sache , die ganz gerne mal unter den Tisch fallen gelassen wird.<br \/>\nAuch der Helmfund aus der Maas des 11.\/12. Jh. war mal wieder zu sehen (Nasalhelm aus einem St\u00fcck mit \u00d6se an der Helmspitze)<\/p>\n<p>Im Anschluss gingen wir in den ersten Stock, wo sich die (fr\u00fch)mittelalterliche Sammlung befindet. Hier wird auch die karolingische Thronlehne pr\u00e4sentiert, die Jahrzehntelang unentdeckt im Archiv schlummerte. Neben ihr sind in repr\u00e4sentativer Weise Kapitelle aus Ingelheim aufgestellt, sowie daneben eine Rheie fr\u00fchmittelalterlicher Grabsteine.Die gegen\u00fcberliegenden Vitrinen mit zahlreichen Grabfunden zeugen vom Problem des Platzmangels, denn mehr Raum h\u00e4tte den einzelnen Objekten gut getan.<br \/>\nUnter den Zahlreichenfunden die hier pr\u00e4sentiert werden befinden sich auch die noch verbliebenen Teile der vielteiligen G\u00fcrtelgarnitur aus Trebur, die in natura wesentlich mehr her macht als auf einem Foto!<br \/>\nAn einer Vitrine an der Fensterwand findet sich hier auch die Spatha von Speyer und von Souffelweyersheim, beide Geibig Typ 4 und Vorbilder f\u00fcr meinen neuen Schwertgriff.<br \/>\nIn einem Raumteiler finden sich auch noch die Sch\u00e4tze rund um die Gro\u00dfe Adlerfibel. In einem weiteren kleinen Raum findet sich dann auch das rekonstruierte Begr\u00e4bnis des Herrn von Planig, wobei der Helm sich ja momentan in der Byzanzabteilung befindet.<\/p>\n<p>Der restliche Gro\u00dfteil des Museums besteht aus einer sehr guten Gem\u00e4ldesammlung vom Mittelalter bis in die Neuzeit, meist von lokalen K\u00fcnstlern. Skulpturen, darunter die Kurf\u00fcrsten die einst am &#8222;<a href=\"http:\/\/imgblog.fh-mainz.de\/?page_id=35\" target=\"_blank\">Kaufhaus am Brand<\/a>&#8220; (14. Jh.) angebracht waren, eine gro\u00dfe Sammlung an Judaica und in der Steinhalle wird r\u00f6mische Bauskulptur verwahrt.<\/p>\n<p>Besonders sch\u00f6n ist auch der Museumsshop, der zwar keine Repliken anbietet, aber daf\u00fcr eine ganze Reihe sch\u00f6ner Publikationen bietet. Nur zu gerne h\u00e4tte ich bei den Publikationen im Shop zugegriffen, doch leider hatte ich weder die 110,00\u20ac f\u00fcr Mechthild Schulze-D\u00f6rlamms &#8222;Byzantinische G\u00fcrtelschnallen und G\u00fcrtelbeschl\u00e4ge im R\u00f6misch-Germanischen Zentralmuseum&#8220; noch die 90,00\u20ac f\u00fcr &#8222;Spangenhelme Baldenheim und verwandte Typen&#8220; von Mahand Vogt.<\/p>\n","protected":false},"excerpt":{"rendered":"<p>Am Wochenende sind wir nach Mainz gefahren und um wenigstens vor Ende noch einmal die Ausstellung &#8222;Wege nach Byzanz&#8220; im Landesmuseum anzusehen.Da ich noch nie im Landesmuseum war, konnte ich den Besuch ausnutzen und&#46;&#46;&#46;<\/p>\n","protected":false},"author":2,"featured_media":0,"comment_status":"open","ping_status":"open","sticky":false,"template":"","format":"standard","meta":{"jetpack_post_was_ever_published":false,"_jetpack_newsletter_access":"","_jetpack_dont_email_post_to_subs":false,"_jetpack_newsletter_tier_id":0,"_jetpack_memberships_contains_paywalled_content":false,"_jetpack_memberships_contains_paid_content":false,"footnotes":"","jetpack_publicize_message":"","jetpack_publicize_feature_enabled":true,"jetpack_social_post_already_shared":false,"jetpack_social_options":{"image_generator_settings":{"template":"highway","default_image_id":0,"font":"","enabled":false},"version":2}},"categories":[1],"tags":[28,53],"class_list":["post-19158","post","type-post","status-publish","format-standard","hentry","category-geschichte","tag-ausstellung","tag-byzantinisch"],"yoast_head":"<!-- This site is optimized with the Yoast SEO plugin v27.4 - https:\/\/yoast.com\/product\/yoast-seo-wordpress\/ -->\n<title>Besuch im Landesmuseum Mainz - Byzanz-Ausstellung - Tribur.de<\/title>\n<meta name=\"robots\" content=\"index, follow, max-snippet:-1, max-image-preview:large, max-video-preview:-1\" \/>\n<link rel=\"canonical\" href=\"https:\/\/www.tribur.de\/blog\/2012\/02\/06\/besuch-im-landesmuseum-mainz-byzanz-ausstellung\/\" \/>\n<meta property=\"og:locale\" content=\"de_DE\" \/>\n<meta property=\"og:type\" content=\"article\" \/>\n<meta property=\"og:title\" content=\"Besuch im Landesmuseum Mainz - Byzanz-Ausstellung - Tribur.de\" \/>\n<meta property=\"og:description\" content=\"Am Wochenende sind wir nach Mainz gefahren und um wenigstens vor Ende noch einmal die Ausstellung &#8222;Wege nach Byzanz&#8220; im Landesmuseum anzusehen.Da ich noch nie im Landesmuseum war, konnte ich den Besuch ausnutzen und&#046;&#046;&#046;\" \/>\n<meta property=\"og:url\" content=\"https:\/\/www.tribur.de\/blog\/2012\/02\/06\/besuch-im-landesmuseum-mainz-byzanz-ausstellung\/\" \/>\n<meta property=\"og:site_name\" content=\"Tribur.de\" \/>\n<meta property=\"article:publisher\" content=\"http:\/\/www.facebook.com\/pages\/Triburde\/184352328288771\" \/>\n<meta property=\"article:author\" content=\"http:\/\/www.facebook.com\/pages\/Triburde\/184352328288771\" \/>\n<meta property=\"article:published_time\" content=\"2012-02-06T13:32:58+00:00\" \/>\n<meta property=\"og:image\" content=\"https:\/\/i0.wp.com\/www.tribur.de\/blog\/wp-content\/uploads\/2018\/09\/cropped-logotest-2.jpg?fit=200%2C200&ssl=1\" \/>\n\t<meta property=\"og:image:width\" content=\"200\" \/>\n\t<meta property=\"og:image:height\" content=\"200\" \/>\n\t<meta property=\"og:image:type\" content=\"image\/jpeg\" \/>\n<meta name=\"author\" content=\"Markus Zwittmeier\" \/>\n<meta name=\"twitter:card\" content=\"summary_large_image\" \/>\n<meta name=\"twitter:creator\" content=\"@https:\/\/twitter.com\/tribur\" \/>\n<meta name=\"twitter:site\" content=\"@tribur\" \/>\n<meta name=\"twitter:label1\" content=\"Verfasst von\" \/>\n\t<meta name=\"twitter:data1\" content=\"Markus Zwittmeier\" \/>\n\t<meta name=\"twitter:label2\" content=\"Gesch\u00e4tzte Lesezeit\" \/>\n\t<meta name=\"twitter:data2\" content=\"3\u00a0Minuten\" \/>\n<script type=\"application\/ld+json\" class=\"yoast-schema-graph\">{\"@context\":\"https:\\\/\\\/schema.org\",\"@graph\":[{\"@type\":\"Article\",\"@id\":\"https:\\\/\\\/www.tribur.de\\\/blog\\\/2012\\\/02\\\/06\\\/besuch-im-landesmuseum-mainz-byzanz-ausstellung\\\/#article\",\"isPartOf\":{\"@id\":\"https:\\\/\\\/www.tribur.de\\\/blog\\\/2012\\\/02\\\/06\\\/besuch-im-landesmuseum-mainz-byzanz-ausstellung\\\/\"},\"author\":{\"name\":\"Markus Zwittmeier\",\"@id\":\"https:\\\/\\\/www.tribur.de\\\/blog\\\/#\\\/schema\\\/person\\\/3119997f09f43791809c2d1af27bba6c\"},\"headline\":\"Besuch im Landesmuseum Mainz &#8211; Byzanz-Ausstellung\",\"datePublished\":\"2012-02-06T13:32:58+00:00\",\"mainEntityOfPage\":{\"@id\":\"https:\\\/\\\/www.tribur.de\\\/blog\\\/2012\\\/02\\\/06\\\/besuch-im-landesmuseum-mainz-byzanz-ausstellung\\\/\"},\"wordCount\":577,\"commentCount\":2,\"publisher\":{\"@id\":\"https:\\\/\\\/www.tribur.de\\\/blog\\\/#\\\/schema\\\/person\\\/3119997f09f43791809c2d1af27bba6c\"},\"keywords\":[\"Ausstellung\",\"byzantinisch\"],\"articleSection\":[\"Geschichte\"],\"inLanguage\":\"de\",\"potentialAction\":[{\"@type\":\"CommentAction\",\"name\":\"Comment\",\"target\":[\"https:\\\/\\\/www.tribur.de\\\/blog\\\/2012\\\/02\\\/06\\\/besuch-im-landesmuseum-mainz-byzanz-ausstellung\\\/#respond\"]}]},{\"@type\":\"WebPage\",\"@id\":\"https:\\\/\\\/www.tribur.de\\\/blog\\\/2012\\\/02\\\/06\\\/besuch-im-landesmuseum-mainz-byzanz-ausstellung\\\/\",\"url\":\"https:\\\/\\\/www.tribur.de\\\/blog\\\/2012\\\/02\\\/06\\\/besuch-im-landesmuseum-mainz-byzanz-ausstellung\\\/\",\"name\":\"Besuch im Landesmuseum Mainz - Byzanz-Ausstellung - Tribur.de\",\"isPartOf\":{\"@id\":\"https:\\\/\\\/www.tribur.de\\\/blog\\\/#website\"},\"datePublished\":\"2012-02-06T13:32:58+00:00\",\"breadcrumb\":{\"@id\":\"https:\\\/\\\/www.tribur.de\\\/blog\\\/2012\\\/02\\\/06\\\/besuch-im-landesmuseum-mainz-byzanz-ausstellung\\\/#breadcrumb\"},\"inLanguage\":\"de\",\"potentialAction\":[{\"@type\":\"ReadAction\",\"target\":[\"https:\\\/\\\/www.tribur.de\\\/blog\\\/2012\\\/02\\\/06\\\/besuch-im-landesmuseum-mainz-byzanz-ausstellung\\\/\"]}]},{\"@type\":\"BreadcrumbList\",\"@id\":\"https:\\\/\\\/www.tribur.de\\\/blog\\\/2012\\\/02\\\/06\\\/besuch-im-landesmuseum-mainz-byzanz-ausstellung\\\/#breadcrumb\",\"itemListElement\":[{\"@type\":\"ListItem\",\"position\":1,\"name\":\"Home\",\"item\":\"https:\\\/\\\/www.tribur.de\\\/blog\\\/\"},{\"@type\":\"ListItem\",\"position\":2,\"name\":\"Besuch im Landesmuseum Mainz &#8211; Byzanz-Ausstellung\"}]},{\"@type\":\"WebSite\",\"@id\":\"https:\\\/\\\/www.tribur.de\\\/blog\\\/#website\",\"url\":\"https:\\\/\\\/www.tribur.de\\\/blog\\\/\",\"name\":\"Tribur.de\",\"description\":\"Tribur.de - Geschichte und so Zeugs\",\"publisher\":{\"@id\":\"https:\\\/\\\/www.tribur.de\\\/blog\\\/#\\\/schema\\\/person\\\/3119997f09f43791809c2d1af27bba6c\"},\"potentialAction\":[{\"@type\":\"SearchAction\",\"target\":{\"@type\":\"EntryPoint\",\"urlTemplate\":\"https:\\\/\\\/www.tribur.de\\\/blog\\\/?s={search_term_string}\"},\"query-input\":{\"@type\":\"PropertyValueSpecification\",\"valueRequired\":true,\"valueName\":\"search_term_string\"}}],\"inLanguage\":\"de\"},{\"@type\":[\"Person\",\"Organization\"],\"@id\":\"https:\\\/\\\/www.tribur.de\\\/blog\\\/#\\\/schema\\\/person\\\/3119997f09f43791809c2d1af27bba6c\",\"name\":\"Markus Zwittmeier\",\"image\":{\"@type\":\"ImageObject\",\"inLanguage\":\"de\",\"@id\":\"https:\\\/\\\/i0.wp.com\\\/www.tribur.de\\\/blog\\\/wp-content\\\/uploads\\\/2018\\\/09\\\/cropped-logotest-4.jpg?fit=200%2C200&ssl=1\",\"url\":\"https:\\\/\\\/i0.wp.com\\\/www.tribur.de\\\/blog\\\/wp-content\\\/uploads\\\/2018\\\/09\\\/cropped-logotest-4.jpg?fit=200%2C200&ssl=1\",\"contentUrl\":\"https:\\\/\\\/i0.wp.com\\\/www.tribur.de\\\/blog\\\/wp-content\\\/uploads\\\/2018\\\/09\\\/cropped-logotest-4.jpg?fit=200%2C200&ssl=1\",\"width\":200,\"height\":200,\"caption\":\"Markus Zwittmeier\"},\"logo\":{\"@id\":\"https:\\\/\\\/i0.wp.com\\\/www.tribur.de\\\/blog\\\/wp-content\\\/uploads\\\/2018\\\/09\\\/cropped-logotest-4.jpg?fit=200%2C200&ssl=1\"},\"sameAs\":[\"http:\\\/\\\/www.Tribur.de\",\"http:\\\/\\\/www.facebook.com\\\/pages\\\/Triburde\\\/184352328288771\",\"https:\\\/\\\/www.instagram.com\\\/tribur.de\\\/\",\"https:\\\/\\\/x.com\\\/https:\\\/\\\/twitter.com\\\/tribur\",\"https:\\\/\\\/www.youtube.com\\\/channel\\\/UCnEonou-x6_P4XPjBk2htCA\"],\"url\":\"https:\\\/\\\/www.tribur.de\\\/blog\\\/author\\\/markus\\\/\"}]}<\/script>\n<!-- \/ Yoast SEO plugin. -->","yoast_head_json":{"title":"Besuch im Landesmuseum Mainz - Byzanz-Ausstellung - Tribur.de","robots":{"index":"index","follow":"follow","max-snippet":"max-snippet:-1","max-image-preview":"max-image-preview:large","max-video-preview":"max-video-preview:-1"},"canonical":"https:\/\/www.tribur.de\/blog\/2012\/02\/06\/besuch-im-landesmuseum-mainz-byzanz-ausstellung\/","og_locale":"de_DE","og_type":"article","og_title":"Besuch im Landesmuseum Mainz - Byzanz-Ausstellung - Tribur.de","og_description":"Am Wochenende sind wir nach Mainz gefahren und um wenigstens vor Ende noch einmal die Ausstellung &#8222;Wege nach Byzanz&#8220; im Landesmuseum anzusehen.Da ich noch nie im Landesmuseum war, konnte ich den Besuch ausnutzen und&#46;&#46;&#46;","og_url":"https:\/\/www.tribur.de\/blog\/2012\/02\/06\/besuch-im-landesmuseum-mainz-byzanz-ausstellung\/","og_site_name":"Tribur.de","article_publisher":"http:\/\/www.facebook.com\/pages\/Triburde\/184352328288771","article_author":"http:\/\/www.facebook.com\/pages\/Triburde\/184352328288771","article_published_time":"2012-02-06T13:32:58+00:00","og_image":[{"width":200,"height":200,"url":"https:\/\/i0.wp.com\/www.tribur.de\/blog\/wp-content\/uploads\/2018\/09\/cropped-logotest-2.jpg?fit=200%2C200&ssl=1","type":"image\/jpeg"}],"author":"Markus Zwittmeier","twitter_card":"summary_large_image","twitter_creator":"@https:\/\/twitter.com\/tribur","twitter_site":"@tribur","twitter_misc":{"Verfasst von":"Markus Zwittmeier","Gesch\u00e4tzte Lesezeit":"3\u00a0Minuten"},"schema":{"@context":"https:\/\/schema.org","@graph":[{"@type":"Article","@id":"https:\/\/www.tribur.de\/blog\/2012\/02\/06\/besuch-im-landesmuseum-mainz-byzanz-ausstellung\/#article","isPartOf":{"@id":"https:\/\/www.tribur.de\/blog\/2012\/02\/06\/besuch-im-landesmuseum-mainz-byzanz-ausstellung\/"},"author":{"name":"Markus Zwittmeier","@id":"https:\/\/www.tribur.de\/blog\/#\/schema\/person\/3119997f09f43791809c2d1af27bba6c"},"headline":"Besuch im Landesmuseum Mainz &#8211; Byzanz-Ausstellung","datePublished":"2012-02-06T13:32:58+00:00","mainEntityOfPage":{"@id":"https:\/\/www.tribur.de\/blog\/2012\/02\/06\/besuch-im-landesmuseum-mainz-byzanz-ausstellung\/"},"wordCount":577,"commentCount":2,"publisher":{"@id":"https:\/\/www.tribur.de\/blog\/#\/schema\/person\/3119997f09f43791809c2d1af27bba6c"},"keywords":["Ausstellung","byzantinisch"],"articleSection":["Geschichte"],"inLanguage":"de","potentialAction":[{"@type":"CommentAction","name":"Comment","target":["https:\/\/www.tribur.de\/blog\/2012\/02\/06\/besuch-im-landesmuseum-mainz-byzanz-ausstellung\/#respond"]}]},{"@type":"WebPage","@id":"https:\/\/www.tribur.de\/blog\/2012\/02\/06\/besuch-im-landesmuseum-mainz-byzanz-ausstellung\/","url":"https:\/\/www.tribur.de\/blog\/2012\/02\/06\/besuch-im-landesmuseum-mainz-byzanz-ausstellung\/","name":"Besuch im Landesmuseum Mainz - Byzanz-Ausstellung - Tribur.de","isPartOf":{"@id":"https:\/\/www.tribur.de\/blog\/#website"},"datePublished":"2012-02-06T13:32:58+00:00","breadcrumb":{"@id":"https:\/\/www.tribur.de\/blog\/2012\/02\/06\/besuch-im-landesmuseum-mainz-byzanz-ausstellung\/#breadcrumb"},"inLanguage":"de","potentialAction":[{"@type":"ReadAction","target":["https:\/\/www.tribur.de\/blog\/2012\/02\/06\/besuch-im-landesmuseum-mainz-byzanz-ausstellung\/"]}]},{"@type":"BreadcrumbList","@id":"https:\/\/www.tribur.de\/blog\/2012\/02\/06\/besuch-im-landesmuseum-mainz-byzanz-ausstellung\/#breadcrumb","itemListElement":[{"@type":"ListItem","position":1,"name":"Home","item":"https:\/\/www.tribur.de\/blog\/"},{"@type":"ListItem","position":2,"name":"Besuch im Landesmuseum Mainz &#8211; Byzanz-Ausstellung"}]},{"@type":"WebSite","@id":"https:\/\/www.tribur.de\/blog\/#website","url":"https:\/\/www.tribur.de\/blog\/","name":"Tribur.de","description":"Tribur.de - Geschichte und so Zeugs","publisher":{"@id":"https:\/\/www.tribur.de\/blog\/#\/schema\/person\/3119997f09f43791809c2d1af27bba6c"},"potentialAction":[{"@type":"SearchAction","target":{"@type":"EntryPoint","urlTemplate":"https:\/\/www.tribur.de\/blog\/?s={search_term_string}"},"query-input":{"@type":"PropertyValueSpecification","valueRequired":true,"valueName":"search_term_string"}}],"inLanguage":"de"},{"@type":["Person","Organization"],"@id":"https:\/\/www.tribur.de\/blog\/#\/schema\/person\/3119997f09f43791809c2d1af27bba6c","name":"Markus Zwittmeier","image":{"@type":"ImageObject","inLanguage":"de","@id":"https:\/\/i0.wp.com\/www.tribur.de\/blog\/wp-content\/uploads\/2018\/09\/cropped-logotest-4.jpg?fit=200%2C200&ssl=1","url":"https:\/\/i0.wp.com\/www.tribur.de\/blog\/wp-content\/uploads\/2018\/09\/cropped-logotest-4.jpg?fit=200%2C200&ssl=1","contentUrl":"https:\/\/i0.wp.com\/www.tribur.de\/blog\/wp-content\/uploads\/2018\/09\/cropped-logotest-4.jpg?fit=200%2C200&ssl=1","width":200,"height":200,"caption":"Markus Zwittmeier"},"logo":{"@id":"https:\/\/i0.wp.com\/www.tribur.de\/blog\/wp-content\/uploads\/2018\/09\/cropped-logotest-4.jpg?fit=200%2C200&ssl=1"},"sameAs":["http:\/\/www.Tribur.de","http:\/\/www.facebook.com\/pages\/Triburde\/184352328288771","https:\/\/www.instagram.com\/tribur.de\/","https:\/\/x.com\/https:\/\/twitter.com\/tribur","https:\/\/www.youtube.com\/channel\/UCnEonou-x6_P4XPjBk2htCA"],"url":"https:\/\/www.tribur.de\/blog\/author\/markus\/"}]}},"jetpack_publicize_connections":[],"jetpack_featured_media_url":"","jetpack_shortlink":"https:\/\/wp.me\/p1mHPu-4Z0","jetpack_sharing_enabled":true,"_links":{"self":[{"href":"https:\/\/www.tribur.de\/blog\/wp-json\/wp\/v2\/posts\/19158","targetHints":{"allow":["GET"]}}],"collection":[{"href":"https:\/\/www.tribur.de\/blog\/wp-json\/wp\/v2\/posts"}],"about":[{"href":"https:\/\/www.tribur.de\/blog\/wp-json\/wp\/v2\/types\/post"}],"author":[{"embeddable":true,"href":"https:\/\/www.tribur.de\/blog\/wp-json\/wp\/v2\/users\/2"}],"replies":[{"embeddable":true,"href":"https:\/\/www.tribur.de\/blog\/wp-json\/wp\/v2\/comments?post=19158"}],"version-history":[{"count":9,"href":"https:\/\/www.tribur.de\/blog\/wp-json\/wp\/v2\/posts\/19158\/revisions"}],"predecessor-version":[{"id":19169,"href":"https:\/\/www.tribur.de\/blog\/wp-json\/wp\/v2\/posts\/19158\/revisions\/19169"}],"wp:attachment":[{"href":"https:\/\/www.tribur.de\/blog\/wp-json\/wp\/v2\/media?parent=19158"}],"wp:term":[{"taxonomy":"category","embeddable":true,"href":"https:\/\/www.tribur.de\/blog\/wp-json\/wp\/v2\/categories?post=19158"},{"taxonomy":"post_tag","embeddable":true,"href":"https:\/\/www.tribur.de\/blog\/wp-json\/wp\/v2\/tags?post=19158"}],"curies":[{"name":"wp","href":"https:\/\/api.w.org\/{rel}","templated":true}]}}