{"id":18744,"date":"2012-01-05T19:37:13","date_gmt":"2012-01-05T18:37:13","guid":{"rendered":"http:\/\/www.tribur.de\/blog\/?p=18744"},"modified":"2012-01-05T19:37:13","modified_gmt":"2012-01-05T18:37:13","slug":"archaonews-05-01-2012-bildungswerk-karolingische-mauern-und-burgen-in-ulm","status":"publish","type":"post","link":"https:\/\/www.tribur.de\/blog\/2012\/01\/05\/archaonews-05-01-2012-bildungswerk-karolingische-mauern-und-burgen-in-ulm\/","title":{"rendered":"Arch\u00e4onews 05.01.2012 Bildungswerk, karolingische Mauern und Burgen in Ulm"},"content":{"rendered":"<ul>\n<li>\u00dcber Erwachsenenlehrg\u00e4nge im Pfalzmuseum Forchheim informiert der <a href=\"http:\/\/www.wiesentbote.de\/2012\/01\/04\/gerberwissen-und-schwertkunst-workshops-fuer-erwachsene-im-pfalzmuseum\/\" target=\"_blank\">Wiesentbote<\/a><\/li>\n<li>Das Bildungswerk von Messkirch m\u00f6chte Wissen zur Klosterstadt vermitteln, meldet die <a href=\"http:\/\/www.schwaebische.de\/region\/sigmaringen-tuttlingen\/messkirch\/stadtnachrichten-messkirch_artikel,-Bildungswerk-will-mehr-Wissen-ueber-die-Klosterstadt-vermitteln-_arid,5186371.html\" target=\"_blank\">schw\u00e4bische<\/a><\/li>\n<li>Burgen im Stadtgebiet von Ulm sind ein Thema f\u00fcr die <a href=\"http:\/\/www.augsburger-allgemeine.de\/neu-ulm\/Auf-der-Spur-der-alten-Ulmer-Burgen-id18157581.html\" target=\"_blank\">Augsburger Allgemeine<\/a><\/li>\n<li>Bei Bauarbeiten in\u00a0Dillst\u00e4dt bei \u00a0Rohr konnten Mauern aus karolingisch\/ottonischer Zeit festgestellt werden, notiert kurz <a href=\"http:\/\/www.insuedthueringen.de\/lokal\/meiningen\/kumgn\/Pfalz-Geschichte-in-neuem-Licht;art83445,1859211\" target=\"_blank\">inth\u00fcringen.de<\/a><\/li>\n<li>In Potsdam wurde ein Godschatz aus der Uckermark pr\u00e4sentiert, meldet der <a href=\"http:\/\/www.rbb-online.de\/nachrichten\/kultur\/2012_01\/uckermaerker_goldmuenzenfund.html\" target=\"_blank\">rbb<\/a><\/li>\n<\/ul>\n","protected":false},"excerpt":{"rendered":"<p>\u00dcber Erwachsenenlehrg\u00e4nge im Pfalzmuseum Forchheim informiert der Wiesentbote Das Bildungswerk von Messkirch m\u00f6chte Wissen zur Klosterstadt vermitteln, meldet die schw\u00e4bische Burgen im Stadtgebiet von Ulm sind ein Thema f\u00fcr die Augsburger Allgemeine Bei Bauarbeiten&#46;&#46;&#46;<\/p>\n","protected":false},"author":2,"featured_media":0,"comment_status":"open","ping_status":"open","sticky":false,"template":"","format":"standard","meta":{"jetpack_post_was_ever_published":false,"_jetpack_newsletter_access":"","_jetpack_dont_email_post_to_subs":false,"_jetpack_newsletter_tier_id":0,"_jetpack_memberships_contains_paywalled_content":false,"_jetpack_memberships_contains_paid_content":false,"footnotes":"","jetpack_publicize_message":"","jetpack_publicize_feature_enabled":true,"jetpack_social_post_already_shared":false,"jetpack_social_options":{"image_generator_settings":{"template":"highway","default_image_id":0,"font":"","enabled":false},"version":2}},"categories":[1,56],"tags":[],"class_list":["post-18744","post","type-post","status-publish","format-standard","hentry","category-geschichte","category-links"],"yoast_head":"<!-- This site is optimized with the Yoast SEO plugin v27.5 - https:\/\/yoast.com\/product\/yoast-seo-wordpress\/ -->\n<title>Arch\u00e4onews 05.01.2012 Bildungswerk, karolingische Mauern und Burgen in Ulm - Tribur.de<\/title>\n<meta name=\"robots\" content=\"index, follow, max-snippet:-1, max-image-preview:large, max-video-preview:-1\" \/>\n<link rel=\"canonical\" href=\"https:\/\/www.tribur.de\/blog\/2012\/01\/05\/archaonews-05-01-2012-bildungswerk-karolingische-mauern-und-burgen-in-ulm\/\" \/>\n<meta property=\"og:locale\" content=\"de_DE\" \/>\n<meta property=\"og:type\" content=\"article\" \/>\n<meta property=\"og:title\" content=\"Arch\u00e4onews 05.01.2012 Bildungswerk, karolingische Mauern und Burgen in Ulm - Tribur.de\" \/>\n<meta property=\"og:description\" content=\"\u00dcber Erwachsenenlehrg\u00e4nge im Pfalzmuseum Forchheim informiert der Wiesentbote Das Bildungswerk von Messkirch m\u00f6chte Wissen zur Klosterstadt vermitteln, meldet die schw\u00e4bische Burgen im Stadtgebiet von Ulm sind ein Thema f\u00fcr die Augsburger Allgemeine Bei Bauarbeiten&#046;&#046;&#046;\" \/>\n<meta property=\"og:url\" content=\"https:\/\/www.tribur.de\/blog\/2012\/01\/05\/archaonews-05-01-2012-bildungswerk-karolingische-mauern-und-burgen-in-ulm\/\" \/>\n<meta property=\"og:site_name\" content=\"Tribur.de\" \/>\n<meta property=\"article:publisher\" content=\"http:\/\/www.facebook.com\/pages\/Triburde\/184352328288771\" \/>\n<meta property=\"article:author\" content=\"http:\/\/www.facebook.com\/pages\/Triburde\/184352328288771\" \/>\n<meta property=\"article:published_time\" content=\"2012-01-05T18:37:13+00:00\" \/>\n<meta property=\"og:image\" content=\"https:\/\/i0.wp.com\/www.tribur.de\/blog\/wp-content\/uploads\/2018\/09\/cropped-logotest-2.jpg?fit=200%2C200&ssl=1\" \/>\n\t<meta property=\"og:image:width\" content=\"200\" \/>\n\t<meta property=\"og:image:height\" content=\"200\" \/>\n\t<meta property=\"og:image:type\" content=\"image\/jpeg\" \/>\n<meta name=\"author\" content=\"Markus Zwittmeier\" \/>\n<meta name=\"twitter:card\" content=\"summary_large_image\" \/>\n<meta name=\"twitter:creator\" content=\"@https:\/\/twitter.com\/tribur\" \/>\n<meta name=\"twitter:site\" content=\"@tribur\" \/>\n<meta name=\"twitter:label1\" content=\"Verfasst von\" \/>\n\t<meta name=\"twitter:data1\" content=\"Markus Zwittmeier\" \/>\n<script type=\"application\/ld+json\" class=\"yoast-schema-graph\">{\"@context\":\"https:\\\/\\\/schema.org\",\"@graph\":[{\"@type\":\"Article\",\"@id\":\"https:\\\/\\\/www.tribur.de\\\/blog\\\/2012\\\/01\\\/05\\\/archaonews-05-01-2012-bildungswerk-karolingische-mauern-und-burgen-in-ulm\\\/#article\",\"isPartOf\":{\"@id\":\"https:\\\/\\\/www.tribur.de\\\/blog\\\/2012\\\/01\\\/05\\\/archaonews-05-01-2012-bildungswerk-karolingische-mauern-und-burgen-in-ulm\\\/\"},\"author\":{\"name\":\"Markus Zwittmeier\",\"@id\":\"https:\\\/\\\/www.tribur.de\\\/blog\\\/#\\\/schema\\\/person\\\/3119997f09f43791809c2d1af27bba6c\"},\"headline\":\"Arch\u00e4onews 05.01.2012 Bildungswerk, karolingische Mauern und Burgen in Ulm\",\"datePublished\":\"2012-01-05T18:37:13+00:00\",\"mainEntityOfPage\":{\"@id\":\"https:\\\/\\\/www.tribur.de\\\/blog\\\/2012\\\/01\\\/05\\\/archaonews-05-01-2012-bildungswerk-karolingische-mauern-und-burgen-in-ulm\\\/\"},\"wordCount\":78,\"commentCount\":0,\"publisher\":{\"@id\":\"https:\\\/\\\/www.tribur.de\\\/blog\\\/#\\\/schema\\\/person\\\/3119997f09f43791809c2d1af27bba6c\"},\"articleSection\":[\"Geschichte\",\"Links\"],\"inLanguage\":\"de\",\"potentialAction\":[{\"@type\":\"CommentAction\",\"name\":\"Comment\",\"target\":[\"https:\\\/\\\/www.tribur.de\\\/blog\\\/2012\\\/01\\\/05\\\/archaonews-05-01-2012-bildungswerk-karolingische-mauern-und-burgen-in-ulm\\\/#respond\"]}]},{\"@type\":\"WebPage\",\"@id\":\"https:\\\/\\\/www.tribur.de\\\/blog\\\/2012\\\/01\\\/05\\\/archaonews-05-01-2012-bildungswerk-karolingische-mauern-und-burgen-in-ulm\\\/\",\"url\":\"https:\\\/\\\/www.tribur.de\\\/blog\\\/2012\\\/01\\\/05\\\/archaonews-05-01-2012-bildungswerk-karolingische-mauern-und-burgen-in-ulm\\\/\",\"name\":\"Arch\u00e4onews 05.01.2012 Bildungswerk, karolingische Mauern und Burgen in Ulm - Tribur.de\",\"isPartOf\":{\"@id\":\"https:\\\/\\\/www.tribur.de\\\/blog\\\/#website\"},\"datePublished\":\"2012-01-05T18:37:13+00:00\",\"breadcrumb\":{\"@id\":\"https:\\\/\\\/www.tribur.de\\\/blog\\\/2012\\\/01\\\/05\\\/archaonews-05-01-2012-bildungswerk-karolingische-mauern-und-burgen-in-ulm\\\/#breadcrumb\"},\"inLanguage\":\"de\",\"potentialAction\":[{\"@type\":\"ReadAction\",\"target\":[\"https:\\\/\\\/www.tribur.de\\\/blog\\\/2012\\\/01\\\/05\\\/archaonews-05-01-2012-bildungswerk-karolingische-mauern-und-burgen-in-ulm\\\/\"]}]},{\"@type\":\"BreadcrumbList\",\"@id\":\"https:\\\/\\\/www.tribur.de\\\/blog\\\/2012\\\/01\\\/05\\\/archaonews-05-01-2012-bildungswerk-karolingische-mauern-und-burgen-in-ulm\\\/#breadcrumb\",\"itemListElement\":[{\"@type\":\"ListItem\",\"position\":1,\"name\":\"Home\",\"item\":\"https:\\\/\\\/www.tribur.de\\\/blog\\\/\"},{\"@type\":\"ListItem\",\"position\":2,\"name\":\"Arch\u00e4onews 05.01.2012 Bildungswerk, karolingische Mauern und Burgen in Ulm\"}]},{\"@type\":\"WebSite\",\"@id\":\"https:\\\/\\\/www.tribur.de\\\/blog\\\/#website\",\"url\":\"https:\\\/\\\/www.tribur.de\\\/blog\\\/\",\"name\":\"Tribur.de\",\"description\":\"Tribur.de - Geschichte und so Zeugs\",\"publisher\":{\"@id\":\"https:\\\/\\\/www.tribur.de\\\/blog\\\/#\\\/schema\\\/person\\\/3119997f09f43791809c2d1af27bba6c\"},\"potentialAction\":[{\"@type\":\"SearchAction\",\"target\":{\"@type\":\"EntryPoint\",\"urlTemplate\":\"https:\\\/\\\/www.tribur.de\\\/blog\\\/?s={search_term_string}\"},\"query-input\":{\"@type\":\"PropertyValueSpecification\",\"valueRequired\":true,\"valueName\":\"search_term_string\"}}],\"inLanguage\":\"de\"},{\"@type\":[\"Person\",\"Organization\"],\"@id\":\"https:\\\/\\\/www.tribur.de\\\/blog\\\/#\\\/schema\\\/person\\\/3119997f09f43791809c2d1af27bba6c\",\"name\":\"Markus Zwittmeier\",\"image\":{\"@type\":\"ImageObject\",\"inLanguage\":\"de\",\"@id\":\"https:\\\/\\\/i0.wp.com\\\/www.tribur.de\\\/blog\\\/wp-content\\\/uploads\\\/2018\\\/09\\\/cropped-logotest-4.jpg?fit=200%2C200&ssl=1\",\"url\":\"https:\\\/\\\/i0.wp.com\\\/www.tribur.de\\\/blog\\\/wp-content\\\/uploads\\\/2018\\\/09\\\/cropped-logotest-4.jpg?fit=200%2C200&ssl=1\",\"contentUrl\":\"https:\\\/\\\/i0.wp.com\\\/www.tribur.de\\\/blog\\\/wp-content\\\/uploads\\\/2018\\\/09\\\/cropped-logotest-4.jpg?fit=200%2C200&ssl=1\",\"width\":200,\"height\":200,\"caption\":\"Markus Zwittmeier\"},\"logo\":{\"@id\":\"https:\\\/\\\/i0.wp.com\\\/www.tribur.de\\\/blog\\\/wp-content\\\/uploads\\\/2018\\\/09\\\/cropped-logotest-4.jpg?fit=200%2C200&ssl=1\"},\"sameAs\":[\"http:\\\/\\\/www.Tribur.de\",\"http:\\\/\\\/www.facebook.com\\\/pages\\\/Triburde\\\/184352328288771\",\"https:\\\/\\\/www.instagram.com\\\/tribur.de\\\/\",\"https:\\\/\\\/x.com\\\/https:\\\/\\\/twitter.com\\\/tribur\",\"https:\\\/\\\/www.youtube.com\\\/channel\\\/UCnEonou-x6_P4XPjBk2htCA\"],\"url\":\"https:\\\/\\\/www.tribur.de\\\/blog\\\/author\\\/markus\\\/\"}]}<\/script>\n<!-- \/ Yoast SEO plugin. -->","yoast_head_json":{"title":"Arch\u00e4onews 05.01.2012 Bildungswerk, karolingische Mauern und Burgen in Ulm - Tribur.de","robots":{"index":"index","follow":"follow","max-snippet":"max-snippet:-1","max-image-preview":"max-image-preview:large","max-video-preview":"max-video-preview:-1"},"canonical":"https:\/\/www.tribur.de\/blog\/2012\/01\/05\/archaonews-05-01-2012-bildungswerk-karolingische-mauern-und-burgen-in-ulm\/","og_locale":"de_DE","og_type":"article","og_title":"Arch\u00e4onews 05.01.2012 Bildungswerk, karolingische Mauern und Burgen in Ulm - Tribur.de","og_description":"\u00dcber Erwachsenenlehrg\u00e4nge im Pfalzmuseum Forchheim informiert der Wiesentbote Das Bildungswerk von Messkirch m\u00f6chte Wissen zur Klosterstadt vermitteln, meldet die schw\u00e4bische Burgen im Stadtgebiet von Ulm sind ein Thema f\u00fcr die Augsburger Allgemeine Bei Bauarbeiten&#46;&#46;&#46;","og_url":"https:\/\/www.tribur.de\/blog\/2012\/01\/05\/archaonews-05-01-2012-bildungswerk-karolingische-mauern-und-burgen-in-ulm\/","og_site_name":"Tribur.de","article_publisher":"http:\/\/www.facebook.com\/pages\/Triburde\/184352328288771","article_author":"http:\/\/www.facebook.com\/pages\/Triburde\/184352328288771","article_published_time":"2012-01-05T18:37:13+00:00","og_image":[{"width":200,"height":200,"url":"https:\/\/i0.wp.com\/www.tribur.de\/blog\/wp-content\/uploads\/2018\/09\/cropped-logotest-2.jpg?fit=200%2C200&ssl=1","type":"image\/jpeg"}],"author":"Markus Zwittmeier","twitter_card":"summary_large_image","twitter_creator":"@https:\/\/twitter.com\/tribur","twitter_site":"@tribur","twitter_misc":{"Verfasst von":"Markus Zwittmeier"},"schema":{"@context":"https:\/\/schema.org","@graph":[{"@type":"Article","@id":"https:\/\/www.tribur.de\/blog\/2012\/01\/05\/archaonews-05-01-2012-bildungswerk-karolingische-mauern-und-burgen-in-ulm\/#article","isPartOf":{"@id":"https:\/\/www.tribur.de\/blog\/2012\/01\/05\/archaonews-05-01-2012-bildungswerk-karolingische-mauern-und-burgen-in-ulm\/"},"author":{"name":"Markus Zwittmeier","@id":"https:\/\/www.tribur.de\/blog\/#\/schema\/person\/3119997f09f43791809c2d1af27bba6c"},"headline":"Arch\u00e4onews 05.01.2012 Bildungswerk, karolingische Mauern und Burgen in Ulm","datePublished":"2012-01-05T18:37:13+00:00","mainEntityOfPage":{"@id":"https:\/\/www.tribur.de\/blog\/2012\/01\/05\/archaonews-05-01-2012-bildungswerk-karolingische-mauern-und-burgen-in-ulm\/"},"wordCount":78,"commentCount":0,"publisher":{"@id":"https:\/\/www.tribur.de\/blog\/#\/schema\/person\/3119997f09f43791809c2d1af27bba6c"},"articleSection":["Geschichte","Links"],"inLanguage":"de","potentialAction":[{"@type":"CommentAction","name":"Comment","target":["https:\/\/www.tribur.de\/blog\/2012\/01\/05\/archaonews-05-01-2012-bildungswerk-karolingische-mauern-und-burgen-in-ulm\/#respond"]}]},{"@type":"WebPage","@id":"https:\/\/www.tribur.de\/blog\/2012\/01\/05\/archaonews-05-01-2012-bildungswerk-karolingische-mauern-und-burgen-in-ulm\/","url":"https:\/\/www.tribur.de\/blog\/2012\/01\/05\/archaonews-05-01-2012-bildungswerk-karolingische-mauern-und-burgen-in-ulm\/","name":"Arch\u00e4onews 05.01.2012 Bildungswerk, karolingische Mauern und Burgen in Ulm - Tribur.de","isPartOf":{"@id":"https:\/\/www.tribur.de\/blog\/#website"},"datePublished":"2012-01-05T18:37:13+00:00","breadcrumb":{"@id":"https:\/\/www.tribur.de\/blog\/2012\/01\/05\/archaonews-05-01-2012-bildungswerk-karolingische-mauern-und-burgen-in-ulm\/#breadcrumb"},"inLanguage":"de","potentialAction":[{"@type":"ReadAction","target":["https:\/\/www.tribur.de\/blog\/2012\/01\/05\/archaonews-05-01-2012-bildungswerk-karolingische-mauern-und-burgen-in-ulm\/"]}]},{"@type":"BreadcrumbList","@id":"https:\/\/www.tribur.de\/blog\/2012\/01\/05\/archaonews-05-01-2012-bildungswerk-karolingische-mauern-und-burgen-in-ulm\/#breadcrumb","itemListElement":[{"@type":"ListItem","position":1,"name":"Home","item":"https:\/\/www.tribur.de\/blog\/"},{"@type":"ListItem","position":2,"name":"Arch\u00e4onews 05.01.2012 Bildungswerk, karolingische Mauern und Burgen in Ulm"}]},{"@type":"WebSite","@id":"https:\/\/www.tribur.de\/blog\/#website","url":"https:\/\/www.tribur.de\/blog\/","name":"Tribur.de","description":"Tribur.de - Geschichte und so Zeugs","publisher":{"@id":"https:\/\/www.tribur.de\/blog\/#\/schema\/person\/3119997f09f43791809c2d1af27bba6c"},"potentialAction":[{"@type":"SearchAction","target":{"@type":"EntryPoint","urlTemplate":"https:\/\/www.tribur.de\/blog\/?s={search_term_string}"},"query-input":{"@type":"PropertyValueSpecification","valueRequired":true,"valueName":"search_term_string"}}],"inLanguage":"de"},{"@type":["Person","Organization"],"@id":"https:\/\/www.tribur.de\/blog\/#\/schema\/person\/3119997f09f43791809c2d1af27bba6c","name":"Markus Zwittmeier","image":{"@type":"ImageObject","inLanguage":"de","@id":"https:\/\/i0.wp.com\/www.tribur.de\/blog\/wp-content\/uploads\/2018\/09\/cropped-logotest-4.jpg?fit=200%2C200&ssl=1","url":"https:\/\/i0.wp.com\/www.tribur.de\/blog\/wp-content\/uploads\/2018\/09\/cropped-logotest-4.jpg?fit=200%2C200&ssl=1","contentUrl":"https:\/\/i0.wp.com\/www.tribur.de\/blog\/wp-content\/uploads\/2018\/09\/cropped-logotest-4.jpg?fit=200%2C200&ssl=1","width":200,"height":200,"caption":"Markus Zwittmeier"},"logo":{"@id":"https:\/\/i0.wp.com\/www.tribur.de\/blog\/wp-content\/uploads\/2018\/09\/cropped-logotest-4.jpg?fit=200%2C200&ssl=1"},"sameAs":["http:\/\/www.Tribur.de","http:\/\/www.facebook.com\/pages\/Triburde\/184352328288771","https:\/\/www.instagram.com\/tribur.de\/","https:\/\/x.com\/https:\/\/twitter.com\/tribur","https:\/\/www.youtube.com\/channel\/UCnEonou-x6_P4XPjBk2htCA"],"url":"https:\/\/www.tribur.de\/blog\/author\/markus\/"}]}},"jetpack_publicize_connections":[],"jetpack_featured_media_url":"","jetpack_shortlink":"https:\/\/wp.me\/p1mHPu-4Sk","jetpack_sharing_enabled":true,"_links":{"self":[{"href":"https:\/\/www.tribur.de\/blog\/wp-json\/wp\/v2\/posts\/18744","targetHints":{"allow":["GET"]}}],"collection":[{"href":"https:\/\/www.tribur.de\/blog\/wp-json\/wp\/v2\/posts"}],"about":[{"href":"https:\/\/www.tribur.de\/blog\/wp-json\/wp\/v2\/types\/post"}],"author":[{"embeddable":true,"href":"https:\/\/www.tribur.de\/blog\/wp-json\/wp\/v2\/users\/2"}],"replies":[{"embeddable":true,"href":"https:\/\/www.tribur.de\/blog\/wp-json\/wp\/v2\/comments?post=18744"}],"version-history":[{"count":4,"href":"https:\/\/www.tribur.de\/blog\/wp-json\/wp\/v2\/posts\/18744\/revisions"}],"predecessor-version":[{"id":18749,"href":"https:\/\/www.tribur.de\/blog\/wp-json\/wp\/v2\/posts\/18744\/revisions\/18749"}],"wp:attachment":[{"href":"https:\/\/www.tribur.de\/blog\/wp-json\/wp\/v2\/media?parent=18744"}],"wp:term":[{"taxonomy":"category","embeddable":true,"href":"https:\/\/www.tribur.de\/blog\/wp-json\/wp\/v2\/categories?post=18744"},{"taxonomy":"post_tag","embeddable":true,"href":"https:\/\/www.tribur.de\/blog\/wp-json\/wp\/v2\/tags?post=18744"}],"curies":[{"name":"wp","href":"https:\/\/api.w.org\/{rel}","templated":true}]}}