{"id":18053,"date":"2011-12-07T14:21:01","date_gmt":"2011-12-07T13:21:01","guid":{"rendered":"http:\/\/www.tribur.de\/blog\/?p=18053"},"modified":"2011-12-07T14:21:01","modified_gmt":"2011-12-07T13:21:01","slug":"ausstellungskatalog-zur-konrad-i-ausstellung-in-fulda","status":"publish","type":"post","link":"https:\/\/www.tribur.de\/blog\/2011\/12\/07\/ausstellungskatalog-zur-konrad-i-ausstellung-in-fulda\/","title":{"rendered":"Ausstellungskatalog zur Konrad I. Ausstellung in Fulda"},"content":{"rendered":"<p><a href=\"https:\/\/i0.wp.com\/www.tribur.de\/blog\/wp-content\/uploads\/2011\/12\/uploadkatalog.jpg?ssl=1\"><img data-recalc-dims=\"1\" loading=\"lazy\" decoding=\"async\" class=\"alignleft size-full wp-image-18055\" title=\"uploadkatalog\" src=\"https:\/\/i0.wp.com\/www.tribur.de\/blog\/wp-content\/uploads\/2011\/12\/uploadkatalog.jpg?resize=300%2C376&#038;ssl=1\" alt=\"\" width=\"300\" height=\"376\" srcset=\"https:\/\/i0.wp.com\/www.tribur.de\/blog\/wp-content\/uploads\/2011\/12\/uploadkatalog.jpg?w=300&amp;ssl=1 300w, https:\/\/i0.wp.com\/www.tribur.de\/blog\/wp-content\/uploads\/2011\/12\/uploadkatalog.jpg?resize=239%2C300&amp;ssl=1 239w\" sizes=\"auto, (max-width: 300px) 100vw, 300px\" \/><\/a>Strahlend rot ist er, hat insgesamt 240 Seiten, ist im Imhof Verlag erschienen und kostet 24,95 &#8211; Der Austellungskatalog zur Konrad Ausstellung in Fulda.<\/p>\n<p>Zuerst muss ich mal auf die Gestaltung eingehen. Die finde ich n\u00e4mlich sehr gelungen. Der untere Teil der R\u00fcckseite zeigt n\u00e4mlich den &#8222;911 k\u00f6nigswahl zwischen&#8230;&#8220; spiegelverkehrt, so als w\u00fcrde man durch das Buch hindurchschauen. Ein netter Einfall, der mich anspricht.<\/p>\n<p>Nun gut darauf solls aber nicht ankommen.<\/p>\n<p>Der Katalog, oder eigentlich Begleitband zur Ausstellung, wie man auf der Vorderseite lesen kann, enth\u00e4lt 14 Kapitel plus Vorwort und Literaturverzeichnis. Und eigentlich hat Isidorus schon fast alles gesagt als er geschrieben hat das ich den Kauf nicht bereuen werde.<\/p>\n<p>So geht der Katalog auf die Frankfurter Pfalz (Wintergerst folgend) und Paderborn ein. Widmet sich der Buntmetallproduktion in Dortmund und schreibt auch \u00fcber Funde in einem Grubenhaus. Diesen Bericht finde ich sehr interessant, den hier wurde ein dreif\u00fc\u00dfiger Kerzenst\u00e4nder gefunden, wie man ihn aus Abbildungen kennt und ich ihn in der Ausstellung in Trebur habe. (Geschnorrt von meiner Freundin!) Genauso werden aber auch zivile Siedlungen und der Klosterbezirk von Fulda behandelt, sowie deren Bezug zum K\u00f6nig.<\/p>\n<p>Man merkt schon, der Katalog deckt ein sehr breites Spektrum ab. Dabei ist er nie langweilig und zeichnet sich durch eine reichhaltige Anzahl von Abbildung aus, zum Teil auch Fundzeichnungen von sehr seltenen oder unbekannten Funden. Auch Mathias Hensch von der Schauh\u00fctte ist wieder vertreten mit einem Beitrag zur Umgebung von Sulzbach.<\/p>\n<p>Auch auf die Gefahr hin das ich mich wiederhole, der Katalog ist super und mit Sicherheit einer der Besten die ich letzter Zeit gekauft habe, da er ein extrem breites Feld abdeckt.<\/p>\n<p>Wie bereits gesagt, der Katalog kostet 24,95 und ist im Michael Imhof Verlag erschienen\u00a0ISBN-13:\u00a0978-3865687005<\/p>\n","protected":false},"excerpt":{"rendered":"<p>Strahlend rot ist er, hat insgesamt 240 Seiten, ist im Imhof Verlag erschienen und kostet 24,95 &#8211; Der Austellungskatalog zur Konrad Ausstellung in Fulda. Zuerst muss ich mal auf die Gestaltung eingehen. Die finde&#46;&#46;&#46;<\/p>\n","protected":false},"author":2,"featured_media":0,"comment_status":"open","ping_status":"open","sticky":false,"template":"","format":"standard","meta":{"jetpack_post_was_ever_published":false,"_jetpack_newsletter_access":"","_jetpack_dont_email_post_to_subs":false,"_jetpack_newsletter_tier_id":0,"_jetpack_memberships_contains_paywalled_content":false,"_jetpack_memberships_contains_paid_content":false,"footnotes":"","jetpack_publicize_message":"","jetpack_publicize_feature_enabled":true,"jetpack_social_post_already_shared":false,"jetpack_social_options":{"image_generator_settings":{"template":"highway","default_image_id":0,"font":"","enabled":false},"version":2}},"categories":[1],"tags":[44,11,32,46],"class_list":["post-18053","post","type-post","status-publish","format-standard","hentry","category-geschichte","tag-buch","tag-fruhmittelalter","tag-karolingisch","tag-ottonisch"],"yoast_head":"<!-- This site is optimized with the Yoast SEO plugin v27.4 - https:\/\/yoast.com\/product\/yoast-seo-wordpress\/ -->\n<title>Ausstellungskatalog zur Konrad I. Ausstellung in Fulda - Tribur.de<\/title>\n<meta name=\"robots\" content=\"index, follow, max-snippet:-1, max-image-preview:large, max-video-preview:-1\" \/>\n<link rel=\"canonical\" href=\"https:\/\/www.tribur.de\/blog\/2011\/12\/07\/ausstellungskatalog-zur-konrad-i-ausstellung-in-fulda\/\" \/>\n<meta property=\"og:locale\" content=\"de_DE\" \/>\n<meta property=\"og:type\" content=\"article\" \/>\n<meta property=\"og:title\" content=\"Ausstellungskatalog zur Konrad I. Ausstellung in Fulda - Tribur.de\" \/>\n<meta property=\"og:description\" content=\"Strahlend rot ist er, hat insgesamt 240 Seiten, ist im Imhof Verlag erschienen und kostet 24,95 &#8211; Der Austellungskatalog zur Konrad Ausstellung in Fulda. Zuerst muss ich mal auf die Gestaltung eingehen. Die finde&#046;&#046;&#046;\" \/>\n<meta property=\"og:url\" content=\"https:\/\/www.tribur.de\/blog\/2011\/12\/07\/ausstellungskatalog-zur-konrad-i-ausstellung-in-fulda\/\" \/>\n<meta property=\"og:site_name\" content=\"Tribur.de\" \/>\n<meta property=\"article:publisher\" content=\"http:\/\/www.facebook.com\/pages\/Triburde\/184352328288771\" \/>\n<meta property=\"article:author\" content=\"http:\/\/www.facebook.com\/pages\/Triburde\/184352328288771\" \/>\n<meta property=\"article:published_time\" content=\"2011-12-07T13:21:01+00:00\" \/>\n<meta property=\"og:image\" content=\"http:\/\/www.tribur.de\/blog\/wp-content\/uploads\/2011\/12\/uploadkatalog.jpg\" \/>\n<meta name=\"author\" content=\"Markus Zwittmeier\" \/>\n<meta name=\"twitter:card\" content=\"summary_large_image\" \/>\n<meta name=\"twitter:creator\" content=\"@https:\/\/twitter.com\/tribur\" \/>\n<meta name=\"twitter:site\" content=\"@tribur\" \/>\n<meta name=\"twitter:label1\" content=\"Verfasst von\" \/>\n\t<meta name=\"twitter:data1\" content=\"Markus Zwittmeier\" \/>\n\t<meta name=\"twitter:label2\" content=\"Gesch\u00e4tzte Lesezeit\" \/>\n\t<meta name=\"twitter:data2\" content=\"1\u00a0Minute\" \/>\n<script type=\"application\/ld+json\" class=\"yoast-schema-graph\">{\"@context\":\"https:\\\/\\\/schema.org\",\"@graph\":[{\"@type\":\"Article\",\"@id\":\"https:\\\/\\\/www.tribur.de\\\/blog\\\/2011\\\/12\\\/07\\\/ausstellungskatalog-zur-konrad-i-ausstellung-in-fulda\\\/#article\",\"isPartOf\":{\"@id\":\"https:\\\/\\\/www.tribur.de\\\/blog\\\/2011\\\/12\\\/07\\\/ausstellungskatalog-zur-konrad-i-ausstellung-in-fulda\\\/\"},\"author\":{\"name\":\"Markus Zwittmeier\",\"@id\":\"https:\\\/\\\/www.tribur.de\\\/blog\\\/#\\\/schema\\\/person\\\/3119997f09f43791809c2d1af27bba6c\"},\"headline\":\"Ausstellungskatalog zur Konrad I. Ausstellung in Fulda\",\"datePublished\":\"2011-12-07T13:21:01+00:00\",\"mainEntityOfPage\":{\"@id\":\"https:\\\/\\\/www.tribur.de\\\/blog\\\/2011\\\/12\\\/07\\\/ausstellungskatalog-zur-konrad-i-ausstellung-in-fulda\\\/\"},\"wordCount\":299,\"commentCount\":1,\"publisher\":{\"@id\":\"https:\\\/\\\/www.tribur.de\\\/blog\\\/#\\\/schema\\\/person\\\/3119997f09f43791809c2d1af27bba6c\"},\"image\":{\"@id\":\"https:\\\/\\\/www.tribur.de\\\/blog\\\/2011\\\/12\\\/07\\\/ausstellungskatalog-zur-konrad-i-ausstellung-in-fulda\\\/#primaryimage\"},\"thumbnailUrl\":\"http:\\\/\\\/www.tribur.de\\\/blog\\\/wp-content\\\/uploads\\\/2011\\\/12\\\/uploadkatalog.jpg\",\"keywords\":[\"Buch\",\"Fr\u00fchmittelalter\",\"karolingisch\",\"ottonisch\"],\"articleSection\":[\"Geschichte\"],\"inLanguage\":\"de\",\"potentialAction\":[{\"@type\":\"CommentAction\",\"name\":\"Comment\",\"target\":[\"https:\\\/\\\/www.tribur.de\\\/blog\\\/2011\\\/12\\\/07\\\/ausstellungskatalog-zur-konrad-i-ausstellung-in-fulda\\\/#respond\"]}]},{\"@type\":\"WebPage\",\"@id\":\"https:\\\/\\\/www.tribur.de\\\/blog\\\/2011\\\/12\\\/07\\\/ausstellungskatalog-zur-konrad-i-ausstellung-in-fulda\\\/\",\"url\":\"https:\\\/\\\/www.tribur.de\\\/blog\\\/2011\\\/12\\\/07\\\/ausstellungskatalog-zur-konrad-i-ausstellung-in-fulda\\\/\",\"name\":\"Ausstellungskatalog zur Konrad I. Ausstellung in Fulda - Tribur.de\",\"isPartOf\":{\"@id\":\"https:\\\/\\\/www.tribur.de\\\/blog\\\/#website\"},\"primaryImageOfPage\":{\"@id\":\"https:\\\/\\\/www.tribur.de\\\/blog\\\/2011\\\/12\\\/07\\\/ausstellungskatalog-zur-konrad-i-ausstellung-in-fulda\\\/#primaryimage\"},\"image\":{\"@id\":\"https:\\\/\\\/www.tribur.de\\\/blog\\\/2011\\\/12\\\/07\\\/ausstellungskatalog-zur-konrad-i-ausstellung-in-fulda\\\/#primaryimage\"},\"thumbnailUrl\":\"http:\\\/\\\/www.tribur.de\\\/blog\\\/wp-content\\\/uploads\\\/2011\\\/12\\\/uploadkatalog.jpg\",\"datePublished\":\"2011-12-07T13:21:01+00:00\",\"breadcrumb\":{\"@id\":\"https:\\\/\\\/www.tribur.de\\\/blog\\\/2011\\\/12\\\/07\\\/ausstellungskatalog-zur-konrad-i-ausstellung-in-fulda\\\/#breadcrumb\"},\"inLanguage\":\"de\",\"potentialAction\":[{\"@type\":\"ReadAction\",\"target\":[\"https:\\\/\\\/www.tribur.de\\\/blog\\\/2011\\\/12\\\/07\\\/ausstellungskatalog-zur-konrad-i-ausstellung-in-fulda\\\/\"]}]},{\"@type\":\"ImageObject\",\"inLanguage\":\"de\",\"@id\":\"https:\\\/\\\/www.tribur.de\\\/blog\\\/2011\\\/12\\\/07\\\/ausstellungskatalog-zur-konrad-i-ausstellung-in-fulda\\\/#primaryimage\",\"url\":\"https:\\\/\\\/i0.wp.com\\\/www.tribur.de\\\/blog\\\/wp-content\\\/uploads\\\/2011\\\/12\\\/uploadkatalog.jpg?fit=300%2C376&ssl=1\",\"contentUrl\":\"https:\\\/\\\/i0.wp.com\\\/www.tribur.de\\\/blog\\\/wp-content\\\/uploads\\\/2011\\\/12\\\/uploadkatalog.jpg?fit=300%2C376&ssl=1\",\"width\":\"300\",\"height\":\"376\"},{\"@type\":\"BreadcrumbList\",\"@id\":\"https:\\\/\\\/www.tribur.de\\\/blog\\\/2011\\\/12\\\/07\\\/ausstellungskatalog-zur-konrad-i-ausstellung-in-fulda\\\/#breadcrumb\",\"itemListElement\":[{\"@type\":\"ListItem\",\"position\":1,\"name\":\"Home\",\"item\":\"https:\\\/\\\/www.tribur.de\\\/blog\\\/\"},{\"@type\":\"ListItem\",\"position\":2,\"name\":\"Ausstellungskatalog zur Konrad I. Ausstellung in Fulda\"}]},{\"@type\":\"WebSite\",\"@id\":\"https:\\\/\\\/www.tribur.de\\\/blog\\\/#website\",\"url\":\"https:\\\/\\\/www.tribur.de\\\/blog\\\/\",\"name\":\"Tribur.de\",\"description\":\"Tribur.de - Geschichte und so Zeugs\",\"publisher\":{\"@id\":\"https:\\\/\\\/www.tribur.de\\\/blog\\\/#\\\/schema\\\/person\\\/3119997f09f43791809c2d1af27bba6c\"},\"potentialAction\":[{\"@type\":\"SearchAction\",\"target\":{\"@type\":\"EntryPoint\",\"urlTemplate\":\"https:\\\/\\\/www.tribur.de\\\/blog\\\/?s={search_term_string}\"},\"query-input\":{\"@type\":\"PropertyValueSpecification\",\"valueRequired\":true,\"valueName\":\"search_term_string\"}}],\"inLanguage\":\"de\"},{\"@type\":[\"Person\",\"Organization\"],\"@id\":\"https:\\\/\\\/www.tribur.de\\\/blog\\\/#\\\/schema\\\/person\\\/3119997f09f43791809c2d1af27bba6c\",\"name\":\"Markus Zwittmeier\",\"image\":{\"@type\":\"ImageObject\",\"inLanguage\":\"de\",\"@id\":\"https:\\\/\\\/i0.wp.com\\\/www.tribur.de\\\/blog\\\/wp-content\\\/uploads\\\/2018\\\/09\\\/cropped-logotest-4.jpg?fit=200%2C200&ssl=1\",\"url\":\"https:\\\/\\\/i0.wp.com\\\/www.tribur.de\\\/blog\\\/wp-content\\\/uploads\\\/2018\\\/09\\\/cropped-logotest-4.jpg?fit=200%2C200&ssl=1\",\"contentUrl\":\"https:\\\/\\\/i0.wp.com\\\/www.tribur.de\\\/blog\\\/wp-content\\\/uploads\\\/2018\\\/09\\\/cropped-logotest-4.jpg?fit=200%2C200&ssl=1\",\"width\":200,\"height\":200,\"caption\":\"Markus Zwittmeier\"},\"logo\":{\"@id\":\"https:\\\/\\\/i0.wp.com\\\/www.tribur.de\\\/blog\\\/wp-content\\\/uploads\\\/2018\\\/09\\\/cropped-logotest-4.jpg?fit=200%2C200&ssl=1\"},\"sameAs\":[\"http:\\\/\\\/www.Tribur.de\",\"http:\\\/\\\/www.facebook.com\\\/pages\\\/Triburde\\\/184352328288771\",\"https:\\\/\\\/www.instagram.com\\\/tribur.de\\\/\",\"https:\\\/\\\/x.com\\\/https:\\\/\\\/twitter.com\\\/tribur\",\"https:\\\/\\\/www.youtube.com\\\/channel\\\/UCnEonou-x6_P4XPjBk2htCA\"],\"url\":\"https:\\\/\\\/www.tribur.de\\\/blog\\\/author\\\/markus\\\/\"}]}<\/script>\n<!-- \/ Yoast SEO plugin. -->","yoast_head_json":{"title":"Ausstellungskatalog zur Konrad I. Ausstellung in Fulda - Tribur.de","robots":{"index":"index","follow":"follow","max-snippet":"max-snippet:-1","max-image-preview":"max-image-preview:large","max-video-preview":"max-video-preview:-1"},"canonical":"https:\/\/www.tribur.de\/blog\/2011\/12\/07\/ausstellungskatalog-zur-konrad-i-ausstellung-in-fulda\/","og_locale":"de_DE","og_type":"article","og_title":"Ausstellungskatalog zur Konrad I. Ausstellung in Fulda - Tribur.de","og_description":"Strahlend rot ist er, hat insgesamt 240 Seiten, ist im Imhof Verlag erschienen und kostet 24,95 &#8211; Der Austellungskatalog zur Konrad Ausstellung in Fulda. Zuerst muss ich mal auf die Gestaltung eingehen. Die finde&#46;&#46;&#46;","og_url":"https:\/\/www.tribur.de\/blog\/2011\/12\/07\/ausstellungskatalog-zur-konrad-i-ausstellung-in-fulda\/","og_site_name":"Tribur.de","article_publisher":"http:\/\/www.facebook.com\/pages\/Triburde\/184352328288771","article_author":"http:\/\/www.facebook.com\/pages\/Triburde\/184352328288771","article_published_time":"2011-12-07T13:21:01+00:00","og_image":[{"url":"http:\/\/www.tribur.de\/blog\/wp-content\/uploads\/2011\/12\/uploadkatalog.jpg","type":"","width":"","height":""}],"author":"Markus Zwittmeier","twitter_card":"summary_large_image","twitter_creator":"@https:\/\/twitter.com\/tribur","twitter_site":"@tribur","twitter_misc":{"Verfasst von":"Markus Zwittmeier","Gesch\u00e4tzte Lesezeit":"1\u00a0Minute"},"schema":{"@context":"https:\/\/schema.org","@graph":[{"@type":"Article","@id":"https:\/\/www.tribur.de\/blog\/2011\/12\/07\/ausstellungskatalog-zur-konrad-i-ausstellung-in-fulda\/#article","isPartOf":{"@id":"https:\/\/www.tribur.de\/blog\/2011\/12\/07\/ausstellungskatalog-zur-konrad-i-ausstellung-in-fulda\/"},"author":{"name":"Markus Zwittmeier","@id":"https:\/\/www.tribur.de\/blog\/#\/schema\/person\/3119997f09f43791809c2d1af27bba6c"},"headline":"Ausstellungskatalog zur Konrad I. Ausstellung in Fulda","datePublished":"2011-12-07T13:21:01+00:00","mainEntityOfPage":{"@id":"https:\/\/www.tribur.de\/blog\/2011\/12\/07\/ausstellungskatalog-zur-konrad-i-ausstellung-in-fulda\/"},"wordCount":299,"commentCount":1,"publisher":{"@id":"https:\/\/www.tribur.de\/blog\/#\/schema\/person\/3119997f09f43791809c2d1af27bba6c"},"image":{"@id":"https:\/\/www.tribur.de\/blog\/2011\/12\/07\/ausstellungskatalog-zur-konrad-i-ausstellung-in-fulda\/#primaryimage"},"thumbnailUrl":"http:\/\/www.tribur.de\/blog\/wp-content\/uploads\/2011\/12\/uploadkatalog.jpg","keywords":["Buch","Fr\u00fchmittelalter","karolingisch","ottonisch"],"articleSection":["Geschichte"],"inLanguage":"de","potentialAction":[{"@type":"CommentAction","name":"Comment","target":["https:\/\/www.tribur.de\/blog\/2011\/12\/07\/ausstellungskatalog-zur-konrad-i-ausstellung-in-fulda\/#respond"]}]},{"@type":"WebPage","@id":"https:\/\/www.tribur.de\/blog\/2011\/12\/07\/ausstellungskatalog-zur-konrad-i-ausstellung-in-fulda\/","url":"https:\/\/www.tribur.de\/blog\/2011\/12\/07\/ausstellungskatalog-zur-konrad-i-ausstellung-in-fulda\/","name":"Ausstellungskatalog zur Konrad I. Ausstellung in Fulda - Tribur.de","isPartOf":{"@id":"https:\/\/www.tribur.de\/blog\/#website"},"primaryImageOfPage":{"@id":"https:\/\/www.tribur.de\/blog\/2011\/12\/07\/ausstellungskatalog-zur-konrad-i-ausstellung-in-fulda\/#primaryimage"},"image":{"@id":"https:\/\/www.tribur.de\/blog\/2011\/12\/07\/ausstellungskatalog-zur-konrad-i-ausstellung-in-fulda\/#primaryimage"},"thumbnailUrl":"http:\/\/www.tribur.de\/blog\/wp-content\/uploads\/2011\/12\/uploadkatalog.jpg","datePublished":"2011-12-07T13:21:01+00:00","breadcrumb":{"@id":"https:\/\/www.tribur.de\/blog\/2011\/12\/07\/ausstellungskatalog-zur-konrad-i-ausstellung-in-fulda\/#breadcrumb"},"inLanguage":"de","potentialAction":[{"@type":"ReadAction","target":["https:\/\/www.tribur.de\/blog\/2011\/12\/07\/ausstellungskatalog-zur-konrad-i-ausstellung-in-fulda\/"]}]},{"@type":"ImageObject","inLanguage":"de","@id":"https:\/\/www.tribur.de\/blog\/2011\/12\/07\/ausstellungskatalog-zur-konrad-i-ausstellung-in-fulda\/#primaryimage","url":"https:\/\/i0.wp.com\/www.tribur.de\/blog\/wp-content\/uploads\/2011\/12\/uploadkatalog.jpg?fit=300%2C376&ssl=1","contentUrl":"https:\/\/i0.wp.com\/www.tribur.de\/blog\/wp-content\/uploads\/2011\/12\/uploadkatalog.jpg?fit=300%2C376&ssl=1","width":"300","height":"376"},{"@type":"BreadcrumbList","@id":"https:\/\/www.tribur.de\/blog\/2011\/12\/07\/ausstellungskatalog-zur-konrad-i-ausstellung-in-fulda\/#breadcrumb","itemListElement":[{"@type":"ListItem","position":1,"name":"Home","item":"https:\/\/www.tribur.de\/blog\/"},{"@type":"ListItem","position":2,"name":"Ausstellungskatalog zur Konrad I. Ausstellung in Fulda"}]},{"@type":"WebSite","@id":"https:\/\/www.tribur.de\/blog\/#website","url":"https:\/\/www.tribur.de\/blog\/","name":"Tribur.de","description":"Tribur.de - Geschichte und so Zeugs","publisher":{"@id":"https:\/\/www.tribur.de\/blog\/#\/schema\/person\/3119997f09f43791809c2d1af27bba6c"},"potentialAction":[{"@type":"SearchAction","target":{"@type":"EntryPoint","urlTemplate":"https:\/\/www.tribur.de\/blog\/?s={search_term_string}"},"query-input":{"@type":"PropertyValueSpecification","valueRequired":true,"valueName":"search_term_string"}}],"inLanguage":"de"},{"@type":["Person","Organization"],"@id":"https:\/\/www.tribur.de\/blog\/#\/schema\/person\/3119997f09f43791809c2d1af27bba6c","name":"Markus Zwittmeier","image":{"@type":"ImageObject","inLanguage":"de","@id":"https:\/\/i0.wp.com\/www.tribur.de\/blog\/wp-content\/uploads\/2018\/09\/cropped-logotest-4.jpg?fit=200%2C200&ssl=1","url":"https:\/\/i0.wp.com\/www.tribur.de\/blog\/wp-content\/uploads\/2018\/09\/cropped-logotest-4.jpg?fit=200%2C200&ssl=1","contentUrl":"https:\/\/i0.wp.com\/www.tribur.de\/blog\/wp-content\/uploads\/2018\/09\/cropped-logotest-4.jpg?fit=200%2C200&ssl=1","width":200,"height":200,"caption":"Markus Zwittmeier"},"logo":{"@id":"https:\/\/i0.wp.com\/www.tribur.de\/blog\/wp-content\/uploads\/2018\/09\/cropped-logotest-4.jpg?fit=200%2C200&ssl=1"},"sameAs":["http:\/\/www.Tribur.de","http:\/\/www.facebook.com\/pages\/Triburde\/184352328288771","https:\/\/www.instagram.com\/tribur.de\/","https:\/\/x.com\/https:\/\/twitter.com\/tribur","https:\/\/www.youtube.com\/channel\/UCnEonou-x6_P4XPjBk2htCA"],"url":"https:\/\/www.tribur.de\/blog\/author\/markus\/"}]}},"jetpack_publicize_connections":[],"jetpack_featured_media_url":"","jetpack_shortlink":"https:\/\/wp.me\/p1mHPu-4Hb","jetpack_sharing_enabled":true,"_links":{"self":[{"href":"https:\/\/www.tribur.de\/blog\/wp-json\/wp\/v2\/posts\/18053","targetHints":{"allow":["GET"]}}],"collection":[{"href":"https:\/\/www.tribur.de\/blog\/wp-json\/wp\/v2\/posts"}],"about":[{"href":"https:\/\/www.tribur.de\/blog\/wp-json\/wp\/v2\/types\/post"}],"author":[{"embeddable":true,"href":"https:\/\/www.tribur.de\/blog\/wp-json\/wp\/v2\/users\/2"}],"replies":[{"embeddable":true,"href":"https:\/\/www.tribur.de\/blog\/wp-json\/wp\/v2\/comments?post=18053"}],"version-history":[{"count":10,"href":"https:\/\/www.tribur.de\/blog\/wp-json\/wp\/v2\/posts\/18053\/revisions"}],"predecessor-version":[{"id":18117,"href":"https:\/\/www.tribur.de\/blog\/wp-json\/wp\/v2\/posts\/18053\/revisions\/18117"}],"wp:attachment":[{"href":"https:\/\/www.tribur.de\/blog\/wp-json\/wp\/v2\/media?parent=18053"}],"wp:term":[{"taxonomy":"category","embeddable":true,"href":"https:\/\/www.tribur.de\/blog\/wp-json\/wp\/v2\/categories?post=18053"},{"taxonomy":"post_tag","embeddable":true,"href":"https:\/\/www.tribur.de\/blog\/wp-json\/wp\/v2\/tags?post=18053"}],"curies":[{"name":"wp","href":"https:\/\/api.w.org\/{rel}","templated":true}]}}