{"id":18002,"date":"2011-12-08T11:12:57","date_gmt":"2011-12-08T10:12:57","guid":{"rendered":"http:\/\/www.tribur.de\/blog\/?p=18002"},"modified":"2011-12-08T11:12:57","modified_gmt":"2011-12-08T10:12:57","slug":"otto-iii-und-trebur","status":"publish","type":"post","link":"https:\/\/www.tribur.de\/blog\/2011\/12\/08\/otto-iii-und-trebur\/","title":{"rendered":"Otto III. und Trebur"},"content":{"rendered":"<p>Eigentlich wollte ich mit Otto III. und Trebur ein bisschen warten, denn im Moment lese ich , mehr so nebenbei die Bio \u00fcber Otto III. von Gerd Altholff. Aber mit Althoff und dem Nebenbei ist das so eine Sache, au\u00dferdem wollte ich den Faden nicht verlieren, weshalb ich den Otto nun schon abarbeite. Sp\u00e4tere passende Erg\u00e4nzungen oder so also nicht ausgeschlossen.<\/p>\n<p>Als Otto II. stirbt ist Otto III. gerade mal 3 Jahre alt. \u00a0Er war bereits im Mai 983 in Verona zum K\u00f6nig gew\u00e4hlt worden und wird nun, kurz nach dem Tod seines Vaters in Aachen von Willigis von Mainz und Johannes von Ravenna zum K\u00f6nig gekr\u00f6nt.<\/p>\n<p>Wenn wir etwas bisher gelernt haben, dann das das ein Kind auf dem Thron bedeutet das andere Kr\u00e4fte nun ihre Chance gekommen sehen. \u00a0Wer das Kind hat hat die Macht! So versucht Heinrich der Z\u00e4nker von Bayer nun die Macht an sich zu rei\u00dfen. Ich erspare mir das ganze Primbamborium um diesen Vorgang. Nur soviel.<\/p>\n<p>Im Mai h\u00e4lt er sich in B\u00fcrstadt auf um dort, in der Ebene mit den Parteig\u00e4ngern Ottos, darunter Willigis von Mainz, erfolglos zu verhandeln. Sehr wahrscheinlich lag die Kontrolle \u00fcber Trebur bei Willigis.<\/p>\n<p>Mitte Juni 984 treffen die Kaiserinnen Teophanu und Adelheid in Mainz ein und begen sich von dort nach Rohr in Th\u00fcringen. Am 24 Juni 984 treffen alle Parteien in Rohr zusammen und Otto wird seiner Mutter und Gro\u00dfmutter \u00fcbergeben. Otto III, Adelheid, Theophanu und \u00c4btissin Mathilde ziehen von dort nach Quedlinburg. Anfang Oktober reisen Gro\u00dfmutter, Mutter und Sohn nach Mainz. Ab diesem Zeitpunkt setzt die regul\u00e4re Kanzleit\u00e4tigkeit wieder ein.<\/p>\n<p>Mitte Oktober findet man sich in Speyer zu einem &#8222;Colloquium&#8220; ein, weiter geht es nach Worms um sich gegen den 20. Oktober herum wieder bei B\u00fcrstadt mit Heinrich dem Z\u00e4nker zu treffen. Es kommt dabei zu k\u00e4mpfen. \u00dcber Worms reist man nach Ingelheim. Im Januar h\u00e4lt man sich nun in M\u00fchlhausen auf, wo Adelheid die H\u00f6fe Wallhausen und Berge in Th\u00fcringen, Walbeck im Schwabengau, das Slavenland Siuseli und\u00a0die Pfalz Tribur in der Grafschaft Herzog Konrads von Schwaben (Ja, wie waren mal Schwaben!) aus ihrem Wittum an \u00a0 Mathilde von Quedlinburg \u00fcberschreibt. \u00dcber die Urkunden hatte ich bereits <a href=\"https:\/\/www.tribur.de\/blog\/?p=17634\">hier<\/a> und<a href=\"https:\/\/www.tribur.de\/blog\/?p=2951\"> hier<\/a> geschrieben. Warum Mathilde diese Schenkung so\u00a0vehement in ihrer ersten Fassung verteidigt habe ich noch nicht in Erfahrung\u00a0bringen k\u00f6nnen, erhoffe mir aber Informationen durch Althoff.<\/p>\n<p>Im Juni 985 h\u00e4lt man sich in Frankfurt auf, wo sich Heinrich der Z\u00e4nker unterwirft. Nun gehts nach Ingelheim und im Anschlu\u00df reist Adelheid nach Italien, w\u00e4hrend Teophanu und Otto III. einen Umritt durch das Reich durchf\u00fchren. Im gro\u00dfen Gefolge findet sich auch Heinrich der alte Z\u00e4nker. Die Route f\u00fchrt nach K\u00f6ln, Nimwegen, Soest, Wiedenbr\u00fcck nach Bamberg , wo Ende September ein Hoftag stattfindet. Den Winter verbringt man in einer der rheinischen Pfalzen, wahrscheinlich war es Ingelheim.<\/p>\n<p>986 h\u00e4lt man sich zun\u00e4chst in Sachsen auf und f\u00fchrt im Juni \u00fcber Merseburg einen Feldzug gegen die Elbslaven und B\u00f6hmen durch. Im November besucht man dann Duisburg, Dortmund und feiert Weihnachten in K\u00f6ln.<\/p>\n<p>Im Januar 987 findet man Theophanu und Otto in Ingelheim von wo aus man nach Nimwegen aufbricht.<\/p>\n<p>Erst im April 888 h\u00e4lt man sich , zur Feier des Osterfests, wieder in der Region, genauer gesagt Ingelheim auf. Von dort geht es nach Frankfurt und im Anschluss in das Dauerhaft umk\u00e4mpfte Lothringen. Erst im Juli 889 ist man wieder in der Region, wieder in Ingelheim. Im September reist Otto \u00fcber Lorsch nach Frankfurt um im Oktober in Gandersheim zu sein.<\/p>\n<p>Theophanu reist nun nach Rom. Otto befand sich wohl zuerst bei Mathilde von Quedlinburg , befindet sich aber im Januar 990 unter Obhut Williges von Mainz in Heiligenstadt. Das Osterfest verbringen Otto und Willigis in Mainz. Anfang Juni trifft auch Teophanu wieder in Mainz ein, von wo aus man sich nach Frankfurt begibt und nach Sachsen reist.<\/p>\n<p>Im Juni 991 stirbt Theophanu und Adelheid kehrt an den Hof zur\u00fcck. Mitte Januar 992 wird ein Hoftag in Frankfurt abgehalten. Von dort zieht man nach Ingelheim und weiter nach Boppard.<\/p>\n<p>April 993 feiert man wieder Ostern in Ingelheim, das man in Richtung Worms verl\u00e4sst. Im Juni (Pfingesten) h\u00e4lt man sich in B\u00fcrgel bei Offenbach auf. Das Jahr 994 beginnt urkundenlos, wahrscheinlich hielt man sich in Sachsen auf, im April befindet man sich in Frankfurt. Im Juli in Mainz. Den Sommer verbringt Otto wohl in Ingelheim, wo man sich auch im November aufh\u00e4lt.<\/p>\n<p>Erst im November 995 kann man Otto wieder in der Region nachweisen, dieses mal in Mainz., Frankfurt und wieder Mainz. Bei diesem Aufenthalt in Mainz h\u00e4lt sich auch Mathilde von Quedlinburg auf, der ja Trebur zu diesem Zeitpunkt geh\u00f6rte. Hilt sie sich dort auf?<\/p>\n<p>Im Januar 996 befindet sich Otto wieder in Mainz um im Anschluss in Ingelheim eine Synode durch zu f\u00fchren von wo aus Otto III. zu einer Romfahrt aufbricht.\u00a0Mitte August 996 kehrt er wieder zur\u00fcck und befindet sich im September in Ingelheim wo er sich mit Willigis und wahrscheinlich Adelheid trifft. Hier h\u00e4lt sich Otto bis Ende Oktober \u00a0in der Gesellschaft Gerberts von Aurillac und Adalberts von Prag auf.<\/p>\n<p>Im Dezember 997 zieht Otto erneut nach Italien. In seiner Abwesenheit wird durch Mathilde von Quedlinburg im Januar 999 in Magdeburg ein F\u00fcrstentag abgehalten. Am 8. Februar stirbt Mathilde. Es werden Boten nach Erstein zu Adelheid und nach Rom zu Otto\u00a0entsandt. \u00a0Wahrscheinlich mit dem Tod Mathildes f\u00e4llt die Pfalz Tribur wieder zur\u00fcck an den K\u00f6nig.<\/p>\n<p>Erst im Januar des Jahres 1000kehr Otto III. \u00fcber die Alpen zur\u00fcck. \u00dcber Regensburg, wo er mit Willigis zusammentrift, reist er nach Mei\u00dfen. Er zieht weiter nach Osten zu Herzog Boleslaw von Polen. Den letzten Teil seiner Reise nach Gnesen f\u00fchrt er im B\u00fc\u00dfergewand durch um der Reise den\u00a0Charakter\u00a0einer Wallfahrt zum Grab Adalberts in Gensen zu geben. Boleslaw will Otto jedoch den Go\u00dfteil der Reliquien nicht aush\u00e4ndigen, weshalb er von Otto nicht zum K\u00f6nig von Polen gekr\u00f6nt wird. Es findet aber ein mehrt\u00e4giges Fest inklusive Festkr\u00f6nung statt. Boleslaw erh\u00e4lt zudem eine Replik der heiligen Lanze. (<a href=\"http:\/\/pl.wikipedia.org\/wiki\/W%C5%82%C3%B3cznia_%C5%9Awi%C4%99tego_Maurycego_(Krak%C3%B3w)\" target=\"_blank\">Hier bei der polnischen Wikipedia die Lanze<\/a>)<\/p>\n<p>Um den 10. M\u00e4rz tritt Otto die R\u00fcckreise an. Boleslaw gew\u00e4hrt im eine Eskorte von 300 gepanzerten Reitern bis Magdeburg. Von Magdeburg reist er nach Quedlinburg, wo er Ostern verbringt. Am 7. April verl\u00e4sst Otto III. mit seiner Schwester Adelheid und Herzog Boleslaw (wo sind eigentlich die 300 Panzerreiter?) Quedlinburg. Am 21. bis 23. April macht der Zug Station in Trebur!<\/p>\n<p>Weiter gehts nach Magdeburg, wo man das Grab Karls des Gro\u00dfen \u00f6ffnet. Otto nimmt das Kreuz Karls, dessen Kleidung und einen Zahn an sich und l\u00e4sst den Toten wieder beisetzten. Der goldenen Thron erh\u00e4lt Boleslaw und Otto im Gegenzug den Arm des hl. Adalbert.<\/p>\n<p>Ende Mai verl\u00e4sst Otto Aachen wieder mit gro\u00dfem Gefolge und ist doch prompt wieder in Trebur! Vom 29.-31. Mai zeichnet er 5 Urkunden in Trebur.<\/p>\n<p>\u00dcber\u00a0Bruchsal,\u00a0\u00a0Hohentwiel und Chur gehts wieder nach Italien wo er 1002 stirbt.<\/p>\n<p>&nbsp;<\/p>\n<p>&nbsp;<\/p>\n<p>&nbsp;<\/p>\n","protected":false},"excerpt":{"rendered":"<p>Eigentlich wollte ich mit Otto III. und Trebur ein bisschen warten, denn im Moment lese ich , mehr so nebenbei die Bio \u00fcber Otto III. von Gerd Altholff. Aber mit Althoff und dem Nebenbei&#46;&#46;&#46;<\/p>\n","protected":false},"author":2,"featured_media":0,"comment_status":"open","ping_status":"open","sticky":false,"template":"","format":"standard","meta":{"jetpack_post_was_ever_published":false,"_jetpack_newsletter_access":"","_jetpack_dont_email_post_to_subs":false,"_jetpack_newsletter_tier_id":0,"_jetpack_memberships_contains_paywalled_content":false,"_jetpack_memberships_contains_paid_content":false,"footnotes":"","jetpack_publicize_message":"","jetpack_publicize_feature_enabled":true,"jetpack_social_post_already_shared":false,"jetpack_social_options":{"image_generator_settings":{"template":"highway","default_image_id":0,"font":"","enabled":false},"version":2}},"categories":[1],"tags":[11,12,46,35,49,16],"class_list":["post-18002","post","type-post","status-publish","format-standard","hentry","category-geschichte","tag-fruhmittelalter","tag-hochmittelalter","tag-ottonisch","tag-pfalz","tag-recherche","tag-trebur"],"yoast_head":"<!-- This site is optimized with the Yoast SEO plugin v27.5 - https:\/\/yoast.com\/product\/yoast-seo-wordpress\/ -->\n<title>Otto III. und Trebur - Tribur.de<\/title>\n<meta name=\"robots\" content=\"index, follow, max-snippet:-1, max-image-preview:large, max-video-preview:-1\" \/>\n<link rel=\"canonical\" href=\"https:\/\/www.tribur.de\/blog\/2011\/12\/08\/otto-iii-und-trebur\/\" \/>\n<meta property=\"og:locale\" content=\"de_DE\" \/>\n<meta property=\"og:type\" content=\"article\" \/>\n<meta property=\"og:title\" content=\"Otto III. und Trebur - Tribur.de\" \/>\n<meta property=\"og:description\" content=\"Eigentlich wollte ich mit Otto III. und Trebur ein bisschen warten, denn im Moment lese ich , mehr so nebenbei die Bio \u00fcber Otto III. von Gerd Altholff. Aber mit Althoff und dem Nebenbei&#046;&#046;&#046;\" \/>\n<meta property=\"og:url\" content=\"https:\/\/www.tribur.de\/blog\/2011\/12\/08\/otto-iii-und-trebur\/\" \/>\n<meta property=\"og:site_name\" content=\"Tribur.de\" \/>\n<meta property=\"article:publisher\" content=\"http:\/\/www.facebook.com\/pages\/Triburde\/184352328288771\" \/>\n<meta property=\"article:author\" content=\"http:\/\/www.facebook.com\/pages\/Triburde\/184352328288771\" \/>\n<meta property=\"article:published_time\" content=\"2011-12-08T10:12:57+00:00\" \/>\n<meta property=\"og:image\" content=\"https:\/\/i0.wp.com\/www.tribur.de\/blog\/wp-content\/uploads\/2018\/09\/cropped-logotest-2.jpg?fit=200%2C200&ssl=1\" \/>\n\t<meta property=\"og:image:width\" content=\"200\" \/>\n\t<meta property=\"og:image:height\" content=\"200\" \/>\n\t<meta property=\"og:image:type\" content=\"image\/jpeg\" \/>\n<meta name=\"author\" content=\"Markus Zwittmeier\" \/>\n<meta name=\"twitter:card\" content=\"summary_large_image\" \/>\n<meta name=\"twitter:creator\" content=\"@https:\/\/twitter.com\/tribur\" \/>\n<meta name=\"twitter:site\" content=\"@tribur\" \/>\n<meta name=\"twitter:label1\" content=\"Verfasst von\" \/>\n\t<meta name=\"twitter:data1\" content=\"Markus Zwittmeier\" \/>\n\t<meta name=\"twitter:label2\" content=\"Gesch\u00e4tzte Lesezeit\" \/>\n\t<meta name=\"twitter:data2\" content=\"6\u00a0Minuten\" \/>\n<script type=\"application\/ld+json\" class=\"yoast-schema-graph\">{\"@context\":\"https:\\\/\\\/schema.org\",\"@graph\":[{\"@type\":\"Article\",\"@id\":\"https:\\\/\\\/www.tribur.de\\\/blog\\\/2011\\\/12\\\/08\\\/otto-iii-und-trebur\\\/#article\",\"isPartOf\":{\"@id\":\"https:\\\/\\\/www.tribur.de\\\/blog\\\/2011\\\/12\\\/08\\\/otto-iii-und-trebur\\\/\"},\"author\":{\"name\":\"Markus Zwittmeier\",\"@id\":\"https:\\\/\\\/www.tribur.de\\\/blog\\\/#\\\/schema\\\/person\\\/3119997f09f43791809c2d1af27bba6c\"},\"headline\":\"Otto III. und Trebur\",\"datePublished\":\"2011-12-08T10:12:57+00:00\",\"mainEntityOfPage\":{\"@id\":\"https:\\\/\\\/www.tribur.de\\\/blog\\\/2011\\\/12\\\/08\\\/otto-iii-und-trebur\\\/\"},\"wordCount\":1195,\"commentCount\":1,\"publisher\":{\"@id\":\"https:\\\/\\\/www.tribur.de\\\/blog\\\/#\\\/schema\\\/person\\\/3119997f09f43791809c2d1af27bba6c\"},\"keywords\":[\"Fr\u00fchmittelalter\",\"Hochmittelalter\",\"ottonisch\",\"Pfalz\",\"Recherche\",\"Trebur\\\/Tribur\"],\"articleSection\":[\"Geschichte\"],\"inLanguage\":\"de\",\"potentialAction\":[{\"@type\":\"CommentAction\",\"name\":\"Comment\",\"target\":[\"https:\\\/\\\/www.tribur.de\\\/blog\\\/2011\\\/12\\\/08\\\/otto-iii-und-trebur\\\/#respond\"]}]},{\"@type\":\"WebPage\",\"@id\":\"https:\\\/\\\/www.tribur.de\\\/blog\\\/2011\\\/12\\\/08\\\/otto-iii-und-trebur\\\/\",\"url\":\"https:\\\/\\\/www.tribur.de\\\/blog\\\/2011\\\/12\\\/08\\\/otto-iii-und-trebur\\\/\",\"name\":\"Otto III. und Trebur - Tribur.de\",\"isPartOf\":{\"@id\":\"https:\\\/\\\/www.tribur.de\\\/blog\\\/#website\"},\"datePublished\":\"2011-12-08T10:12:57+00:00\",\"breadcrumb\":{\"@id\":\"https:\\\/\\\/www.tribur.de\\\/blog\\\/2011\\\/12\\\/08\\\/otto-iii-und-trebur\\\/#breadcrumb\"},\"inLanguage\":\"de\",\"potentialAction\":[{\"@type\":\"ReadAction\",\"target\":[\"https:\\\/\\\/www.tribur.de\\\/blog\\\/2011\\\/12\\\/08\\\/otto-iii-und-trebur\\\/\"]}]},{\"@type\":\"BreadcrumbList\",\"@id\":\"https:\\\/\\\/www.tribur.de\\\/blog\\\/2011\\\/12\\\/08\\\/otto-iii-und-trebur\\\/#breadcrumb\",\"itemListElement\":[{\"@type\":\"ListItem\",\"position\":1,\"name\":\"Home\",\"item\":\"https:\\\/\\\/www.tribur.de\\\/blog\\\/\"},{\"@type\":\"ListItem\",\"position\":2,\"name\":\"Otto III. und Trebur\"}]},{\"@type\":\"WebSite\",\"@id\":\"https:\\\/\\\/www.tribur.de\\\/blog\\\/#website\",\"url\":\"https:\\\/\\\/www.tribur.de\\\/blog\\\/\",\"name\":\"Tribur.de\",\"description\":\"Tribur.de - Geschichte und so Zeugs\",\"publisher\":{\"@id\":\"https:\\\/\\\/www.tribur.de\\\/blog\\\/#\\\/schema\\\/person\\\/3119997f09f43791809c2d1af27bba6c\"},\"potentialAction\":[{\"@type\":\"SearchAction\",\"target\":{\"@type\":\"EntryPoint\",\"urlTemplate\":\"https:\\\/\\\/www.tribur.de\\\/blog\\\/?s={search_term_string}\"},\"query-input\":{\"@type\":\"PropertyValueSpecification\",\"valueRequired\":true,\"valueName\":\"search_term_string\"}}],\"inLanguage\":\"de\"},{\"@type\":[\"Person\",\"Organization\"],\"@id\":\"https:\\\/\\\/www.tribur.de\\\/blog\\\/#\\\/schema\\\/person\\\/3119997f09f43791809c2d1af27bba6c\",\"name\":\"Markus Zwittmeier\",\"image\":{\"@type\":\"ImageObject\",\"inLanguage\":\"de\",\"@id\":\"https:\\\/\\\/i0.wp.com\\\/www.tribur.de\\\/blog\\\/wp-content\\\/uploads\\\/2018\\\/09\\\/cropped-logotest-4.jpg?fit=200%2C200&ssl=1\",\"url\":\"https:\\\/\\\/i0.wp.com\\\/www.tribur.de\\\/blog\\\/wp-content\\\/uploads\\\/2018\\\/09\\\/cropped-logotest-4.jpg?fit=200%2C200&ssl=1\",\"contentUrl\":\"https:\\\/\\\/i0.wp.com\\\/www.tribur.de\\\/blog\\\/wp-content\\\/uploads\\\/2018\\\/09\\\/cropped-logotest-4.jpg?fit=200%2C200&ssl=1\",\"width\":200,\"height\":200,\"caption\":\"Markus Zwittmeier\"},\"logo\":{\"@id\":\"https:\\\/\\\/i0.wp.com\\\/www.tribur.de\\\/blog\\\/wp-content\\\/uploads\\\/2018\\\/09\\\/cropped-logotest-4.jpg?fit=200%2C200&ssl=1\"},\"sameAs\":[\"http:\\\/\\\/www.Tribur.de\",\"http:\\\/\\\/www.facebook.com\\\/pages\\\/Triburde\\\/184352328288771\",\"https:\\\/\\\/www.instagram.com\\\/tribur.de\\\/\",\"https:\\\/\\\/x.com\\\/https:\\\/\\\/twitter.com\\\/tribur\",\"https:\\\/\\\/www.youtube.com\\\/channel\\\/UCnEonou-x6_P4XPjBk2htCA\"],\"url\":\"https:\\\/\\\/www.tribur.de\\\/blog\\\/author\\\/markus\\\/\"}]}<\/script>\n<!-- \/ Yoast SEO plugin. -->","yoast_head_json":{"title":"Otto III. und Trebur - Tribur.de","robots":{"index":"index","follow":"follow","max-snippet":"max-snippet:-1","max-image-preview":"max-image-preview:large","max-video-preview":"max-video-preview:-1"},"canonical":"https:\/\/www.tribur.de\/blog\/2011\/12\/08\/otto-iii-und-trebur\/","og_locale":"de_DE","og_type":"article","og_title":"Otto III. und Trebur - Tribur.de","og_description":"Eigentlich wollte ich mit Otto III. und Trebur ein bisschen warten, denn im Moment lese ich , mehr so nebenbei die Bio \u00fcber Otto III. von Gerd Altholff. Aber mit Althoff und dem Nebenbei&#46;&#46;&#46;","og_url":"https:\/\/www.tribur.de\/blog\/2011\/12\/08\/otto-iii-und-trebur\/","og_site_name":"Tribur.de","article_publisher":"http:\/\/www.facebook.com\/pages\/Triburde\/184352328288771","article_author":"http:\/\/www.facebook.com\/pages\/Triburde\/184352328288771","article_published_time":"2011-12-08T10:12:57+00:00","og_image":[{"width":200,"height":200,"url":"https:\/\/i0.wp.com\/www.tribur.de\/blog\/wp-content\/uploads\/2018\/09\/cropped-logotest-2.jpg?fit=200%2C200&ssl=1","type":"image\/jpeg"}],"author":"Markus Zwittmeier","twitter_card":"summary_large_image","twitter_creator":"@https:\/\/twitter.com\/tribur","twitter_site":"@tribur","twitter_misc":{"Verfasst von":"Markus Zwittmeier","Gesch\u00e4tzte Lesezeit":"6\u00a0Minuten"},"schema":{"@context":"https:\/\/schema.org","@graph":[{"@type":"Article","@id":"https:\/\/www.tribur.de\/blog\/2011\/12\/08\/otto-iii-und-trebur\/#article","isPartOf":{"@id":"https:\/\/www.tribur.de\/blog\/2011\/12\/08\/otto-iii-und-trebur\/"},"author":{"name":"Markus Zwittmeier","@id":"https:\/\/www.tribur.de\/blog\/#\/schema\/person\/3119997f09f43791809c2d1af27bba6c"},"headline":"Otto III. und Trebur","datePublished":"2011-12-08T10:12:57+00:00","mainEntityOfPage":{"@id":"https:\/\/www.tribur.de\/blog\/2011\/12\/08\/otto-iii-und-trebur\/"},"wordCount":1195,"commentCount":1,"publisher":{"@id":"https:\/\/www.tribur.de\/blog\/#\/schema\/person\/3119997f09f43791809c2d1af27bba6c"},"keywords":["Fr\u00fchmittelalter","Hochmittelalter","ottonisch","Pfalz","Recherche","Trebur\/Tribur"],"articleSection":["Geschichte"],"inLanguage":"de","potentialAction":[{"@type":"CommentAction","name":"Comment","target":["https:\/\/www.tribur.de\/blog\/2011\/12\/08\/otto-iii-und-trebur\/#respond"]}]},{"@type":"WebPage","@id":"https:\/\/www.tribur.de\/blog\/2011\/12\/08\/otto-iii-und-trebur\/","url":"https:\/\/www.tribur.de\/blog\/2011\/12\/08\/otto-iii-und-trebur\/","name":"Otto III. und Trebur - Tribur.de","isPartOf":{"@id":"https:\/\/www.tribur.de\/blog\/#website"},"datePublished":"2011-12-08T10:12:57+00:00","breadcrumb":{"@id":"https:\/\/www.tribur.de\/blog\/2011\/12\/08\/otto-iii-und-trebur\/#breadcrumb"},"inLanguage":"de","potentialAction":[{"@type":"ReadAction","target":["https:\/\/www.tribur.de\/blog\/2011\/12\/08\/otto-iii-und-trebur\/"]}]},{"@type":"BreadcrumbList","@id":"https:\/\/www.tribur.de\/blog\/2011\/12\/08\/otto-iii-und-trebur\/#breadcrumb","itemListElement":[{"@type":"ListItem","position":1,"name":"Home","item":"https:\/\/www.tribur.de\/blog\/"},{"@type":"ListItem","position":2,"name":"Otto III. und Trebur"}]},{"@type":"WebSite","@id":"https:\/\/www.tribur.de\/blog\/#website","url":"https:\/\/www.tribur.de\/blog\/","name":"Tribur.de","description":"Tribur.de - Geschichte und so Zeugs","publisher":{"@id":"https:\/\/www.tribur.de\/blog\/#\/schema\/person\/3119997f09f43791809c2d1af27bba6c"},"potentialAction":[{"@type":"SearchAction","target":{"@type":"EntryPoint","urlTemplate":"https:\/\/www.tribur.de\/blog\/?s={search_term_string}"},"query-input":{"@type":"PropertyValueSpecification","valueRequired":true,"valueName":"search_term_string"}}],"inLanguage":"de"},{"@type":["Person","Organization"],"@id":"https:\/\/www.tribur.de\/blog\/#\/schema\/person\/3119997f09f43791809c2d1af27bba6c","name":"Markus Zwittmeier","image":{"@type":"ImageObject","inLanguage":"de","@id":"https:\/\/i0.wp.com\/www.tribur.de\/blog\/wp-content\/uploads\/2018\/09\/cropped-logotest-4.jpg?fit=200%2C200&ssl=1","url":"https:\/\/i0.wp.com\/www.tribur.de\/blog\/wp-content\/uploads\/2018\/09\/cropped-logotest-4.jpg?fit=200%2C200&ssl=1","contentUrl":"https:\/\/i0.wp.com\/www.tribur.de\/blog\/wp-content\/uploads\/2018\/09\/cropped-logotest-4.jpg?fit=200%2C200&ssl=1","width":200,"height":200,"caption":"Markus Zwittmeier"},"logo":{"@id":"https:\/\/i0.wp.com\/www.tribur.de\/blog\/wp-content\/uploads\/2018\/09\/cropped-logotest-4.jpg?fit=200%2C200&ssl=1"},"sameAs":["http:\/\/www.Tribur.de","http:\/\/www.facebook.com\/pages\/Triburde\/184352328288771","https:\/\/www.instagram.com\/tribur.de\/","https:\/\/x.com\/https:\/\/twitter.com\/tribur","https:\/\/www.youtube.com\/channel\/UCnEonou-x6_P4XPjBk2htCA"],"url":"https:\/\/www.tribur.de\/blog\/author\/markus\/"}]}},"jetpack_publicize_connections":[],"jetpack_featured_media_url":"","jetpack_shortlink":"https:\/\/wp.me\/p1mHPu-4Gm","jetpack_sharing_enabled":true,"_links":{"self":[{"href":"https:\/\/www.tribur.de\/blog\/wp-json\/wp\/v2\/posts\/18002","targetHints":{"allow":["GET"]}}],"collection":[{"href":"https:\/\/www.tribur.de\/blog\/wp-json\/wp\/v2\/posts"}],"about":[{"href":"https:\/\/www.tribur.de\/blog\/wp-json\/wp\/v2\/types\/post"}],"author":[{"embeddable":true,"href":"https:\/\/www.tribur.de\/blog\/wp-json\/wp\/v2\/users\/2"}],"replies":[{"embeddable":true,"href":"https:\/\/www.tribur.de\/blog\/wp-json\/wp\/v2\/comments?post=18002"}],"version-history":[{"count":17,"href":"https:\/\/www.tribur.de\/blog\/wp-json\/wp\/v2\/posts\/18002\/revisions"}],"predecessor-version":[{"id":18141,"href":"https:\/\/www.tribur.de\/blog\/wp-json\/wp\/v2\/posts\/18002\/revisions\/18141"}],"wp:attachment":[{"href":"https:\/\/www.tribur.de\/blog\/wp-json\/wp\/v2\/media?parent=18002"}],"wp:term":[{"taxonomy":"category","embeddable":true,"href":"https:\/\/www.tribur.de\/blog\/wp-json\/wp\/v2\/categories?post=18002"},{"taxonomy":"post_tag","embeddable":true,"href":"https:\/\/www.tribur.de\/blog\/wp-json\/wp\/v2\/tags?post=18002"}],"curies":[{"name":"wp","href":"https:\/\/api.w.org\/{rel}","templated":true}]}}