{"id":17915,"date":"2011-11-23T13:07:19","date_gmt":"2011-11-23T12:07:19","guid":{"rendered":"http:\/\/www.tribur.de\/blog\/?p=17915"},"modified":"2011-11-23T13:07:19","modified_gmt":"2011-11-23T12:07:19","slug":"otto-ii-in-trebur-einige-gedanken","status":"publish","type":"post","link":"https:\/\/www.tribur.de\/blog\/2011\/11\/23\/otto-ii-in-trebur-einige-gedanken\/","title":{"rendered":"Otto II. in Trebur &#8211; einige Gedanken"},"content":{"rendered":"<p>Bevor ich diese Gedanken niedergeschrieben hatte, hab ich erst einmal eine Nacht \u00fcber Otto II. geschlafen, denn mit einigen Aufenthalten hatte ich zun\u00e4chst meine Probleme.<br \/>\nSo schienen mir die ersten Aufenthalte seltsam. Otto in Worms, dann in Trebur und wieder in Worms.<br \/>\nGanz \u00e4hnlich seltsam ist das Otto 975 nicht von Boppard direkt nach Frankfurt reist sondern einen Abstecher nach Trebur macht. <\/p>\n<p>Aber Abstecher ist fast das richtige Wort. <\/p>\n<p>Seine Mutter Adelheid war nat\u00fcrlich Witwe. Trebur war Witwengut und es scheint diese Funktion nicht nur in wirtschaftlicher Weise ausge\u00fcbt zu haben. Die Abstecher Ottos wecken den Eindruck als habe dieser seine Mutter in Trebur besucht. Nat\u00fcrlich heist das nicht Adelheid habe sich nur in Trebur aufgehalten. Sie sollte nur zeitweilig hier gewesen sein.<br \/>\nAber selbst wenn sie nur zeitweise hier war, so ergeben sich dadurch neue Aspekte.<br \/>\nDie Damenwelt war allgemein etwas komfortabler untergebracht als die Herren. Man wird also von einer festen (steinerne?) Behausung ausgehen, die auch beheizbar war. Eine durchaus adequate Kirche war ja ebenfalls vorhanden. <\/p>\n<p>Die letzte beiden Aufenthalte 980 jedoch stehen unter einem ganz anderen Vorzeichen. Bei dem ersten Aufenthalt im Ap\u00fcril 980 f\u00e4llt auf das Theophanu aktiv in der Urkunde erscheint. Theophanu und Adelheid konnten nicht sonderlich gut mit einander, weshalb die Mutter den Hof verlassen hatte. Hatte sich die Schwiegertochter des Gutes bem\u00e4chtigt?<br \/>\nSicher ist das Otto bereits den Plan zu seinem Italienzug gefasst hatte. Hatte er also f\u00fcr einen Ort gesucht an dem er und sein Gefolge Rast machen konnten? Zumindest machte er im Oktober 980 mehrere Tage Stopp in Trebur. Es ist das erste mal seit langem, dass wieder ein Herrscher sicher mit einer gro\u00dfen Anzahl Personen in Trebur weilt.<\/p>\n","protected":false},"excerpt":{"rendered":"<p>Bevor ich diese Gedanken niedergeschrieben hatte, hab ich erst einmal eine Nacht \u00fcber Otto II. geschlafen, denn mit einigen Aufenthalten hatte ich zun\u00e4chst meine Probleme. So schienen mir die ersten Aufenthalte seltsam. Otto in&#46;&#46;&#46;<\/p>\n","protected":false},"author":2,"featured_media":0,"comment_status":"open","ping_status":"open","sticky":false,"template":"","format":"standard","meta":{"jetpack_post_was_ever_published":false,"_jetpack_newsletter_access":"","_jetpack_dont_email_post_to_subs":false,"_jetpack_newsletter_tier_id":0,"_jetpack_memberships_contains_paywalled_content":false,"_jetpack_memberships_contains_paid_content":false,"footnotes":"","jetpack_publicize_message":"","jetpack_publicize_feature_enabled":true,"jetpack_social_post_already_shared":false,"jetpack_social_options":{"image_generator_settings":{"template":"highway","default_image_id":0,"font":"","enabled":false},"version":2}},"categories":[1],"tags":[11,46,35,49,37,16],"class_list":["post-17915","post","type-post","status-publish","format-standard","hentry","category-geschichte","tag-fruhmittelalter","tag-ottonisch","tag-pfalz","tag-recherche","tag-theorie","tag-trebur"],"yoast_head":"<!-- This site is optimized with the Yoast SEO plugin v27.4 - https:\/\/yoast.com\/product\/yoast-seo-wordpress\/ -->\n<title>Otto II. in Trebur - einige Gedanken - Tribur.de<\/title>\n<meta name=\"robots\" content=\"index, follow, max-snippet:-1, max-image-preview:large, max-video-preview:-1\" \/>\n<link rel=\"canonical\" href=\"https:\/\/www.tribur.de\/blog\/2011\/11\/23\/otto-ii-in-trebur-einige-gedanken\/\" \/>\n<meta property=\"og:locale\" content=\"de_DE\" \/>\n<meta property=\"og:type\" content=\"article\" \/>\n<meta property=\"og:title\" content=\"Otto II. in Trebur - einige Gedanken - Tribur.de\" \/>\n<meta property=\"og:description\" content=\"Bevor ich diese Gedanken niedergeschrieben hatte, hab ich erst einmal eine Nacht \u00fcber Otto II. geschlafen, denn mit einigen Aufenthalten hatte ich zun\u00e4chst meine Probleme. So schienen mir die ersten Aufenthalte seltsam. Otto in&#046;&#046;&#046;\" \/>\n<meta property=\"og:url\" content=\"https:\/\/www.tribur.de\/blog\/2011\/11\/23\/otto-ii-in-trebur-einige-gedanken\/\" \/>\n<meta property=\"og:site_name\" content=\"Tribur.de\" \/>\n<meta property=\"article:publisher\" content=\"http:\/\/www.facebook.com\/pages\/Triburde\/184352328288771\" \/>\n<meta property=\"article:author\" content=\"http:\/\/www.facebook.com\/pages\/Triburde\/184352328288771\" \/>\n<meta property=\"article:published_time\" content=\"2011-11-23T12:07:19+00:00\" \/>\n<meta property=\"og:image\" content=\"https:\/\/i0.wp.com\/www.tribur.de\/blog\/wp-content\/uploads\/2018\/09\/cropped-logotest-2.jpg?fit=200%2C200&ssl=1\" \/>\n\t<meta property=\"og:image:width\" content=\"200\" \/>\n\t<meta property=\"og:image:height\" content=\"200\" \/>\n\t<meta property=\"og:image:type\" content=\"image\/jpeg\" \/>\n<meta name=\"author\" content=\"Markus Zwittmeier\" \/>\n<meta name=\"twitter:card\" content=\"summary_large_image\" \/>\n<meta name=\"twitter:creator\" content=\"@https:\/\/twitter.com\/tribur\" \/>\n<meta name=\"twitter:site\" content=\"@tribur\" \/>\n<meta name=\"twitter:label1\" content=\"Verfasst von\" \/>\n\t<meta name=\"twitter:data1\" content=\"Markus Zwittmeier\" \/>\n\t<meta name=\"twitter:label2\" content=\"Gesch\u00e4tzte Lesezeit\" \/>\n\t<meta name=\"twitter:data2\" content=\"1\u00a0Minute\" \/>\n<script type=\"application\/ld+json\" class=\"yoast-schema-graph\">{\"@context\":\"https:\\\/\\\/schema.org\",\"@graph\":[{\"@type\":\"Article\",\"@id\":\"https:\\\/\\\/www.tribur.de\\\/blog\\\/2011\\\/11\\\/23\\\/otto-ii-in-trebur-einige-gedanken\\\/#article\",\"isPartOf\":{\"@id\":\"https:\\\/\\\/www.tribur.de\\\/blog\\\/2011\\\/11\\\/23\\\/otto-ii-in-trebur-einige-gedanken\\\/\"},\"author\":{\"name\":\"Markus Zwittmeier\",\"@id\":\"https:\\\/\\\/www.tribur.de\\\/blog\\\/#\\\/schema\\\/person\\\/3119997f09f43791809c2d1af27bba6c\"},\"headline\":\"Otto II. in Trebur &#8211; einige Gedanken\",\"datePublished\":\"2011-11-23T12:07:19+00:00\",\"mainEntityOfPage\":{\"@id\":\"https:\\\/\\\/www.tribur.de\\\/blog\\\/2011\\\/11\\\/23\\\/otto-ii-in-trebur-einige-gedanken\\\/\"},\"wordCount\":290,\"commentCount\":0,\"publisher\":{\"@id\":\"https:\\\/\\\/www.tribur.de\\\/blog\\\/#\\\/schema\\\/person\\\/3119997f09f43791809c2d1af27bba6c\"},\"keywords\":[\"Fr\u00fchmittelalter\",\"ottonisch\",\"Pfalz\",\"Recherche\",\"Theorie\",\"Trebur\\\/Tribur\"],\"articleSection\":[\"Geschichte\"],\"inLanguage\":\"de\",\"potentialAction\":[{\"@type\":\"CommentAction\",\"name\":\"Comment\",\"target\":[\"https:\\\/\\\/www.tribur.de\\\/blog\\\/2011\\\/11\\\/23\\\/otto-ii-in-trebur-einige-gedanken\\\/#respond\"]}]},{\"@type\":\"WebPage\",\"@id\":\"https:\\\/\\\/www.tribur.de\\\/blog\\\/2011\\\/11\\\/23\\\/otto-ii-in-trebur-einige-gedanken\\\/\",\"url\":\"https:\\\/\\\/www.tribur.de\\\/blog\\\/2011\\\/11\\\/23\\\/otto-ii-in-trebur-einige-gedanken\\\/\",\"name\":\"Otto II. in Trebur - einige Gedanken - Tribur.de\",\"isPartOf\":{\"@id\":\"https:\\\/\\\/www.tribur.de\\\/blog\\\/#website\"},\"datePublished\":\"2011-11-23T12:07:19+00:00\",\"breadcrumb\":{\"@id\":\"https:\\\/\\\/www.tribur.de\\\/blog\\\/2011\\\/11\\\/23\\\/otto-ii-in-trebur-einige-gedanken\\\/#breadcrumb\"},\"inLanguage\":\"de\",\"potentialAction\":[{\"@type\":\"ReadAction\",\"target\":[\"https:\\\/\\\/www.tribur.de\\\/blog\\\/2011\\\/11\\\/23\\\/otto-ii-in-trebur-einige-gedanken\\\/\"]}]},{\"@type\":\"BreadcrumbList\",\"@id\":\"https:\\\/\\\/www.tribur.de\\\/blog\\\/2011\\\/11\\\/23\\\/otto-ii-in-trebur-einige-gedanken\\\/#breadcrumb\",\"itemListElement\":[{\"@type\":\"ListItem\",\"position\":1,\"name\":\"Home\",\"item\":\"https:\\\/\\\/www.tribur.de\\\/blog\\\/\"},{\"@type\":\"ListItem\",\"position\":2,\"name\":\"Otto II. in Trebur &#8211; einige Gedanken\"}]},{\"@type\":\"WebSite\",\"@id\":\"https:\\\/\\\/www.tribur.de\\\/blog\\\/#website\",\"url\":\"https:\\\/\\\/www.tribur.de\\\/blog\\\/\",\"name\":\"Tribur.de\",\"description\":\"Tribur.de - Geschichte und so Zeugs\",\"publisher\":{\"@id\":\"https:\\\/\\\/www.tribur.de\\\/blog\\\/#\\\/schema\\\/person\\\/3119997f09f43791809c2d1af27bba6c\"},\"potentialAction\":[{\"@type\":\"SearchAction\",\"target\":{\"@type\":\"EntryPoint\",\"urlTemplate\":\"https:\\\/\\\/www.tribur.de\\\/blog\\\/?s={search_term_string}\"},\"query-input\":{\"@type\":\"PropertyValueSpecification\",\"valueRequired\":true,\"valueName\":\"search_term_string\"}}],\"inLanguage\":\"de\"},{\"@type\":[\"Person\",\"Organization\"],\"@id\":\"https:\\\/\\\/www.tribur.de\\\/blog\\\/#\\\/schema\\\/person\\\/3119997f09f43791809c2d1af27bba6c\",\"name\":\"Markus Zwittmeier\",\"image\":{\"@type\":\"ImageObject\",\"inLanguage\":\"de\",\"@id\":\"https:\\\/\\\/i0.wp.com\\\/www.tribur.de\\\/blog\\\/wp-content\\\/uploads\\\/2018\\\/09\\\/cropped-logotest-4.jpg?fit=200%2C200&ssl=1\",\"url\":\"https:\\\/\\\/i0.wp.com\\\/www.tribur.de\\\/blog\\\/wp-content\\\/uploads\\\/2018\\\/09\\\/cropped-logotest-4.jpg?fit=200%2C200&ssl=1\",\"contentUrl\":\"https:\\\/\\\/i0.wp.com\\\/www.tribur.de\\\/blog\\\/wp-content\\\/uploads\\\/2018\\\/09\\\/cropped-logotest-4.jpg?fit=200%2C200&ssl=1\",\"width\":200,\"height\":200,\"caption\":\"Markus Zwittmeier\"},\"logo\":{\"@id\":\"https:\\\/\\\/i0.wp.com\\\/www.tribur.de\\\/blog\\\/wp-content\\\/uploads\\\/2018\\\/09\\\/cropped-logotest-4.jpg?fit=200%2C200&ssl=1\"},\"sameAs\":[\"http:\\\/\\\/www.Tribur.de\",\"http:\\\/\\\/www.facebook.com\\\/pages\\\/Triburde\\\/184352328288771\",\"https:\\\/\\\/www.instagram.com\\\/tribur.de\\\/\",\"https:\\\/\\\/x.com\\\/https:\\\/\\\/twitter.com\\\/tribur\",\"https:\\\/\\\/www.youtube.com\\\/channel\\\/UCnEonou-x6_P4XPjBk2htCA\"],\"url\":\"https:\\\/\\\/www.tribur.de\\\/blog\\\/author\\\/markus\\\/\"}]}<\/script>\n<!-- \/ Yoast SEO plugin. -->","yoast_head_json":{"title":"Otto II. in Trebur - einige Gedanken - Tribur.de","robots":{"index":"index","follow":"follow","max-snippet":"max-snippet:-1","max-image-preview":"max-image-preview:large","max-video-preview":"max-video-preview:-1"},"canonical":"https:\/\/www.tribur.de\/blog\/2011\/11\/23\/otto-ii-in-trebur-einige-gedanken\/","og_locale":"de_DE","og_type":"article","og_title":"Otto II. in Trebur - einige Gedanken - Tribur.de","og_description":"Bevor ich diese Gedanken niedergeschrieben hatte, hab ich erst einmal eine Nacht \u00fcber Otto II. geschlafen, denn mit einigen Aufenthalten hatte ich zun\u00e4chst meine Probleme. So schienen mir die ersten Aufenthalte seltsam. Otto in&#46;&#46;&#46;","og_url":"https:\/\/www.tribur.de\/blog\/2011\/11\/23\/otto-ii-in-trebur-einige-gedanken\/","og_site_name":"Tribur.de","article_publisher":"http:\/\/www.facebook.com\/pages\/Triburde\/184352328288771","article_author":"http:\/\/www.facebook.com\/pages\/Triburde\/184352328288771","article_published_time":"2011-11-23T12:07:19+00:00","og_image":[{"width":200,"height":200,"url":"https:\/\/i0.wp.com\/www.tribur.de\/blog\/wp-content\/uploads\/2018\/09\/cropped-logotest-2.jpg?fit=200%2C200&ssl=1","type":"image\/jpeg"}],"author":"Markus Zwittmeier","twitter_card":"summary_large_image","twitter_creator":"@https:\/\/twitter.com\/tribur","twitter_site":"@tribur","twitter_misc":{"Verfasst von":"Markus Zwittmeier","Gesch\u00e4tzte Lesezeit":"1\u00a0Minute"},"schema":{"@context":"https:\/\/schema.org","@graph":[{"@type":"Article","@id":"https:\/\/www.tribur.de\/blog\/2011\/11\/23\/otto-ii-in-trebur-einige-gedanken\/#article","isPartOf":{"@id":"https:\/\/www.tribur.de\/blog\/2011\/11\/23\/otto-ii-in-trebur-einige-gedanken\/"},"author":{"name":"Markus Zwittmeier","@id":"https:\/\/www.tribur.de\/blog\/#\/schema\/person\/3119997f09f43791809c2d1af27bba6c"},"headline":"Otto II. in Trebur &#8211; einige Gedanken","datePublished":"2011-11-23T12:07:19+00:00","mainEntityOfPage":{"@id":"https:\/\/www.tribur.de\/blog\/2011\/11\/23\/otto-ii-in-trebur-einige-gedanken\/"},"wordCount":290,"commentCount":0,"publisher":{"@id":"https:\/\/www.tribur.de\/blog\/#\/schema\/person\/3119997f09f43791809c2d1af27bba6c"},"keywords":["Fr\u00fchmittelalter","ottonisch","Pfalz","Recherche","Theorie","Trebur\/Tribur"],"articleSection":["Geschichte"],"inLanguage":"de","potentialAction":[{"@type":"CommentAction","name":"Comment","target":["https:\/\/www.tribur.de\/blog\/2011\/11\/23\/otto-ii-in-trebur-einige-gedanken\/#respond"]}]},{"@type":"WebPage","@id":"https:\/\/www.tribur.de\/blog\/2011\/11\/23\/otto-ii-in-trebur-einige-gedanken\/","url":"https:\/\/www.tribur.de\/blog\/2011\/11\/23\/otto-ii-in-trebur-einige-gedanken\/","name":"Otto II. in Trebur - einige Gedanken - Tribur.de","isPartOf":{"@id":"https:\/\/www.tribur.de\/blog\/#website"},"datePublished":"2011-11-23T12:07:19+00:00","breadcrumb":{"@id":"https:\/\/www.tribur.de\/blog\/2011\/11\/23\/otto-ii-in-trebur-einige-gedanken\/#breadcrumb"},"inLanguage":"de","potentialAction":[{"@type":"ReadAction","target":["https:\/\/www.tribur.de\/blog\/2011\/11\/23\/otto-ii-in-trebur-einige-gedanken\/"]}]},{"@type":"BreadcrumbList","@id":"https:\/\/www.tribur.de\/blog\/2011\/11\/23\/otto-ii-in-trebur-einige-gedanken\/#breadcrumb","itemListElement":[{"@type":"ListItem","position":1,"name":"Home","item":"https:\/\/www.tribur.de\/blog\/"},{"@type":"ListItem","position":2,"name":"Otto II. in Trebur &#8211; einige Gedanken"}]},{"@type":"WebSite","@id":"https:\/\/www.tribur.de\/blog\/#website","url":"https:\/\/www.tribur.de\/blog\/","name":"Tribur.de","description":"Tribur.de - Geschichte und so Zeugs","publisher":{"@id":"https:\/\/www.tribur.de\/blog\/#\/schema\/person\/3119997f09f43791809c2d1af27bba6c"},"potentialAction":[{"@type":"SearchAction","target":{"@type":"EntryPoint","urlTemplate":"https:\/\/www.tribur.de\/blog\/?s={search_term_string}"},"query-input":{"@type":"PropertyValueSpecification","valueRequired":true,"valueName":"search_term_string"}}],"inLanguage":"de"},{"@type":["Person","Organization"],"@id":"https:\/\/www.tribur.de\/blog\/#\/schema\/person\/3119997f09f43791809c2d1af27bba6c","name":"Markus Zwittmeier","image":{"@type":"ImageObject","inLanguage":"de","@id":"https:\/\/i0.wp.com\/www.tribur.de\/blog\/wp-content\/uploads\/2018\/09\/cropped-logotest-4.jpg?fit=200%2C200&ssl=1","url":"https:\/\/i0.wp.com\/www.tribur.de\/blog\/wp-content\/uploads\/2018\/09\/cropped-logotest-4.jpg?fit=200%2C200&ssl=1","contentUrl":"https:\/\/i0.wp.com\/www.tribur.de\/blog\/wp-content\/uploads\/2018\/09\/cropped-logotest-4.jpg?fit=200%2C200&ssl=1","width":200,"height":200,"caption":"Markus Zwittmeier"},"logo":{"@id":"https:\/\/i0.wp.com\/www.tribur.de\/blog\/wp-content\/uploads\/2018\/09\/cropped-logotest-4.jpg?fit=200%2C200&ssl=1"},"sameAs":["http:\/\/www.Tribur.de","http:\/\/www.facebook.com\/pages\/Triburde\/184352328288771","https:\/\/www.instagram.com\/tribur.de\/","https:\/\/x.com\/https:\/\/twitter.com\/tribur","https:\/\/www.youtube.com\/channel\/UCnEonou-x6_P4XPjBk2htCA"],"url":"https:\/\/www.tribur.de\/blog\/author\/markus\/"}]}},"jetpack_publicize_connections":[],"jetpack_featured_media_url":"","jetpack_shortlink":"https:\/\/wp.me\/p1mHPu-4EX","jetpack_sharing_enabled":true,"_links":{"self":[{"href":"https:\/\/www.tribur.de\/blog\/wp-json\/wp\/v2\/posts\/17915","targetHints":{"allow":["GET"]}}],"collection":[{"href":"https:\/\/www.tribur.de\/blog\/wp-json\/wp\/v2\/posts"}],"about":[{"href":"https:\/\/www.tribur.de\/blog\/wp-json\/wp\/v2\/types\/post"}],"author":[{"embeddable":true,"href":"https:\/\/www.tribur.de\/blog\/wp-json\/wp\/v2\/users\/2"}],"replies":[{"embeddable":true,"href":"https:\/\/www.tribur.de\/blog\/wp-json\/wp\/v2\/comments?post=17915"}],"version-history":[{"count":4,"href":"https:\/\/www.tribur.de\/blog\/wp-json\/wp\/v2\/posts\/17915\/revisions"}],"predecessor-version":[{"id":17923,"href":"https:\/\/www.tribur.de\/blog\/wp-json\/wp\/v2\/posts\/17915\/revisions\/17923"}],"wp:attachment":[{"href":"https:\/\/www.tribur.de\/blog\/wp-json\/wp\/v2\/media?parent=17915"}],"wp:term":[{"taxonomy":"category","embeddable":true,"href":"https:\/\/www.tribur.de\/blog\/wp-json\/wp\/v2\/categories?post=17915"},{"taxonomy":"post_tag","embeddable":true,"href":"https:\/\/www.tribur.de\/blog\/wp-json\/wp\/v2\/tags?post=17915"}],"curies":[{"name":"wp","href":"https:\/\/api.w.org\/{rel}","templated":true}]}}