{"id":17908,"date":"2011-11-22T19:32:32","date_gmt":"2011-11-22T18:32:32","guid":{"rendered":"http:\/\/www.tribur.de\/blog\/?p=17908"},"modified":"2011-11-22T19:32:32","modified_gmt":"2011-11-22T18:32:32","slug":"archaonews-22-11-2011-kulturlandschaft-romerlager-und-ingelheim-war-schon-vorher-gros","status":"publish","type":"post","link":"https:\/\/www.tribur.de\/blog\/2011\/11\/22\/archaonews-22-11-2011-kulturlandschaft-romerlager-und-ingelheim-war-schon-vorher-gros\/","title":{"rendered":"Arch\u00e4onews 22.11.2011  Kulturlandschaft, R\u00f6merlager und Ingelheim war schon vorher gro\u00df"},"content":{"rendered":"<ul>\n<li>Ingelheim bestand vor Gr\u00fcndung der Pfalz wohl nicht nur aus einzelnen Geh\u00f6ften, sondern war bereits Zentralort, Holger Grewe MA bei eine Vortrag \u00fcber neuste Grabungserbegnisse in Ingelheim, alles weitere bei der <a href=\"http:\/\/www.allgemeine-zeitung.de\/region\/ingelheim\/ingelheim\/11380988.htm\" target=\"_blank\">Allgemeinen Zeitung<\/a><\/li>\n<li>\u00dcber einen Vortrag mit dem Thema &#8222;Die fr\u00fchmittelalterliche Kulturlandschaft um Steinfeld und der Waldsassengau&#8220;, schreibt die <a href=\"http:\/\/www.mainpost.de\/regional\/main-spessart\/Fruehmittelalterliche-Kulturlandschaft;art774,6450353\" target=\"_blank\">Main-Post<\/a><\/li>\n<li><a href=\"http:\/\/www.noen.at\/lokales\/noe-uebersicht\/tulln\/aktuell\/Um-roemisches-Militaerlager-in-Zwentendorf-befand-sich-auch-Siedlung;art2433,356340\" target=\"_blank\">N\u00d6N <\/a>schreibt \u00fcber das R\u00f6merlager Zwentdorf und neuste Erkenntnisse<\/li>\n<li>\u00dcber Kirchen und Dombauten an der Weser schreibt \u00a0die <a href=\"http:\/\/www.landes-zeitung.de\/portal\/magazin\/feierabend_Kirchen-und-Dombauten-an-der-Weser-_arid,380989.html\" target=\"_blank\">landes-zeitung.de<\/a><\/li>\n<\/ul>\n","protected":false},"excerpt":{"rendered":"<p>Ingelheim bestand vor Gr\u00fcndung der Pfalz wohl nicht nur aus einzelnen Geh\u00f6ften, sondern war bereits Zentralort, Holger Grewe MA bei eine Vortrag \u00fcber neuste Grabungserbegnisse in Ingelheim, alles weitere bei der Allgemeinen Zeitung \u00dcber&#46;&#46;&#46;<\/p>\n","protected":false},"author":2,"featured_media":0,"comment_status":"open","ping_status":"open","sticky":false,"template":"","format":"standard","meta":{"jetpack_post_was_ever_published":false,"_jetpack_newsletter_access":"","_jetpack_dont_email_post_to_subs":false,"_jetpack_newsletter_tier_id":0,"_jetpack_memberships_contains_paywalled_content":false,"_jetpack_memberships_contains_paid_content":false,"footnotes":"","jetpack_publicize_message":"","jetpack_publicize_feature_enabled":true,"jetpack_social_post_already_shared":false,"jetpack_social_options":{"image_generator_settings":{"template":"highway","default_image_id":0,"font":"","enabled":false},"version":2}},"categories":[1,56],"tags":[],"class_list":["post-17908","post","type-post","status-publish","format-standard","hentry","category-geschichte","category-links"],"yoast_head":"<!-- This site is optimized with the Yoast SEO plugin v27.4 - https:\/\/yoast.com\/product\/yoast-seo-wordpress\/ -->\n<title>Arch\u00e4onews 22.11.2011 Kulturlandschaft, R\u00f6merlager und Ingelheim war schon vorher gro\u00df - Tribur.de<\/title>\n<meta name=\"robots\" content=\"index, follow, max-snippet:-1, max-image-preview:large, max-video-preview:-1\" \/>\n<link rel=\"canonical\" href=\"https:\/\/www.tribur.de\/blog\/2011\/11\/22\/archaonews-22-11-2011-kulturlandschaft-romerlager-und-ingelheim-war-schon-vorher-gros\/\" \/>\n<meta property=\"og:locale\" content=\"de_DE\" \/>\n<meta property=\"og:type\" content=\"article\" \/>\n<meta property=\"og:title\" content=\"Arch\u00e4onews 22.11.2011 Kulturlandschaft, R\u00f6merlager und Ingelheim war schon vorher gro\u00df - Tribur.de\" \/>\n<meta property=\"og:description\" content=\"Ingelheim bestand vor Gr\u00fcndung der Pfalz wohl nicht nur aus einzelnen Geh\u00f6ften, sondern war bereits Zentralort, Holger Grewe MA bei eine Vortrag \u00fcber neuste Grabungserbegnisse in Ingelheim, alles weitere bei der Allgemeinen Zeitung \u00dcber&#046;&#046;&#046;\" \/>\n<meta property=\"og:url\" content=\"https:\/\/www.tribur.de\/blog\/2011\/11\/22\/archaonews-22-11-2011-kulturlandschaft-romerlager-und-ingelheim-war-schon-vorher-gros\/\" \/>\n<meta property=\"og:site_name\" content=\"Tribur.de\" \/>\n<meta property=\"article:publisher\" content=\"http:\/\/www.facebook.com\/pages\/Triburde\/184352328288771\" \/>\n<meta property=\"article:author\" content=\"http:\/\/www.facebook.com\/pages\/Triburde\/184352328288771\" \/>\n<meta property=\"article:published_time\" content=\"2011-11-22T18:32:32+00:00\" \/>\n<meta property=\"og:image\" content=\"https:\/\/i0.wp.com\/www.tribur.de\/blog\/wp-content\/uploads\/2018\/09\/cropped-logotest-2.jpg?fit=200%2C200&ssl=1\" \/>\n\t<meta property=\"og:image:width\" content=\"200\" \/>\n\t<meta property=\"og:image:height\" content=\"200\" \/>\n\t<meta property=\"og:image:type\" content=\"image\/jpeg\" \/>\n<meta name=\"author\" content=\"Markus Zwittmeier\" \/>\n<meta name=\"twitter:card\" content=\"summary_large_image\" \/>\n<meta name=\"twitter:creator\" content=\"@https:\/\/twitter.com\/tribur\" \/>\n<meta name=\"twitter:site\" content=\"@tribur\" \/>\n<meta name=\"twitter:label1\" content=\"Verfasst von\" \/>\n\t<meta name=\"twitter:data1\" content=\"Markus Zwittmeier\" \/>\n<script type=\"application\/ld+json\" class=\"yoast-schema-graph\">{\"@context\":\"https:\\\/\\\/schema.org\",\"@graph\":[{\"@type\":\"Article\",\"@id\":\"https:\\\/\\\/www.tribur.de\\\/blog\\\/2011\\\/11\\\/22\\\/archaonews-22-11-2011-kulturlandschaft-romerlager-und-ingelheim-war-schon-vorher-gros\\\/#article\",\"isPartOf\":{\"@id\":\"https:\\\/\\\/www.tribur.de\\\/blog\\\/2011\\\/11\\\/22\\\/archaonews-22-11-2011-kulturlandschaft-romerlager-und-ingelheim-war-schon-vorher-gros\\\/\"},\"author\":{\"name\":\"Markus Zwittmeier\",\"@id\":\"https:\\\/\\\/www.tribur.de\\\/blog\\\/#\\\/schema\\\/person\\\/3119997f09f43791809c2d1af27bba6c\"},\"headline\":\"Arch\u00e4onews 22.11.2011 Kulturlandschaft, R\u00f6merlager und Ingelheim war schon vorher gro\u00df\",\"datePublished\":\"2011-11-22T18:32:32+00:00\",\"mainEntityOfPage\":{\"@id\":\"https:\\\/\\\/www.tribur.de\\\/blog\\\/2011\\\/11\\\/22\\\/archaonews-22-11-2011-kulturlandschaft-romerlager-und-ingelheim-war-schon-vorher-gros\\\/\"},\"wordCount\":86,\"commentCount\":0,\"publisher\":{\"@id\":\"https:\\\/\\\/www.tribur.de\\\/blog\\\/#\\\/schema\\\/person\\\/3119997f09f43791809c2d1af27bba6c\"},\"articleSection\":[\"Geschichte\",\"Links\"],\"inLanguage\":\"de\",\"potentialAction\":[{\"@type\":\"CommentAction\",\"name\":\"Comment\",\"target\":[\"https:\\\/\\\/www.tribur.de\\\/blog\\\/2011\\\/11\\\/22\\\/archaonews-22-11-2011-kulturlandschaft-romerlager-und-ingelheim-war-schon-vorher-gros\\\/#respond\"]}]},{\"@type\":\"WebPage\",\"@id\":\"https:\\\/\\\/www.tribur.de\\\/blog\\\/2011\\\/11\\\/22\\\/archaonews-22-11-2011-kulturlandschaft-romerlager-und-ingelheim-war-schon-vorher-gros\\\/\",\"url\":\"https:\\\/\\\/www.tribur.de\\\/blog\\\/2011\\\/11\\\/22\\\/archaonews-22-11-2011-kulturlandschaft-romerlager-und-ingelheim-war-schon-vorher-gros\\\/\",\"name\":\"Arch\u00e4onews 22.11.2011 Kulturlandschaft, R\u00f6merlager und Ingelheim war schon vorher gro\u00df - Tribur.de\",\"isPartOf\":{\"@id\":\"https:\\\/\\\/www.tribur.de\\\/blog\\\/#website\"},\"datePublished\":\"2011-11-22T18:32:32+00:00\",\"breadcrumb\":{\"@id\":\"https:\\\/\\\/www.tribur.de\\\/blog\\\/2011\\\/11\\\/22\\\/archaonews-22-11-2011-kulturlandschaft-romerlager-und-ingelheim-war-schon-vorher-gros\\\/#breadcrumb\"},\"inLanguage\":\"de\",\"potentialAction\":[{\"@type\":\"ReadAction\",\"target\":[\"https:\\\/\\\/www.tribur.de\\\/blog\\\/2011\\\/11\\\/22\\\/archaonews-22-11-2011-kulturlandschaft-romerlager-und-ingelheim-war-schon-vorher-gros\\\/\"]}]},{\"@type\":\"BreadcrumbList\",\"@id\":\"https:\\\/\\\/www.tribur.de\\\/blog\\\/2011\\\/11\\\/22\\\/archaonews-22-11-2011-kulturlandschaft-romerlager-und-ingelheim-war-schon-vorher-gros\\\/#breadcrumb\",\"itemListElement\":[{\"@type\":\"ListItem\",\"position\":1,\"name\":\"Home\",\"item\":\"https:\\\/\\\/www.tribur.de\\\/blog\\\/\"},{\"@type\":\"ListItem\",\"position\":2,\"name\":\"Arch\u00e4onews 22.11.2011 Kulturlandschaft, R\u00f6merlager und Ingelheim war schon vorher gro\u00df\"}]},{\"@type\":\"WebSite\",\"@id\":\"https:\\\/\\\/www.tribur.de\\\/blog\\\/#website\",\"url\":\"https:\\\/\\\/www.tribur.de\\\/blog\\\/\",\"name\":\"Tribur.de\",\"description\":\"Tribur.de - Geschichte und so Zeugs\",\"publisher\":{\"@id\":\"https:\\\/\\\/www.tribur.de\\\/blog\\\/#\\\/schema\\\/person\\\/3119997f09f43791809c2d1af27bba6c\"},\"potentialAction\":[{\"@type\":\"SearchAction\",\"target\":{\"@type\":\"EntryPoint\",\"urlTemplate\":\"https:\\\/\\\/www.tribur.de\\\/blog\\\/?s={search_term_string}\"},\"query-input\":{\"@type\":\"PropertyValueSpecification\",\"valueRequired\":true,\"valueName\":\"search_term_string\"}}],\"inLanguage\":\"de\"},{\"@type\":[\"Person\",\"Organization\"],\"@id\":\"https:\\\/\\\/www.tribur.de\\\/blog\\\/#\\\/schema\\\/person\\\/3119997f09f43791809c2d1af27bba6c\",\"name\":\"Markus Zwittmeier\",\"image\":{\"@type\":\"ImageObject\",\"inLanguage\":\"de\",\"@id\":\"https:\\\/\\\/i0.wp.com\\\/www.tribur.de\\\/blog\\\/wp-content\\\/uploads\\\/2018\\\/09\\\/cropped-logotest-4.jpg?fit=200%2C200&ssl=1\",\"url\":\"https:\\\/\\\/i0.wp.com\\\/www.tribur.de\\\/blog\\\/wp-content\\\/uploads\\\/2018\\\/09\\\/cropped-logotest-4.jpg?fit=200%2C200&ssl=1\",\"contentUrl\":\"https:\\\/\\\/i0.wp.com\\\/www.tribur.de\\\/blog\\\/wp-content\\\/uploads\\\/2018\\\/09\\\/cropped-logotest-4.jpg?fit=200%2C200&ssl=1\",\"width\":200,\"height\":200,\"caption\":\"Markus Zwittmeier\"},\"logo\":{\"@id\":\"https:\\\/\\\/i0.wp.com\\\/www.tribur.de\\\/blog\\\/wp-content\\\/uploads\\\/2018\\\/09\\\/cropped-logotest-4.jpg?fit=200%2C200&ssl=1\"},\"sameAs\":[\"http:\\\/\\\/www.Tribur.de\",\"http:\\\/\\\/www.facebook.com\\\/pages\\\/Triburde\\\/184352328288771\",\"https:\\\/\\\/www.instagram.com\\\/tribur.de\\\/\",\"https:\\\/\\\/x.com\\\/https:\\\/\\\/twitter.com\\\/tribur\",\"https:\\\/\\\/www.youtube.com\\\/channel\\\/UCnEonou-x6_P4XPjBk2htCA\"],\"url\":\"https:\\\/\\\/www.tribur.de\\\/blog\\\/author\\\/markus\\\/\"}]}<\/script>\n<!-- \/ Yoast SEO plugin. -->","yoast_head_json":{"title":"Arch\u00e4onews 22.11.2011 Kulturlandschaft, R\u00f6merlager und Ingelheim war schon vorher gro\u00df - Tribur.de","robots":{"index":"index","follow":"follow","max-snippet":"max-snippet:-1","max-image-preview":"max-image-preview:large","max-video-preview":"max-video-preview:-1"},"canonical":"https:\/\/www.tribur.de\/blog\/2011\/11\/22\/archaonews-22-11-2011-kulturlandschaft-romerlager-und-ingelheim-war-schon-vorher-gros\/","og_locale":"de_DE","og_type":"article","og_title":"Arch\u00e4onews 22.11.2011 Kulturlandschaft, R\u00f6merlager und Ingelheim war schon vorher gro\u00df - Tribur.de","og_description":"Ingelheim bestand vor Gr\u00fcndung der Pfalz wohl nicht nur aus einzelnen Geh\u00f6ften, sondern war bereits Zentralort, Holger Grewe MA bei eine Vortrag \u00fcber neuste Grabungserbegnisse in Ingelheim, alles weitere bei der Allgemeinen Zeitung \u00dcber&#46;&#46;&#46;","og_url":"https:\/\/www.tribur.de\/blog\/2011\/11\/22\/archaonews-22-11-2011-kulturlandschaft-romerlager-und-ingelheim-war-schon-vorher-gros\/","og_site_name":"Tribur.de","article_publisher":"http:\/\/www.facebook.com\/pages\/Triburde\/184352328288771","article_author":"http:\/\/www.facebook.com\/pages\/Triburde\/184352328288771","article_published_time":"2011-11-22T18:32:32+00:00","og_image":[{"width":200,"height":200,"url":"https:\/\/i0.wp.com\/www.tribur.de\/blog\/wp-content\/uploads\/2018\/09\/cropped-logotest-2.jpg?fit=200%2C200&ssl=1","type":"image\/jpeg"}],"author":"Markus Zwittmeier","twitter_card":"summary_large_image","twitter_creator":"@https:\/\/twitter.com\/tribur","twitter_site":"@tribur","twitter_misc":{"Verfasst von":"Markus Zwittmeier"},"schema":{"@context":"https:\/\/schema.org","@graph":[{"@type":"Article","@id":"https:\/\/www.tribur.de\/blog\/2011\/11\/22\/archaonews-22-11-2011-kulturlandschaft-romerlager-und-ingelheim-war-schon-vorher-gros\/#article","isPartOf":{"@id":"https:\/\/www.tribur.de\/blog\/2011\/11\/22\/archaonews-22-11-2011-kulturlandschaft-romerlager-und-ingelheim-war-schon-vorher-gros\/"},"author":{"name":"Markus Zwittmeier","@id":"https:\/\/www.tribur.de\/blog\/#\/schema\/person\/3119997f09f43791809c2d1af27bba6c"},"headline":"Arch\u00e4onews 22.11.2011 Kulturlandschaft, R\u00f6merlager und Ingelheim war schon vorher gro\u00df","datePublished":"2011-11-22T18:32:32+00:00","mainEntityOfPage":{"@id":"https:\/\/www.tribur.de\/blog\/2011\/11\/22\/archaonews-22-11-2011-kulturlandschaft-romerlager-und-ingelheim-war-schon-vorher-gros\/"},"wordCount":86,"commentCount":0,"publisher":{"@id":"https:\/\/www.tribur.de\/blog\/#\/schema\/person\/3119997f09f43791809c2d1af27bba6c"},"articleSection":["Geschichte","Links"],"inLanguage":"de","potentialAction":[{"@type":"CommentAction","name":"Comment","target":["https:\/\/www.tribur.de\/blog\/2011\/11\/22\/archaonews-22-11-2011-kulturlandschaft-romerlager-und-ingelheim-war-schon-vorher-gros\/#respond"]}]},{"@type":"WebPage","@id":"https:\/\/www.tribur.de\/blog\/2011\/11\/22\/archaonews-22-11-2011-kulturlandschaft-romerlager-und-ingelheim-war-schon-vorher-gros\/","url":"https:\/\/www.tribur.de\/blog\/2011\/11\/22\/archaonews-22-11-2011-kulturlandschaft-romerlager-und-ingelheim-war-schon-vorher-gros\/","name":"Arch\u00e4onews 22.11.2011 Kulturlandschaft, R\u00f6merlager und Ingelheim war schon vorher gro\u00df - Tribur.de","isPartOf":{"@id":"https:\/\/www.tribur.de\/blog\/#website"},"datePublished":"2011-11-22T18:32:32+00:00","breadcrumb":{"@id":"https:\/\/www.tribur.de\/blog\/2011\/11\/22\/archaonews-22-11-2011-kulturlandschaft-romerlager-und-ingelheim-war-schon-vorher-gros\/#breadcrumb"},"inLanguage":"de","potentialAction":[{"@type":"ReadAction","target":["https:\/\/www.tribur.de\/blog\/2011\/11\/22\/archaonews-22-11-2011-kulturlandschaft-romerlager-und-ingelheim-war-schon-vorher-gros\/"]}]},{"@type":"BreadcrumbList","@id":"https:\/\/www.tribur.de\/blog\/2011\/11\/22\/archaonews-22-11-2011-kulturlandschaft-romerlager-und-ingelheim-war-schon-vorher-gros\/#breadcrumb","itemListElement":[{"@type":"ListItem","position":1,"name":"Home","item":"https:\/\/www.tribur.de\/blog\/"},{"@type":"ListItem","position":2,"name":"Arch\u00e4onews 22.11.2011 Kulturlandschaft, R\u00f6merlager und Ingelheim war schon vorher gro\u00df"}]},{"@type":"WebSite","@id":"https:\/\/www.tribur.de\/blog\/#website","url":"https:\/\/www.tribur.de\/blog\/","name":"Tribur.de","description":"Tribur.de - Geschichte und so Zeugs","publisher":{"@id":"https:\/\/www.tribur.de\/blog\/#\/schema\/person\/3119997f09f43791809c2d1af27bba6c"},"potentialAction":[{"@type":"SearchAction","target":{"@type":"EntryPoint","urlTemplate":"https:\/\/www.tribur.de\/blog\/?s={search_term_string}"},"query-input":{"@type":"PropertyValueSpecification","valueRequired":true,"valueName":"search_term_string"}}],"inLanguage":"de"},{"@type":["Person","Organization"],"@id":"https:\/\/www.tribur.de\/blog\/#\/schema\/person\/3119997f09f43791809c2d1af27bba6c","name":"Markus Zwittmeier","image":{"@type":"ImageObject","inLanguage":"de","@id":"https:\/\/i0.wp.com\/www.tribur.de\/blog\/wp-content\/uploads\/2018\/09\/cropped-logotest-4.jpg?fit=200%2C200&ssl=1","url":"https:\/\/i0.wp.com\/www.tribur.de\/blog\/wp-content\/uploads\/2018\/09\/cropped-logotest-4.jpg?fit=200%2C200&ssl=1","contentUrl":"https:\/\/i0.wp.com\/www.tribur.de\/blog\/wp-content\/uploads\/2018\/09\/cropped-logotest-4.jpg?fit=200%2C200&ssl=1","width":200,"height":200,"caption":"Markus Zwittmeier"},"logo":{"@id":"https:\/\/i0.wp.com\/www.tribur.de\/blog\/wp-content\/uploads\/2018\/09\/cropped-logotest-4.jpg?fit=200%2C200&ssl=1"},"sameAs":["http:\/\/www.Tribur.de","http:\/\/www.facebook.com\/pages\/Triburde\/184352328288771","https:\/\/www.instagram.com\/tribur.de\/","https:\/\/x.com\/https:\/\/twitter.com\/tribur","https:\/\/www.youtube.com\/channel\/UCnEonou-x6_P4XPjBk2htCA"],"url":"https:\/\/www.tribur.de\/blog\/author\/markus\/"}]}},"jetpack_publicize_connections":[],"jetpack_featured_media_url":"","jetpack_shortlink":"https:\/\/wp.me\/p1mHPu-4EQ","jetpack_sharing_enabled":true,"_links":{"self":[{"href":"https:\/\/www.tribur.de\/blog\/wp-json\/wp\/v2\/posts\/17908","targetHints":{"allow":["GET"]}}],"collection":[{"href":"https:\/\/www.tribur.de\/blog\/wp-json\/wp\/v2\/posts"}],"about":[{"href":"https:\/\/www.tribur.de\/blog\/wp-json\/wp\/v2\/types\/post"}],"author":[{"embeddable":true,"href":"https:\/\/www.tribur.de\/blog\/wp-json\/wp\/v2\/users\/2"}],"replies":[{"embeddable":true,"href":"https:\/\/www.tribur.de\/blog\/wp-json\/wp\/v2\/comments?post=17908"}],"version-history":[{"count":3,"href":"https:\/\/www.tribur.de\/blog\/wp-json\/wp\/v2\/posts\/17908\/revisions"}],"predecessor-version":[{"id":17911,"href":"https:\/\/www.tribur.de\/blog\/wp-json\/wp\/v2\/posts\/17908\/revisions\/17911"}],"wp:attachment":[{"href":"https:\/\/www.tribur.de\/blog\/wp-json\/wp\/v2\/media?parent=17908"}],"wp:term":[{"taxonomy":"category","embeddable":true,"href":"https:\/\/www.tribur.de\/blog\/wp-json\/wp\/v2\/categories?post=17908"},{"taxonomy":"post_tag","embeddable":true,"href":"https:\/\/www.tribur.de\/blog\/wp-json\/wp\/v2\/tags?post=17908"}],"curies":[{"name":"wp","href":"https:\/\/api.w.org\/{rel}","templated":true}]}}