{"id":17880,"date":"2011-11-22T15:03:37","date_gmt":"2011-11-22T14:03:37","guid":{"rendered":"http:\/\/www.tribur.de\/blog\/?p=17880"},"modified":"2011-11-22T15:03:37","modified_gmt":"2011-11-22T14:03:37","slug":"otto-ii-und-trebur","status":"publish","type":"post","link":"https:\/\/www.tribur.de\/blog\/2011\/11\/22\/otto-ii-und-trebur\/","title":{"rendered":"Otto II. und Trebur"},"content":{"rendered":"<p>Als Otto der Gro\u00dfe 973 stirbt ist die Nachfolge bereits geregelt. Otto II. ist bereits Mitkaiser alles Andere Formalit\u00e4t. Ottos Eingeweider werden noch in der Nacht des 7. Mai in Memleben beigesetzt, seine Leiche einbalsamiert . Im Juni wird er dann in Magdeburg beigesetzt, wo Adelheid Otto II. ermahnt die rechte dieser besonderen Stadt zu waren und zu ehren. Zun\u00e4chst reist Otto nun nach Worms zu einem Reichstag. Hier best\u00e4tigt er, wieder auf Dr\u00e4ngen seiner Mutter die Rechte des Klosters Lorsch. Es folgte eine ganze Reihe weiterer Schenkungen und best\u00e4tigungen in Worms um dann am 30. Juni in Trebur zu sein.<\/p>\n<p>Hier in Trebur erfolgt wieder eine Schenkung von Eigeng\u00fcter auf Bitten Adelheids. Seltsamer Weise ist er bereits am 1. Juli wieder in Worms und reist von hier nach Augsburg. Von dort reist er direkt nach Aachen. Es geht weiter nach Trier und am 26 August befindet er sich in Frankfurt, von wo er nach Sachsen reist. Dort h\u00e4lt er sich bis November auf um dann \u00fcber Duisburg nach Nimwegen zu reisen. Weihnachten verbring er in Utrecht.<\/p>\n<p>Im April 974 befindet er sich in Quedlinburg, wo er auch das Osterfest feiert und h\u00e4lt sich eine ganze weile in Sachsen auf, als ihn im August die Nachricht erreicht, dass Harald Blautzahn ins Grenzgebiet eingefallen ist und dieses verw\u00fcstet. Von Frohse bricht Otto nach Norden auf, wo sich Harald hinter das Danewerk zur\u00fcck zieht. Das erste Gefecht l\u00e4uft wenig erfolgreich, doch Jarl Haakon, der von Harald die Herrschaft \u00fcber Norwegen erhielt, nutzt die Gelegenheit und l\u00e4sst Harald h\u00e4ngen. Die Truppen Ottos schaffen es das Danewerk zu erobern, Harald Blauzahn gibt auf und wird zu Tributzahlungen verpflichtet. Vor dem Danewerk wird zur Sicherung eine Burg errichtet. Im November ist Otto wieder in Sachsen, wo er in P\u00f6hlde Weihnachten feiert.<\/p>\n<p>Im Januar 975 stirbt der Bischof von Mainz, sein Nachfolger wird der bisherige Kanzler Willigis, neuer Kanzler wird Folkmar. In Dortmund best\u00e4tigt Otto dann Mainz alle Rechte und verleit der bisch\u00f6flichen Kirche Immunit\u00e4t. Dies geschieht auf Intervention Teophanus. Von hier reist er nach Nimwegen und zur\u00fcck nach Bonn. Im April feiert er in Aachen Ostern. \u00dcber Boppart reist er nach S\u00fcden.<\/p>\n<p>Am 15. Mai befindet er sich in Trebur . Die Urkunde ist zwar eine F\u00e4lschung, doch f\u00fcgt sie sich in den Reiseweg ein. Im Anschluss \u00a0feiert er Pfingsten in Frankfurt. \u00dcber Fulda reist er wieder nach Sachsen, wo er in Erfurt einen Reichstag abh\u00e4lt. Auch Willigis ist anwesend und wahrscheinlich ber\u00e4t man \u00fcber eine Heerfahrt gegen Herzog Boleslaw II. dem\u00a0Hochverrat\u00a0vorgeworfen wird. Im Herbst zieht man dann gegen die B\u00f6hmen. Im November befindet sich Otto wieder in Sachsen. Feiert Weihnachten jedoch im Kloster in Erstein in der N\u00e4he von Stra\u00dfburg. Es soll ein extrem harter Winter gewesen sein.<\/p>\n<p>Im Januar 976 zieht er nach Bruchsal wo er zuletzt am 19. Januar urkundet. Am 21 Januar ist er bereits wieder in Trebur, wo sich wohl auch Teophanu und Willigis aufhalten. Am 9. Februar befindet er sich dann in Ingelheim. Von hier aus zieht er nach Norden, denn in Lothringen gibt es wieder einmal Unruhen, die Schlacht l\u00e4uft auf ein Unentschieden hinaus. Zu Ostern ist man in Allstedt, kurz darauf ist man aber schon wieder in Mainz zu einer Synode unter dem Vorsitzt von Willigis. Danach befindet er sich in Ingelheim und reist nach S\u00fcden. Im Juni sammelt er in Franken ein Heer und zieht gegen den aufst\u00e4ndigen Herzog Heinrich in Baiern. \u00dcber Bamberg und Forcheim gehts in Richtung Regensburg, wo die Bisch\u00f6fe im Heerlager Heinrich bannen. Nach wenigen Tagen f\u00e4llt Regensburg. Heinrich flieht nach B\u00f6hmen. Baiern geht an Otto Herzog von Schwaben. Im Anschluss zieht man gegen B\u00f6hmen, doch der Feldzug wird ein Schlag ins Wasser: Im Heer bricht die Ruhr aus und als bei Pilsen Soldaten baden gehen werden sie von Truppen Boleslaws niedergemetztelt. Es geht zur\u00fcck nach Sachsen. \u00a0\u00dcber den Hellweg reist man nach Duisburg und Nimwegen und feiert Weihnachten in K\u00f6ln. \u00a0Im Fr\u00fchjahr 977 gehts \u00fcber Tiel nach Nimwegen, von wo man nach Mainz reist und Ostern in Ingelheim feiert.<\/p>\n<p>Im Mai reist man nach Lothringen (Diedenhofen), nach Fulda , nach Mainz und zur\u00fcck in die s\u00e4chsische Heimat. Im Sommer oder Fr\u00fcherbst wird Ottos erste Tochter Adelheid gebohren.<\/p>\n<p>IM August begiebt sich Otto nach B\u00f6hmen, da erhebt sich in Baiern erneut Heinrich, der heimlich zur\u00fcckgekehrt ist. Die B\u00f6hmen unterwerfen sich. \u00dcber Passau reist Otto nach Regensburg, wohl um die Unruhen niederzuschlagen und kehrt im Oktober nach Sachsen zur\u00fcck. Weihnachten feiert man auf der Dornburg.<\/p>\n<p>Anfang des Jahres 978 h\u00e4lt man sich in Sachsen auf und feiert Ostern in Quedlinburg. Pfingsten wird in Solingen gefeiert. Im Juni ist er in Maastricht. Im Sommer h\u00e4lt er sich in Aachen auf, als die Stadt von Lothar von Frankreich \u00fcberfallen wird. Otto und sein Getreuen k\u00f6nnen jedoch vorher entkommen. Er reist nach Dortmund zu einem Reichstag. Zu dieser Zeit sollte Ottos Mutter Adelheid den Hof verlassen haben und zu Mathilde nach Burgund gegangen sein. Mutter und Schwiegertochter verstanden sich nicht sonderlich und im gelichen Zug wie Adelheids Interventionen in Urkunden abnahmen, so nahmen Teophanus zu. (\u00fcbrigens nicht zu knapp, die Interventionen der Beiden!). Im Juli oder August wird eine zweite Tochter geboren.<\/p>\n<p>Im September zieht Otto gegen Frankreich und r\u00fcckt auf Paris vor. Der Karolinger Lothar flieht zu zu Hugo Capet \u00a0der Paris verteidigt. Weihnacht ist Otto dann wieder \u00a0in Frankfurt. Im Januar 979 reist man wieder mal nach Erstein um im Februar wieder in Frankfurt zu sein. Man reist wieder nach Norden, Dortmund und Duisburg liegen auf der Route. Wohl \u00fcber den Hellweg gehts wieder nach Sachsen, wo man im Mai ankommt. Im Oktober gehts nach Regensburg. Hier finden die Ungarn mal wieder Erw\u00e4hnung. Jedoch nicht als Angreifer. Zum Schutz von Kolonisten plant man den Bau einer Burg bei Wieselburg (heute \u00d6sterreich). \u00dcber Sachsen reist man nach K\u00f6ln wo man im November eintrifft. \u00dcber Wahlbeck gehts nach Sachsen wo man in P\u00f6hlde Weinachten feiert.<\/p>\n<p>Im M\u00e4rz 980 trifft in Sachsen eine Gesandtschaft K\u00f6nig Lothars von Frankreich ein um ein Geheimes Friedensangebot zu Unterbreiten. LOthar brauchte Unterst\u00fctzung. Zwar hatte Hugo Capet Lothars Sohn als Nachfolger anerkannt, aber man traute dem Kapetinger nicht. Man vereinbart ein Treffen f\u00fcr Mai. Am 11. April feiert man Ostern in Ingelheim \u00a0und h\u00e4lt sich bis zum 18 April dort auf.<\/p>\n<p>Am 28. April befindet man sich in Trebur. Wo Otto auf Intervention Teophanus Otto von K\u00e4rnten 5 Hufen in Verona schenkt. Mitte Mai trifft Otto dann in\u00a0Margut-sur-Chiers K\u00f6nig Lothar der wohl zu diesem Anlass seinen Anspruch auf Niederlothringen fallen l\u00e4sst. Die Reise f\u00fchrt Otto weiter nach Aachen. Von dort reist man weiter nach Nimwegen, dabei wird in Kessel am Reichswald Cleve Ottos erster und einziger Sohn gebohren, der sp\u00e4tere Otto III.. Von Nimwegen reist man nach Sachsen.<\/p>\n<p>Am 8. und 1.Oktober ist Otto wieder in Trebur.Zuerst stiftet er zum Seelenheil seiner Tochter in Frankfurt eine Kapelle. Sp\u00e4ter dann auf Intervention von Herzog Otto, Bischof Wolfgang von Regensburg und Abt Ramwold von St. Emmeram Regensburg, den M\u00f6nchen von St. Emmeram bestimmte Besitzungen. \u00a0\u00dcber Bruchsal gehts nach Italien.<\/p>\n<p>Die Italienreise war n\u00f6tig geworden, da die Stellung des Papstes in Rom bedroht war und die Heimat konsolidiert war. 981 \u00a0wird Otto von Italien aus das Bistum Merseburg, das sein Vater nach dem Sieg am Lechfeld hatte gr\u00fcnden lassen, aufheben. 982 zieht er gegen die Sarazenen und \u00fcberquert dabei auch byzantinisches Gebiet. Zu diesem Anlass nimmt er den Titel\u00a0<em>Romanorum imperator augustus , <\/em>Kaiser der R\u00f6mer an. Nach anf\u00e4nglichem Erfolg erleidet der Kaiser eine bittere Niederlage, wird fast als Geisel genommen und zieht sich nach Rom zur\u00fcck. Zu Pfingsten 983 wird in Veron ein Hoftag gehalten. Man will die Nachfolge regeln falls der K\u00f6nig bei der n\u00e4chsten dummen Aktion drauf gehen sollte. Otto III. wird gew\u00e4hlt und reist mit den Teilnehmern nach Aachen um dort gekr\u00f6nt zu werden. In der Heimat erheben sich derweil die Slawen. Otto II. geht nach Rom um dort einen neuen Papst einzusetzten. Im Dezember 983 stirbt er , erst 28 j\u00e4hrig an einer Malarainfektion.<\/p>\n<p>Er wird in der Vorkirche von St. Peter\u00a0beigesetzt. Heute befindet sich sein Grab in den Vatikanischen Grotten.<\/p>\n","protected":false},"excerpt":{"rendered":"<p>Als Otto der Gro\u00dfe 973 stirbt ist die Nachfolge bereits geregelt. Otto II. ist bereits Mitkaiser alles Andere Formalit\u00e4t. Ottos Eingeweider werden noch in der Nacht des 7. Mai in Memleben beigesetzt, seine Leiche&#46;&#46;&#46;<\/p>\n","protected":false},"author":2,"featured_media":0,"comment_status":"open","ping_status":"open","sticky":false,"template":"","format":"standard","meta":{"jetpack_post_was_ever_published":false,"_jetpack_newsletter_access":"","_jetpack_dont_email_post_to_subs":false,"_jetpack_newsletter_tier_id":0,"_jetpack_memberships_contains_paywalled_content":false,"_jetpack_memberships_contains_paid_content":false,"footnotes":"","jetpack_publicize_message":"","jetpack_publicize_feature_enabled":true,"jetpack_social_post_already_shared":false,"jetpack_social_options":{"image_generator_settings":{"template":"highway","default_image_id":0,"font":"","enabled":false},"version":2}},"categories":[1],"tags":[11,46,35,49,16],"class_list":["post-17880","post","type-post","status-publish","format-standard","hentry","category-geschichte","tag-fruhmittelalter","tag-ottonisch","tag-pfalz","tag-recherche","tag-trebur"],"yoast_head":"<!-- This site is optimized with the Yoast SEO plugin v27.4 - https:\/\/yoast.com\/product\/yoast-seo-wordpress\/ -->\n<title>Otto II. und Trebur - Tribur.de<\/title>\n<meta name=\"robots\" content=\"index, follow, max-snippet:-1, max-image-preview:large, max-video-preview:-1\" \/>\n<link rel=\"canonical\" href=\"https:\/\/www.tribur.de\/blog\/2011\/11\/22\/otto-ii-und-trebur\/\" \/>\n<meta property=\"og:locale\" content=\"de_DE\" \/>\n<meta property=\"og:type\" content=\"article\" \/>\n<meta property=\"og:title\" content=\"Otto II. und Trebur - Tribur.de\" \/>\n<meta property=\"og:description\" content=\"Als Otto der Gro\u00dfe 973 stirbt ist die Nachfolge bereits geregelt. Otto II. ist bereits Mitkaiser alles Andere Formalit\u00e4t. Ottos Eingeweider werden noch in der Nacht des 7. Mai in Memleben beigesetzt, seine Leiche&#046;&#046;&#046;\" \/>\n<meta property=\"og:url\" content=\"https:\/\/www.tribur.de\/blog\/2011\/11\/22\/otto-ii-und-trebur\/\" \/>\n<meta property=\"og:site_name\" content=\"Tribur.de\" \/>\n<meta property=\"article:publisher\" content=\"http:\/\/www.facebook.com\/pages\/Triburde\/184352328288771\" \/>\n<meta property=\"article:author\" content=\"http:\/\/www.facebook.com\/pages\/Triburde\/184352328288771\" \/>\n<meta property=\"article:published_time\" content=\"2011-11-22T14:03:37+00:00\" \/>\n<meta property=\"og:image\" content=\"https:\/\/i0.wp.com\/www.tribur.de\/blog\/wp-content\/uploads\/2018\/09\/cropped-logotest-2.jpg?fit=200%2C200&ssl=1\" \/>\n\t<meta property=\"og:image:width\" content=\"200\" \/>\n\t<meta property=\"og:image:height\" content=\"200\" \/>\n\t<meta property=\"og:image:type\" content=\"image\/jpeg\" \/>\n<meta name=\"author\" content=\"Markus Zwittmeier\" \/>\n<meta name=\"twitter:card\" content=\"summary_large_image\" \/>\n<meta name=\"twitter:creator\" content=\"@https:\/\/twitter.com\/tribur\" \/>\n<meta name=\"twitter:site\" content=\"@tribur\" \/>\n<meta name=\"twitter:label1\" content=\"Verfasst von\" \/>\n\t<meta name=\"twitter:data1\" content=\"Markus Zwittmeier\" \/>\n\t<meta name=\"twitter:label2\" content=\"Gesch\u00e4tzte Lesezeit\" \/>\n\t<meta name=\"twitter:data2\" content=\"7\u00a0Minuten\" \/>\n<script type=\"application\/ld+json\" class=\"yoast-schema-graph\">{\"@context\":\"https:\\\/\\\/schema.org\",\"@graph\":[{\"@type\":\"Article\",\"@id\":\"https:\\\/\\\/www.tribur.de\\\/blog\\\/2011\\\/11\\\/22\\\/otto-ii-und-trebur\\\/#article\",\"isPartOf\":{\"@id\":\"https:\\\/\\\/www.tribur.de\\\/blog\\\/2011\\\/11\\\/22\\\/otto-ii-und-trebur\\\/\"},\"author\":{\"name\":\"Markus Zwittmeier\",\"@id\":\"https:\\\/\\\/www.tribur.de\\\/blog\\\/#\\\/schema\\\/person\\\/3119997f09f43791809c2d1af27bba6c\"},\"headline\":\"Otto II. und Trebur\",\"datePublished\":\"2011-11-22T14:03:37+00:00\",\"mainEntityOfPage\":{\"@id\":\"https:\\\/\\\/www.tribur.de\\\/blog\\\/2011\\\/11\\\/22\\\/otto-ii-und-trebur\\\/\"},\"wordCount\":1392,\"commentCount\":0,\"publisher\":{\"@id\":\"https:\\\/\\\/www.tribur.de\\\/blog\\\/#\\\/schema\\\/person\\\/3119997f09f43791809c2d1af27bba6c\"},\"keywords\":[\"Fr\u00fchmittelalter\",\"ottonisch\",\"Pfalz\",\"Recherche\",\"Trebur\\\/Tribur\"],\"articleSection\":[\"Geschichte\"],\"inLanguage\":\"de\",\"potentialAction\":[{\"@type\":\"CommentAction\",\"name\":\"Comment\",\"target\":[\"https:\\\/\\\/www.tribur.de\\\/blog\\\/2011\\\/11\\\/22\\\/otto-ii-und-trebur\\\/#respond\"]}]},{\"@type\":\"WebPage\",\"@id\":\"https:\\\/\\\/www.tribur.de\\\/blog\\\/2011\\\/11\\\/22\\\/otto-ii-und-trebur\\\/\",\"url\":\"https:\\\/\\\/www.tribur.de\\\/blog\\\/2011\\\/11\\\/22\\\/otto-ii-und-trebur\\\/\",\"name\":\"Otto II. und Trebur - Tribur.de\",\"isPartOf\":{\"@id\":\"https:\\\/\\\/www.tribur.de\\\/blog\\\/#website\"},\"datePublished\":\"2011-11-22T14:03:37+00:00\",\"breadcrumb\":{\"@id\":\"https:\\\/\\\/www.tribur.de\\\/blog\\\/2011\\\/11\\\/22\\\/otto-ii-und-trebur\\\/#breadcrumb\"},\"inLanguage\":\"de\",\"potentialAction\":[{\"@type\":\"ReadAction\",\"target\":[\"https:\\\/\\\/www.tribur.de\\\/blog\\\/2011\\\/11\\\/22\\\/otto-ii-und-trebur\\\/\"]}]},{\"@type\":\"BreadcrumbList\",\"@id\":\"https:\\\/\\\/www.tribur.de\\\/blog\\\/2011\\\/11\\\/22\\\/otto-ii-und-trebur\\\/#breadcrumb\",\"itemListElement\":[{\"@type\":\"ListItem\",\"position\":1,\"name\":\"Home\",\"item\":\"https:\\\/\\\/www.tribur.de\\\/blog\\\/\"},{\"@type\":\"ListItem\",\"position\":2,\"name\":\"Otto II. und Trebur\"}]},{\"@type\":\"WebSite\",\"@id\":\"https:\\\/\\\/www.tribur.de\\\/blog\\\/#website\",\"url\":\"https:\\\/\\\/www.tribur.de\\\/blog\\\/\",\"name\":\"Tribur.de\",\"description\":\"Tribur.de - Geschichte und so Zeugs\",\"publisher\":{\"@id\":\"https:\\\/\\\/www.tribur.de\\\/blog\\\/#\\\/schema\\\/person\\\/3119997f09f43791809c2d1af27bba6c\"},\"potentialAction\":[{\"@type\":\"SearchAction\",\"target\":{\"@type\":\"EntryPoint\",\"urlTemplate\":\"https:\\\/\\\/www.tribur.de\\\/blog\\\/?s={search_term_string}\"},\"query-input\":{\"@type\":\"PropertyValueSpecification\",\"valueRequired\":true,\"valueName\":\"search_term_string\"}}],\"inLanguage\":\"de\"},{\"@type\":[\"Person\",\"Organization\"],\"@id\":\"https:\\\/\\\/www.tribur.de\\\/blog\\\/#\\\/schema\\\/person\\\/3119997f09f43791809c2d1af27bba6c\",\"name\":\"Markus Zwittmeier\",\"image\":{\"@type\":\"ImageObject\",\"inLanguage\":\"de\",\"@id\":\"https:\\\/\\\/i0.wp.com\\\/www.tribur.de\\\/blog\\\/wp-content\\\/uploads\\\/2018\\\/09\\\/cropped-logotest-4.jpg?fit=200%2C200&ssl=1\",\"url\":\"https:\\\/\\\/i0.wp.com\\\/www.tribur.de\\\/blog\\\/wp-content\\\/uploads\\\/2018\\\/09\\\/cropped-logotest-4.jpg?fit=200%2C200&ssl=1\",\"contentUrl\":\"https:\\\/\\\/i0.wp.com\\\/www.tribur.de\\\/blog\\\/wp-content\\\/uploads\\\/2018\\\/09\\\/cropped-logotest-4.jpg?fit=200%2C200&ssl=1\",\"width\":200,\"height\":200,\"caption\":\"Markus Zwittmeier\"},\"logo\":{\"@id\":\"https:\\\/\\\/i0.wp.com\\\/www.tribur.de\\\/blog\\\/wp-content\\\/uploads\\\/2018\\\/09\\\/cropped-logotest-4.jpg?fit=200%2C200&ssl=1\"},\"sameAs\":[\"http:\\\/\\\/www.Tribur.de\",\"http:\\\/\\\/www.facebook.com\\\/pages\\\/Triburde\\\/184352328288771\",\"https:\\\/\\\/www.instagram.com\\\/tribur.de\\\/\",\"https:\\\/\\\/x.com\\\/https:\\\/\\\/twitter.com\\\/tribur\",\"https:\\\/\\\/www.youtube.com\\\/channel\\\/UCnEonou-x6_P4XPjBk2htCA\"],\"url\":\"https:\\\/\\\/www.tribur.de\\\/blog\\\/author\\\/markus\\\/\"}]}<\/script>\n<!-- \/ Yoast SEO plugin. -->","yoast_head_json":{"title":"Otto II. und Trebur - Tribur.de","robots":{"index":"index","follow":"follow","max-snippet":"max-snippet:-1","max-image-preview":"max-image-preview:large","max-video-preview":"max-video-preview:-1"},"canonical":"https:\/\/www.tribur.de\/blog\/2011\/11\/22\/otto-ii-und-trebur\/","og_locale":"de_DE","og_type":"article","og_title":"Otto II. und Trebur - Tribur.de","og_description":"Als Otto der Gro\u00dfe 973 stirbt ist die Nachfolge bereits geregelt. Otto II. ist bereits Mitkaiser alles Andere Formalit\u00e4t. Ottos Eingeweider werden noch in der Nacht des 7. Mai in Memleben beigesetzt, seine Leiche&#46;&#46;&#46;","og_url":"https:\/\/www.tribur.de\/blog\/2011\/11\/22\/otto-ii-und-trebur\/","og_site_name":"Tribur.de","article_publisher":"http:\/\/www.facebook.com\/pages\/Triburde\/184352328288771","article_author":"http:\/\/www.facebook.com\/pages\/Triburde\/184352328288771","article_published_time":"2011-11-22T14:03:37+00:00","og_image":[{"width":200,"height":200,"url":"https:\/\/i0.wp.com\/www.tribur.de\/blog\/wp-content\/uploads\/2018\/09\/cropped-logotest-2.jpg?fit=200%2C200&ssl=1","type":"image\/jpeg"}],"author":"Markus Zwittmeier","twitter_card":"summary_large_image","twitter_creator":"@https:\/\/twitter.com\/tribur","twitter_site":"@tribur","twitter_misc":{"Verfasst von":"Markus Zwittmeier","Gesch\u00e4tzte Lesezeit":"7\u00a0Minuten"},"schema":{"@context":"https:\/\/schema.org","@graph":[{"@type":"Article","@id":"https:\/\/www.tribur.de\/blog\/2011\/11\/22\/otto-ii-und-trebur\/#article","isPartOf":{"@id":"https:\/\/www.tribur.de\/blog\/2011\/11\/22\/otto-ii-und-trebur\/"},"author":{"name":"Markus Zwittmeier","@id":"https:\/\/www.tribur.de\/blog\/#\/schema\/person\/3119997f09f43791809c2d1af27bba6c"},"headline":"Otto II. und Trebur","datePublished":"2011-11-22T14:03:37+00:00","mainEntityOfPage":{"@id":"https:\/\/www.tribur.de\/blog\/2011\/11\/22\/otto-ii-und-trebur\/"},"wordCount":1392,"commentCount":0,"publisher":{"@id":"https:\/\/www.tribur.de\/blog\/#\/schema\/person\/3119997f09f43791809c2d1af27bba6c"},"keywords":["Fr\u00fchmittelalter","ottonisch","Pfalz","Recherche","Trebur\/Tribur"],"articleSection":["Geschichte"],"inLanguage":"de","potentialAction":[{"@type":"CommentAction","name":"Comment","target":["https:\/\/www.tribur.de\/blog\/2011\/11\/22\/otto-ii-und-trebur\/#respond"]}]},{"@type":"WebPage","@id":"https:\/\/www.tribur.de\/blog\/2011\/11\/22\/otto-ii-und-trebur\/","url":"https:\/\/www.tribur.de\/blog\/2011\/11\/22\/otto-ii-und-trebur\/","name":"Otto II. und Trebur - Tribur.de","isPartOf":{"@id":"https:\/\/www.tribur.de\/blog\/#website"},"datePublished":"2011-11-22T14:03:37+00:00","breadcrumb":{"@id":"https:\/\/www.tribur.de\/blog\/2011\/11\/22\/otto-ii-und-trebur\/#breadcrumb"},"inLanguage":"de","potentialAction":[{"@type":"ReadAction","target":["https:\/\/www.tribur.de\/blog\/2011\/11\/22\/otto-ii-und-trebur\/"]}]},{"@type":"BreadcrumbList","@id":"https:\/\/www.tribur.de\/blog\/2011\/11\/22\/otto-ii-und-trebur\/#breadcrumb","itemListElement":[{"@type":"ListItem","position":1,"name":"Home","item":"https:\/\/www.tribur.de\/blog\/"},{"@type":"ListItem","position":2,"name":"Otto II. und Trebur"}]},{"@type":"WebSite","@id":"https:\/\/www.tribur.de\/blog\/#website","url":"https:\/\/www.tribur.de\/blog\/","name":"Tribur.de","description":"Tribur.de - Geschichte und so Zeugs","publisher":{"@id":"https:\/\/www.tribur.de\/blog\/#\/schema\/person\/3119997f09f43791809c2d1af27bba6c"},"potentialAction":[{"@type":"SearchAction","target":{"@type":"EntryPoint","urlTemplate":"https:\/\/www.tribur.de\/blog\/?s={search_term_string}"},"query-input":{"@type":"PropertyValueSpecification","valueRequired":true,"valueName":"search_term_string"}}],"inLanguage":"de"},{"@type":["Person","Organization"],"@id":"https:\/\/www.tribur.de\/blog\/#\/schema\/person\/3119997f09f43791809c2d1af27bba6c","name":"Markus Zwittmeier","image":{"@type":"ImageObject","inLanguage":"de","@id":"https:\/\/i0.wp.com\/www.tribur.de\/blog\/wp-content\/uploads\/2018\/09\/cropped-logotest-4.jpg?fit=200%2C200&ssl=1","url":"https:\/\/i0.wp.com\/www.tribur.de\/blog\/wp-content\/uploads\/2018\/09\/cropped-logotest-4.jpg?fit=200%2C200&ssl=1","contentUrl":"https:\/\/i0.wp.com\/www.tribur.de\/blog\/wp-content\/uploads\/2018\/09\/cropped-logotest-4.jpg?fit=200%2C200&ssl=1","width":200,"height":200,"caption":"Markus Zwittmeier"},"logo":{"@id":"https:\/\/i0.wp.com\/www.tribur.de\/blog\/wp-content\/uploads\/2018\/09\/cropped-logotest-4.jpg?fit=200%2C200&ssl=1"},"sameAs":["http:\/\/www.Tribur.de","http:\/\/www.facebook.com\/pages\/Triburde\/184352328288771","https:\/\/www.instagram.com\/tribur.de\/","https:\/\/x.com\/https:\/\/twitter.com\/tribur","https:\/\/www.youtube.com\/channel\/UCnEonou-x6_P4XPjBk2htCA"],"url":"https:\/\/www.tribur.de\/blog\/author\/markus\/"}]}},"jetpack_publicize_connections":[],"jetpack_featured_media_url":"","jetpack_shortlink":"https:\/\/wp.me\/p1mHPu-4Eo","jetpack_sharing_enabled":true,"_links":{"self":[{"href":"https:\/\/www.tribur.de\/blog\/wp-json\/wp\/v2\/posts\/17880","targetHints":{"allow":["GET"]}}],"collection":[{"href":"https:\/\/www.tribur.de\/blog\/wp-json\/wp\/v2\/posts"}],"about":[{"href":"https:\/\/www.tribur.de\/blog\/wp-json\/wp\/v2\/types\/post"}],"author":[{"embeddable":true,"href":"https:\/\/www.tribur.de\/blog\/wp-json\/wp\/v2\/users\/2"}],"replies":[{"embeddable":true,"href":"https:\/\/www.tribur.de\/blog\/wp-json\/wp\/v2\/comments?post=17880"}],"version-history":[{"count":5,"href":"https:\/\/www.tribur.de\/blog\/wp-json\/wp\/v2\/posts\/17880\/revisions"}],"predecessor-version":[{"id":17905,"href":"https:\/\/www.tribur.de\/blog\/wp-json\/wp\/v2\/posts\/17880\/revisions\/17905"}],"wp:attachment":[{"href":"https:\/\/www.tribur.de\/blog\/wp-json\/wp\/v2\/media?parent=17880"}],"wp:term":[{"taxonomy":"category","embeddable":true,"href":"https:\/\/www.tribur.de\/blog\/wp-json\/wp\/v2\/categories?post=17880"},{"taxonomy":"post_tag","embeddable":true,"href":"https:\/\/www.tribur.de\/blog\/wp-json\/wp\/v2\/tags?post=17880"}],"curies":[{"name":"wp","href":"https:\/\/api.w.org\/{rel}","templated":true}]}}