{"id":17783,"date":"2011-11-14T11:19:51","date_gmt":"2011-11-14T10:19:51","guid":{"rendered":"http:\/\/www.tribur.de\/blog\/?p=17783"},"modified":"2011-11-14T11:19:51","modified_gmt":"2011-11-14T10:19:51","slug":"otto-der-grose-und-trebur-i","status":"publish","type":"post","link":"https:\/\/www.tribur.de\/blog\/2011\/11\/14\/otto-der-grose-und-trebur-i\/","title":{"rendered":"Otto der Gro\u00dfe und Trebur I"},"content":{"rendered":"<p>Otto der Gro\u00dfe l\u00e4sst sich Zeit, bis er in Trebur nachweisbar ist.<br \/>\nAls sein Vater Heinrich stirbt ist die Nachfolge bereits geregelt. Die Wahl und Kr\u00f6nung am 7. August 936 sind reine Proformahandlungen. Nach der Kr\u00f6nung reist er direkt zur\u00fcck in die s\u00e4chsische Heimat , wo er zum Seelenheil seiner Eltern in Quedlinburg die Burg auf dem Berg in ein Kloster umwandelt. Das Kloster Quedlinburg (Sankt Servatius) Diesem vermacht er auch die Wein- und Honiggilten zu Ingelheim. Viel Zeit diese Gr\u00fcndung zu feiern bleibt Otto nicht. Die Slawen proben den Aufstand und Otto greift ein. Bis Ende des Jahres h\u00e4lt er sich dan in Sachsen auf.<br \/>\nIm Februar 937 kommt es wieder zu einem Ungarneinfall. Die Ungarn kommen bis nach Franken und teilen sich dort. Ein Zug zieht in Richtung Alamanien, der Andere \u00fcberquert bei Worms den Rhein. Der Zug mach eine Schleife und versucht von Westen in Sachsen einzufallen und umgeht so die s\u00e4chsischen Heinrichsburgen. Otto zieht ihnen, allerdings ohne gro\u00dfes Heer entgegen und verfolgt sie bis Metz. Im Anschlu\u00df h\u00e4lt er sich kurz in Mainz und Ingelheim auf und zieht wieder zur\u00fcck nach Sachsen wo es zu inneren Unruhen kommt.<br \/>\nZu Anfang 938 zieht er gegen Baiern und k\u00e4mpft gegen seinen Halbbruder Thankmar an der Eresburg. Da tauchen auch schon wieder die Ungarn auf und schlagen an der Bode ihr Lager und Pl\u00fcndern durch die Landschaft. Ein Heerf\u00fchrer kann jedoch gefangen genommen werden und wird gegen L\u00f6segeld freigelassen. Die Ungarn ziehen von der Bode ab.<br \/>\nOtto kann die Baiern unterwerfen aber in Sachsen erhebt sich 839 sein Bruder Heinrich und Eberhard aus dem Geschlecht der Koradiner erneut gegen ihn und verb\u00fcnden sich mit dem Herzog von Lothringen. Otto zieht nun weit nach Westen. Bei der Schlacht von Andernach kann er die Aufst\u00e4ndigen schlagen. Und schon begehren die Slawen wieder auf.<br \/>\nIm Juni 940 h\u00e4lt er sich kurz in Mainz auf und ist dann wieder im Osten nachweisbar. Es folgt das alte Lied um Lothringen und Otto zieht wieder nach Westen bis weit ins Westf\u00e4nkische Reich bis nach Burgund und an die Seine. Nach kurzer Pause in Malmedy und Corvey gehts wieder nach Lothringen. Am 1.12.940 ist er in Frankfurt, verbring aber Weihnachten wieder in Sachsen.<br \/>\nOstern 841 versucht man beim Osterfest in Quedlinburg einen Anschlag auf Otto, den man jedoch vereiteln kann. Im Mai h\u00e4lt sich Otto dann in Ingelheim auf, wo man seinen Bruder Heinrich festsetzen kann, der es aber wieder schafft zu fliehen. Den Rest des Jahres ist Otto in Sachsen, feiert Weihnachten aber in Frankfurt, wo sich Heinrich ihm unterwirf (Barfu\u00df vor der Pfalz, kommt bekannt vor oder?)<br \/>\nDanach ist er wieder in Sachsen, zieht im November in Richtung L\u00fcttich und trifft sich mit Ludwig von Frankreich ( der hat \u00fcbrigens Ottos Schwester geheiratet)<br \/>\nWeihnachten ist Otto wieder in Sachsen.<br \/>\nErst Juli 944 ist er mal in Aachen und h\u00e4lt sich am Niederrhein auf, um dann wieder bis 945 in Sachsen zu sein. Im Mai ist er dann in Duisburg, wo er einen Hoftag mit Lothringern und Franken h\u00e4lt.Kurz h\u00e4lt er sich in Sachsen auf und ist im Juli wieder in Aachen um im Oktober wieder in Sachsen eine griechische (byzantinische) Gesandtschaft zu empfangen. Im Januar 946 stirbt seine erste Frau Egdith und im Sommer f\u00fchrt ihn ein Feldzug gegen Frankreich bis nach Laon, das er aber wegen seiner Befestigungen nicht belagert, und zieht weiter nach Reims und erobert es. Er belagert Paris, zieht pl\u00fcndernd die Seine entlang in die Normandie, wo er Rouen belagert.\u00dcber Amiens zieht man sich zur\u00fcck und verbringt Weihnachten in Frankfurt. \u00dcber Salz am Rhein zieht er nach Aachen und von dort, nach Aufenthalt, nach Sachsen. Im August zieht er nach Douzy (Ardennen) um sich mit K\u00f6nig Ludwig zu treffen. Er zieht nach Frankfurt und Mainz und \u00fcberwintert in einem von beiden.<br \/>\nIm Februar 948 ist er dann erstmalig in Regensburg nachweisbar um im Februar schon wieder in Sachsen zu sein, von wo aus er nach Aachen reist um im April einen Hoftag zu halten. \u00dcber Ingelheim gehts zur\u00fcck nach Sachsen. Weihnachten wird wieder in Frankfurt verbracht.949 gehts im Anschlu\u00df wieder nach Aachen und weiter nach Nimwegen und zur\u00fcck nach Sachsen. Den Rest des Jahres verbringt er in Sachsen um dann im Januar \u00a0950 in Lothringen mit K\u00f6nig Ludwig zusammen zutreffen. Von dort reist er \u00fcber Frankfurt nach Worms zu einem Hoftag. \u00dcber W\u00fcrzburg gehts dann zur\u00fcck nach Sachsen. Aber schon im Juli zieht er die Elbe entlang nach B\u00f6hmen um gegen den Herzog Boleslaus. Im Oktober ist er dann wieder in Magdeburg.<\/p>\n<p>Im Januar h\u00e4lt er in Frankfurt einen Hoftag ab und reist nach Aachen weiter. Im Juli ist er wieder in Sachsen und bricht von dort nach Italien auf, wo er Adelheid heiratet. \u00a0Adelheid erh\u00e4lt (h\u00f6chst wahrscheinlich) Trebur als <em>dos.<\/em><\/p>\n<p>Trebur taucht in der ersten H\u00e4lfte Ottos Regentschaft nicht auf. Es verwundert auch kaum wenn man seinen Reiseweg und die Orte der Beurkundungen verfolgt. Otto eilt von einem Kriegs und Kampfschauplatz zum n\u00e4chsten. Von Sachsen nach Lothringen und zur\u00fcck. Meist solte er dabei den dekten Weg \u00fcber den Hellweg genmmen haben.  Erst sp\u00e4ter, als sich die Lage in Lothringen beruhigt steigt auch Frankfurt wieder in der Gunst.<br \/>\nAuch in Alamanien taucht nicht ein einziges mal auf.<br \/>\nBei seinen Besuchen in Frankfurt sollte Otto auch von Trebur zumindest geh\u00f6rt haben. Man geht davon aus das Trebur und Ingelheim auch die Pfalz Frankfurt im Rahmen der Gastungspflicht zus\u00e4tzlich bei einem Aufenthalt unterst\u00fctzten, genauso wie es umgekehrt der Fall war.<br \/>\nEine gute Chance Trebur zu durchqueren hatte Otto als er 950 von Frankfurt nach Worms reiste. Der Ort war ihm also bekannt. Und noch wichtiger: Otto wusste um seine Wirtschaftskraft. Es verwundert daher nicht wenn Otto Trebur Adelheid zu ihrer Versorgung \u00fcbergeben hat.<\/p>\n<p>Worauf ich allerdings gespannt bin, ist die Entwicklung Frankfurts nach 951. H\u00e4lt er sich noch ganauso lange (\u00dcberwinterung) dort auf, oder unterl\u00e4sst er l\u00e4ngere Besuche weil die Versorgung nicht mehr in vollem Umfang gew\u00e4hrleistet ist?<\/p>\n<p>Ebenfalls interessant sind die fr\u00fchen Frankfurt Aufenthalte, bei dem Ottos Heer im Gefolge war. Zu fr\u00fcheren Zeitpunkten hielt sich der K\u00f6nig gerne in Trebur auf, wenn ein Heer dabei war. Dieses mal nun nicht. Weilte der Herrscher vielleicht in Frankfurt und parkte das Heer in Trebur zwischen?<\/p>\n<p>&nbsp;<\/p>\n","protected":false},"excerpt":{"rendered":"<p>Otto der Gro\u00dfe l\u00e4sst sich Zeit, bis er in Trebur nachweisbar ist. Als sein Vater Heinrich stirbt ist die Nachfolge bereits geregelt. Die Wahl und Kr\u00f6nung am 7. August 936 sind reine Proformahandlungen. Nach&#46;&#46;&#46;<\/p>\n","protected":false},"author":2,"featured_media":0,"comment_status":"open","ping_status":"open","sticky":false,"template":"","format":"standard","meta":{"jetpack_post_was_ever_published":false,"_jetpack_newsletter_access":"","_jetpack_dont_email_post_to_subs":false,"_jetpack_newsletter_tier_id":0,"_jetpack_memberships_contains_paywalled_content":false,"_jetpack_memberships_contains_paid_content":false,"footnotes":"","jetpack_publicize_message":"","jetpack_publicize_feature_enabled":true,"jetpack_social_post_already_shared":false,"jetpack_social_options":{"image_generator_settings":{"template":"highway","default_image_id":0,"font":"","enabled":false},"version":2}},"categories":[1],"tags":[46,35,49,37,16],"class_list":["post-17783","post","type-post","status-publish","format-standard","hentry","category-geschichte","tag-ottonisch","tag-pfalz","tag-recherche","tag-theorie","tag-trebur"],"yoast_head":"<!-- This site is optimized with the Yoast SEO plugin v27.4 - https:\/\/yoast.com\/product\/yoast-seo-wordpress\/ -->\n<title>Otto der Gro\u00dfe und Trebur I - Tribur.de<\/title>\n<meta name=\"robots\" content=\"index, follow, max-snippet:-1, max-image-preview:large, max-video-preview:-1\" \/>\n<link rel=\"canonical\" href=\"https:\/\/www.tribur.de\/blog\/2011\/11\/14\/otto-der-grose-und-trebur-i\/\" \/>\n<meta property=\"og:locale\" content=\"de_DE\" \/>\n<meta property=\"og:type\" content=\"article\" \/>\n<meta property=\"og:title\" content=\"Otto der Gro\u00dfe und Trebur I - Tribur.de\" \/>\n<meta property=\"og:description\" content=\"Otto der Gro\u00dfe l\u00e4sst sich Zeit, bis er in Trebur nachweisbar ist. Als sein Vater Heinrich stirbt ist die Nachfolge bereits geregelt. Die Wahl und Kr\u00f6nung am 7. August 936 sind reine Proformahandlungen. Nach&#046;&#046;&#046;\" \/>\n<meta property=\"og:url\" content=\"https:\/\/www.tribur.de\/blog\/2011\/11\/14\/otto-der-grose-und-trebur-i\/\" \/>\n<meta property=\"og:site_name\" content=\"Tribur.de\" \/>\n<meta property=\"article:publisher\" content=\"http:\/\/www.facebook.com\/pages\/Triburde\/184352328288771\" \/>\n<meta property=\"article:author\" content=\"http:\/\/www.facebook.com\/pages\/Triburde\/184352328288771\" \/>\n<meta property=\"article:published_time\" content=\"2011-11-14T10:19:51+00:00\" \/>\n<meta property=\"og:image\" content=\"https:\/\/i0.wp.com\/www.tribur.de\/blog\/wp-content\/uploads\/2018\/09\/cropped-logotest-2.jpg?fit=200%2C200&ssl=1\" \/>\n\t<meta property=\"og:image:width\" content=\"200\" \/>\n\t<meta property=\"og:image:height\" content=\"200\" \/>\n\t<meta property=\"og:image:type\" content=\"image\/jpeg\" \/>\n<meta name=\"author\" content=\"Markus Zwittmeier\" \/>\n<meta name=\"twitter:card\" content=\"summary_large_image\" \/>\n<meta name=\"twitter:creator\" content=\"@https:\/\/twitter.com\/tribur\" \/>\n<meta name=\"twitter:site\" content=\"@tribur\" \/>\n<meta name=\"twitter:label1\" content=\"Verfasst von\" \/>\n\t<meta name=\"twitter:data1\" content=\"Markus Zwittmeier\" \/>\n\t<meta name=\"twitter:label2\" content=\"Gesch\u00e4tzte Lesezeit\" \/>\n\t<meta name=\"twitter:data2\" content=\"5\u00a0Minuten\" \/>\n<script type=\"application\/ld+json\" class=\"yoast-schema-graph\">{\"@context\":\"https:\\\/\\\/schema.org\",\"@graph\":[{\"@type\":\"Article\",\"@id\":\"https:\\\/\\\/www.tribur.de\\\/blog\\\/2011\\\/11\\\/14\\\/otto-der-grose-und-trebur-i\\\/#article\",\"isPartOf\":{\"@id\":\"https:\\\/\\\/www.tribur.de\\\/blog\\\/2011\\\/11\\\/14\\\/otto-der-grose-und-trebur-i\\\/\"},\"author\":{\"name\":\"Markus Zwittmeier\",\"@id\":\"https:\\\/\\\/www.tribur.de\\\/blog\\\/#\\\/schema\\\/person\\\/3119997f09f43791809c2d1af27bba6c\"},\"headline\":\"Otto der Gro\u00dfe und Trebur I\",\"datePublished\":\"2011-11-14T10:19:51+00:00\",\"mainEntityOfPage\":{\"@id\":\"https:\\\/\\\/www.tribur.de\\\/blog\\\/2011\\\/11\\\/14\\\/otto-der-grose-und-trebur-i\\\/\"},\"wordCount\":1078,\"commentCount\":0,\"publisher\":{\"@id\":\"https:\\\/\\\/www.tribur.de\\\/blog\\\/#\\\/schema\\\/person\\\/3119997f09f43791809c2d1af27bba6c\"},\"keywords\":[\"ottonisch\",\"Pfalz\",\"Recherche\",\"Theorie\",\"Trebur\\\/Tribur\"],\"articleSection\":[\"Geschichte\"],\"inLanguage\":\"de\",\"potentialAction\":[{\"@type\":\"CommentAction\",\"name\":\"Comment\",\"target\":[\"https:\\\/\\\/www.tribur.de\\\/blog\\\/2011\\\/11\\\/14\\\/otto-der-grose-und-trebur-i\\\/#respond\"]}]},{\"@type\":\"WebPage\",\"@id\":\"https:\\\/\\\/www.tribur.de\\\/blog\\\/2011\\\/11\\\/14\\\/otto-der-grose-und-trebur-i\\\/\",\"url\":\"https:\\\/\\\/www.tribur.de\\\/blog\\\/2011\\\/11\\\/14\\\/otto-der-grose-und-trebur-i\\\/\",\"name\":\"Otto der Gro\u00dfe und Trebur I - Tribur.de\",\"isPartOf\":{\"@id\":\"https:\\\/\\\/www.tribur.de\\\/blog\\\/#website\"},\"datePublished\":\"2011-11-14T10:19:51+00:00\",\"breadcrumb\":{\"@id\":\"https:\\\/\\\/www.tribur.de\\\/blog\\\/2011\\\/11\\\/14\\\/otto-der-grose-und-trebur-i\\\/#breadcrumb\"},\"inLanguage\":\"de\",\"potentialAction\":[{\"@type\":\"ReadAction\",\"target\":[\"https:\\\/\\\/www.tribur.de\\\/blog\\\/2011\\\/11\\\/14\\\/otto-der-grose-und-trebur-i\\\/\"]}]},{\"@type\":\"BreadcrumbList\",\"@id\":\"https:\\\/\\\/www.tribur.de\\\/blog\\\/2011\\\/11\\\/14\\\/otto-der-grose-und-trebur-i\\\/#breadcrumb\",\"itemListElement\":[{\"@type\":\"ListItem\",\"position\":1,\"name\":\"Home\",\"item\":\"https:\\\/\\\/www.tribur.de\\\/blog\\\/\"},{\"@type\":\"ListItem\",\"position\":2,\"name\":\"Otto der Gro\u00dfe und Trebur I\"}]},{\"@type\":\"WebSite\",\"@id\":\"https:\\\/\\\/www.tribur.de\\\/blog\\\/#website\",\"url\":\"https:\\\/\\\/www.tribur.de\\\/blog\\\/\",\"name\":\"Tribur.de\",\"description\":\"Tribur.de - Geschichte und so Zeugs\",\"publisher\":{\"@id\":\"https:\\\/\\\/www.tribur.de\\\/blog\\\/#\\\/schema\\\/person\\\/3119997f09f43791809c2d1af27bba6c\"},\"potentialAction\":[{\"@type\":\"SearchAction\",\"target\":{\"@type\":\"EntryPoint\",\"urlTemplate\":\"https:\\\/\\\/www.tribur.de\\\/blog\\\/?s={search_term_string}\"},\"query-input\":{\"@type\":\"PropertyValueSpecification\",\"valueRequired\":true,\"valueName\":\"search_term_string\"}}],\"inLanguage\":\"de\"},{\"@type\":[\"Person\",\"Organization\"],\"@id\":\"https:\\\/\\\/www.tribur.de\\\/blog\\\/#\\\/schema\\\/person\\\/3119997f09f43791809c2d1af27bba6c\",\"name\":\"Markus Zwittmeier\",\"image\":{\"@type\":\"ImageObject\",\"inLanguage\":\"de\",\"@id\":\"https:\\\/\\\/i0.wp.com\\\/www.tribur.de\\\/blog\\\/wp-content\\\/uploads\\\/2018\\\/09\\\/cropped-logotest-4.jpg?fit=200%2C200&ssl=1\",\"url\":\"https:\\\/\\\/i0.wp.com\\\/www.tribur.de\\\/blog\\\/wp-content\\\/uploads\\\/2018\\\/09\\\/cropped-logotest-4.jpg?fit=200%2C200&ssl=1\",\"contentUrl\":\"https:\\\/\\\/i0.wp.com\\\/www.tribur.de\\\/blog\\\/wp-content\\\/uploads\\\/2018\\\/09\\\/cropped-logotest-4.jpg?fit=200%2C200&ssl=1\",\"width\":200,\"height\":200,\"caption\":\"Markus Zwittmeier\"},\"logo\":{\"@id\":\"https:\\\/\\\/i0.wp.com\\\/www.tribur.de\\\/blog\\\/wp-content\\\/uploads\\\/2018\\\/09\\\/cropped-logotest-4.jpg?fit=200%2C200&ssl=1\"},\"sameAs\":[\"http:\\\/\\\/www.Tribur.de\",\"http:\\\/\\\/www.facebook.com\\\/pages\\\/Triburde\\\/184352328288771\",\"https:\\\/\\\/www.instagram.com\\\/tribur.de\\\/\",\"https:\\\/\\\/x.com\\\/https:\\\/\\\/twitter.com\\\/tribur\",\"https:\\\/\\\/www.youtube.com\\\/channel\\\/UCnEonou-x6_P4XPjBk2htCA\"],\"url\":\"https:\\\/\\\/www.tribur.de\\\/blog\\\/author\\\/markus\\\/\"}]}<\/script>\n<!-- \/ Yoast SEO plugin. -->","yoast_head_json":{"title":"Otto der Gro\u00dfe und Trebur I - Tribur.de","robots":{"index":"index","follow":"follow","max-snippet":"max-snippet:-1","max-image-preview":"max-image-preview:large","max-video-preview":"max-video-preview:-1"},"canonical":"https:\/\/www.tribur.de\/blog\/2011\/11\/14\/otto-der-grose-und-trebur-i\/","og_locale":"de_DE","og_type":"article","og_title":"Otto der Gro\u00dfe und Trebur I - Tribur.de","og_description":"Otto der Gro\u00dfe l\u00e4sst sich Zeit, bis er in Trebur nachweisbar ist. Als sein Vater Heinrich stirbt ist die Nachfolge bereits geregelt. Die Wahl und Kr\u00f6nung am 7. August 936 sind reine Proformahandlungen. Nach&#46;&#46;&#46;","og_url":"https:\/\/www.tribur.de\/blog\/2011\/11\/14\/otto-der-grose-und-trebur-i\/","og_site_name":"Tribur.de","article_publisher":"http:\/\/www.facebook.com\/pages\/Triburde\/184352328288771","article_author":"http:\/\/www.facebook.com\/pages\/Triburde\/184352328288771","article_published_time":"2011-11-14T10:19:51+00:00","og_image":[{"width":200,"height":200,"url":"https:\/\/i0.wp.com\/www.tribur.de\/blog\/wp-content\/uploads\/2018\/09\/cropped-logotest-2.jpg?fit=200%2C200&ssl=1","type":"image\/jpeg"}],"author":"Markus Zwittmeier","twitter_card":"summary_large_image","twitter_creator":"@https:\/\/twitter.com\/tribur","twitter_site":"@tribur","twitter_misc":{"Verfasst von":"Markus Zwittmeier","Gesch\u00e4tzte Lesezeit":"5\u00a0Minuten"},"schema":{"@context":"https:\/\/schema.org","@graph":[{"@type":"Article","@id":"https:\/\/www.tribur.de\/blog\/2011\/11\/14\/otto-der-grose-und-trebur-i\/#article","isPartOf":{"@id":"https:\/\/www.tribur.de\/blog\/2011\/11\/14\/otto-der-grose-und-trebur-i\/"},"author":{"name":"Markus Zwittmeier","@id":"https:\/\/www.tribur.de\/blog\/#\/schema\/person\/3119997f09f43791809c2d1af27bba6c"},"headline":"Otto der Gro\u00dfe und Trebur I","datePublished":"2011-11-14T10:19:51+00:00","mainEntityOfPage":{"@id":"https:\/\/www.tribur.de\/blog\/2011\/11\/14\/otto-der-grose-und-trebur-i\/"},"wordCount":1078,"commentCount":0,"publisher":{"@id":"https:\/\/www.tribur.de\/blog\/#\/schema\/person\/3119997f09f43791809c2d1af27bba6c"},"keywords":["ottonisch","Pfalz","Recherche","Theorie","Trebur\/Tribur"],"articleSection":["Geschichte"],"inLanguage":"de","potentialAction":[{"@type":"CommentAction","name":"Comment","target":["https:\/\/www.tribur.de\/blog\/2011\/11\/14\/otto-der-grose-und-trebur-i\/#respond"]}]},{"@type":"WebPage","@id":"https:\/\/www.tribur.de\/blog\/2011\/11\/14\/otto-der-grose-und-trebur-i\/","url":"https:\/\/www.tribur.de\/blog\/2011\/11\/14\/otto-der-grose-und-trebur-i\/","name":"Otto der Gro\u00dfe und Trebur I - Tribur.de","isPartOf":{"@id":"https:\/\/www.tribur.de\/blog\/#website"},"datePublished":"2011-11-14T10:19:51+00:00","breadcrumb":{"@id":"https:\/\/www.tribur.de\/blog\/2011\/11\/14\/otto-der-grose-und-trebur-i\/#breadcrumb"},"inLanguage":"de","potentialAction":[{"@type":"ReadAction","target":["https:\/\/www.tribur.de\/blog\/2011\/11\/14\/otto-der-grose-und-trebur-i\/"]}]},{"@type":"BreadcrumbList","@id":"https:\/\/www.tribur.de\/blog\/2011\/11\/14\/otto-der-grose-und-trebur-i\/#breadcrumb","itemListElement":[{"@type":"ListItem","position":1,"name":"Home","item":"https:\/\/www.tribur.de\/blog\/"},{"@type":"ListItem","position":2,"name":"Otto der Gro\u00dfe und Trebur I"}]},{"@type":"WebSite","@id":"https:\/\/www.tribur.de\/blog\/#website","url":"https:\/\/www.tribur.de\/blog\/","name":"Tribur.de","description":"Tribur.de - Geschichte und so Zeugs","publisher":{"@id":"https:\/\/www.tribur.de\/blog\/#\/schema\/person\/3119997f09f43791809c2d1af27bba6c"},"potentialAction":[{"@type":"SearchAction","target":{"@type":"EntryPoint","urlTemplate":"https:\/\/www.tribur.de\/blog\/?s={search_term_string}"},"query-input":{"@type":"PropertyValueSpecification","valueRequired":true,"valueName":"search_term_string"}}],"inLanguage":"de"},{"@type":["Person","Organization"],"@id":"https:\/\/www.tribur.de\/blog\/#\/schema\/person\/3119997f09f43791809c2d1af27bba6c","name":"Markus Zwittmeier","image":{"@type":"ImageObject","inLanguage":"de","@id":"https:\/\/i0.wp.com\/www.tribur.de\/blog\/wp-content\/uploads\/2018\/09\/cropped-logotest-4.jpg?fit=200%2C200&ssl=1","url":"https:\/\/i0.wp.com\/www.tribur.de\/blog\/wp-content\/uploads\/2018\/09\/cropped-logotest-4.jpg?fit=200%2C200&ssl=1","contentUrl":"https:\/\/i0.wp.com\/www.tribur.de\/blog\/wp-content\/uploads\/2018\/09\/cropped-logotest-4.jpg?fit=200%2C200&ssl=1","width":200,"height":200,"caption":"Markus Zwittmeier"},"logo":{"@id":"https:\/\/i0.wp.com\/www.tribur.de\/blog\/wp-content\/uploads\/2018\/09\/cropped-logotest-4.jpg?fit=200%2C200&ssl=1"},"sameAs":["http:\/\/www.Tribur.de","http:\/\/www.facebook.com\/pages\/Triburde\/184352328288771","https:\/\/www.instagram.com\/tribur.de\/","https:\/\/x.com\/https:\/\/twitter.com\/tribur","https:\/\/www.youtube.com\/channel\/UCnEonou-x6_P4XPjBk2htCA"],"url":"https:\/\/www.tribur.de\/blog\/author\/markus\/"}]}},"jetpack_publicize_connections":[],"jetpack_featured_media_url":"","jetpack_shortlink":"https:\/\/wp.me\/p1mHPu-4CP","jetpack_sharing_enabled":true,"_links":{"self":[{"href":"https:\/\/www.tribur.de\/blog\/wp-json\/wp\/v2\/posts\/17783","targetHints":{"allow":["GET"]}}],"collection":[{"href":"https:\/\/www.tribur.de\/blog\/wp-json\/wp\/v2\/posts"}],"about":[{"href":"https:\/\/www.tribur.de\/blog\/wp-json\/wp\/v2\/types\/post"}],"author":[{"embeddable":true,"href":"https:\/\/www.tribur.de\/blog\/wp-json\/wp\/v2\/users\/2"}],"replies":[{"embeddable":true,"href":"https:\/\/www.tribur.de\/blog\/wp-json\/wp\/v2\/comments?post=17783"}],"version-history":[{"count":8,"href":"https:\/\/www.tribur.de\/blog\/wp-json\/wp\/v2\/posts\/17783\/revisions"}],"predecessor-version":[{"id":17801,"href":"https:\/\/www.tribur.de\/blog\/wp-json\/wp\/v2\/posts\/17783\/revisions\/17801"}],"wp:attachment":[{"href":"https:\/\/www.tribur.de\/blog\/wp-json\/wp\/v2\/media?parent=17783"}],"wp:term":[{"taxonomy":"category","embeddable":true,"href":"https:\/\/www.tribur.de\/blog\/wp-json\/wp\/v2\/categories?post=17783"},{"taxonomy":"post_tag","embeddable":true,"href":"https:\/\/www.tribur.de\/blog\/wp-json\/wp\/v2\/tags?post=17783"}],"curies":[{"name":"wp","href":"https:\/\/api.w.org\/{rel}","templated":true}]}}