{"id":17557,"date":"2011-10-31T11:01:28","date_gmt":"2011-10-31T10:01:28","guid":{"rendered":"http:\/\/www.tribur.de\/blog\/?p=17557"},"modified":"2011-10-31T11:01:28","modified_gmt":"2011-10-31T10:01:28","slug":"ehrung-in-trebur","status":"publish","type":"post","link":"https:\/\/www.tribur.de\/blog\/2011\/10\/31\/ehrung-in-trebur\/","title":{"rendered":"Ehrung in Trebur"},"content":{"rendered":"<div id=\"attachment_17558\" style=\"width: 310px\" class=\"wp-caption alignleft\"><a href=\"https:\/\/i0.wp.com\/www.tribur.de\/blog\/wp-content\/uploads\/2011\/10\/PreisTrebur.jpg?ssl=1\"><img data-recalc-dims=\"1\" loading=\"lazy\" decoding=\"async\" aria-describedby=\"caption-attachment-17558\" class=\"size-full wp-image-17558\" title=\"PreisTrebur\" src=\"https:\/\/i0.wp.com\/www.tribur.de\/blog\/wp-content\/uploads\/2011\/10\/PreisTrebur.jpg?resize=300%2C400&#038;ssl=1\" alt=\"\" width=\"300\" height=\"400\" srcset=\"https:\/\/i0.wp.com\/www.tribur.de\/blog\/wp-content\/uploads\/2011\/10\/PreisTrebur.jpg?w=300&amp;ssl=1 300w, https:\/\/i0.wp.com\/www.tribur.de\/blog\/wp-content\/uploads\/2011\/10\/PreisTrebur.jpg?resize=225%2C300&amp;ssl=1 225w\" sizes=\"auto, (max-width: 300px) 100vw, 300px\" \/><\/a><p id=\"caption-attachment-17558\" class=\"wp-caption-text\">Keine zu gro\u00df geratene Email-Scheibenfibel, sondern die silberne Ehrennadel der Gemeinde Trebur<\/p><\/div>\n<p>Gestern war ich in Trebur, da B\u00fcrgerpreis und B\u00fcrgerehrungen stattfanden. Ich war eigentlich nur da weil mein Vater noch mal was \u00fcbergeben bekam, und da sollte man dann doch dabei sein.<br \/>\nGleichzeitig wurde aber auch die Gesellschaft Heimat &amp; Geschichte e.V. f\u00fcr &#8222;kulturelle Vereinst\u00e4tigkeit&#8220; geehrt, bei der ich ja irgendwie auch mitmische. Und wurde dabei dann auch nach vorne gebeten. Das ist ja als solches auch noch nicht schlimm.<br \/>\nSchlimm wird es erst wenn man, dank dem Vorsitzenden Wolfgang Kraft, das Mikro in die Hand gedr\u00fcckt bekommt und was \u00fcber Arch\u00e4ologie und Zukunft f\u00fcr Trebur erz\u00e4hlen soll&#8230;<br \/>\nZum Gl\u00fcck schreibe ich dar\u00fcber gerade eine &#8222;Keynote&#8220;, wie das so sch\u00f6n Neudeutsch hei\u00dft. Ich hab nicht viel gesagt, ich wei\u00df nicht mal mehr was ich genau gesagt habe (wahr etwas nerv\u00f6s) , ausser das ich bei B\u00fcrgern und Politik f\u00fcr R\u00fcckhalt gebeten habe f\u00fcr das was da kommen m\u00f6ge.<br \/>\nIch bekam anschlie\u00dfend gesagt ich h\u00e4tte in die Politik gehen sollen, so wie ich mich ausgedr\u00fcckt h\u00e4tte. Auweia! Das hat gesessen.<\/p>\n<p>Leider ist der Preis nicht dotiert, was schade ist, denn das w\u00e4re ein guter Einstieg in die kommenden Projekte. Zudem hab ich bei solchen Preisen immer das Gef\u00fchl, das sie unterschwellig ausdr\u00fccken &#8222;da habt ihr was und jetzt ist aber bitte erst mal wieder ruhe mit Euren bekloppten Ideen&#8220;.<\/p>\n","protected":false},"excerpt":{"rendered":"<p>Gestern war ich in Trebur, da B\u00fcrgerpreis und B\u00fcrgerehrungen stattfanden. Ich war eigentlich nur da weil mein Vater noch mal was \u00fcbergeben bekam, und da sollte man dann doch dabei sein. Gleichzeitig wurde aber&#46;&#46;&#46;<\/p>\n","protected":false},"author":2,"featured_media":0,"comment_status":"open","ping_status":"open","sticky":false,"template":"","format":"standard","meta":{"jetpack_post_was_ever_published":false,"_jetpack_newsletter_access":"","_jetpack_dont_email_post_to_subs":false,"_jetpack_newsletter_tier_id":0,"_jetpack_memberships_contains_paywalled_content":false,"_jetpack_memberships_contains_paid_content":false,"footnotes":"","jetpack_publicize_message":"","jetpack_publicize_feature_enabled":true,"jetpack_social_post_already_shared":false,"jetpack_social_options":{"image_generator_settings":{"template":"highway","default_image_id":0,"font":"","enabled":false},"version":2}},"categories":[1],"tags":[16],"class_list":["post-17557","post","type-post","status-publish","format-standard","hentry","category-geschichte","tag-trebur"],"yoast_head":"<!-- This site is optimized with the Yoast SEO plugin v27.4 - https:\/\/yoast.com\/product\/yoast-seo-wordpress\/ -->\n<title>Ehrung in Trebur - Tribur.de<\/title>\n<meta name=\"robots\" content=\"index, follow, max-snippet:-1, max-image-preview:large, max-video-preview:-1\" \/>\n<link rel=\"canonical\" href=\"https:\/\/www.tribur.de\/blog\/2011\/10\/31\/ehrung-in-trebur\/\" \/>\n<meta property=\"og:locale\" content=\"de_DE\" \/>\n<meta property=\"og:type\" content=\"article\" \/>\n<meta property=\"og:title\" content=\"Ehrung in Trebur - Tribur.de\" \/>\n<meta property=\"og:description\" content=\"Gestern war ich in Trebur, da B\u00fcrgerpreis und B\u00fcrgerehrungen stattfanden. Ich war eigentlich nur da weil mein Vater noch mal was \u00fcbergeben bekam, und da sollte man dann doch dabei sein. Gleichzeitig wurde aber&#046;&#046;&#046;\" \/>\n<meta property=\"og:url\" content=\"https:\/\/www.tribur.de\/blog\/2011\/10\/31\/ehrung-in-trebur\/\" \/>\n<meta property=\"og:site_name\" content=\"Tribur.de\" \/>\n<meta property=\"article:publisher\" content=\"http:\/\/www.facebook.com\/pages\/Triburde\/184352328288771\" \/>\n<meta property=\"article:author\" content=\"http:\/\/www.facebook.com\/pages\/Triburde\/184352328288771\" \/>\n<meta property=\"article:published_time\" content=\"2011-10-31T10:01:28+00:00\" \/>\n<meta property=\"og:image\" content=\"http:\/\/www.tribur.de\/blog\/wp-content\/uploads\/2011\/10\/PreisTrebur.jpg\" \/>\n<meta name=\"author\" content=\"Markus Zwittmeier\" \/>\n<meta name=\"twitter:card\" content=\"summary_large_image\" \/>\n<meta name=\"twitter:creator\" content=\"@https:\/\/twitter.com\/tribur\" \/>\n<meta name=\"twitter:site\" content=\"@tribur\" \/>\n<meta name=\"twitter:label1\" content=\"Verfasst von\" \/>\n\t<meta name=\"twitter:data1\" content=\"Markus Zwittmeier\" \/>\n\t<meta name=\"twitter:label2\" content=\"Gesch\u00e4tzte Lesezeit\" \/>\n\t<meta name=\"twitter:data2\" content=\"1\u00a0Minute\" \/>\n<script type=\"application\/ld+json\" class=\"yoast-schema-graph\">{\"@context\":\"https:\\\/\\\/schema.org\",\"@graph\":[{\"@type\":\"Article\",\"@id\":\"https:\\\/\\\/www.tribur.de\\\/blog\\\/2011\\\/10\\\/31\\\/ehrung-in-trebur\\\/#article\",\"isPartOf\":{\"@id\":\"https:\\\/\\\/www.tribur.de\\\/blog\\\/2011\\\/10\\\/31\\\/ehrung-in-trebur\\\/\"},\"author\":{\"name\":\"Markus Zwittmeier\",\"@id\":\"https:\\\/\\\/www.tribur.de\\\/blog\\\/#\\\/schema\\\/person\\\/3119997f09f43791809c2d1af27bba6c\"},\"headline\":\"Ehrung in Trebur\",\"datePublished\":\"2011-10-31T10:01:28+00:00\",\"mainEntityOfPage\":{\"@id\":\"https:\\\/\\\/www.tribur.de\\\/blog\\\/2011\\\/10\\\/31\\\/ehrung-in-trebur\\\/\"},\"wordCount\":265,\"commentCount\":0,\"publisher\":{\"@id\":\"https:\\\/\\\/www.tribur.de\\\/blog\\\/#\\\/schema\\\/person\\\/3119997f09f43791809c2d1af27bba6c\"},\"image\":{\"@id\":\"https:\\\/\\\/www.tribur.de\\\/blog\\\/2011\\\/10\\\/31\\\/ehrung-in-trebur\\\/#primaryimage\"},\"thumbnailUrl\":\"http:\\\/\\\/www.tribur.de\\\/blog\\\/wp-content\\\/uploads\\\/2011\\\/10\\\/PreisTrebur.jpg\",\"keywords\":[\"Trebur\\\/Tribur\"],\"articleSection\":[\"Geschichte\"],\"inLanguage\":\"de\",\"potentialAction\":[{\"@type\":\"CommentAction\",\"name\":\"Comment\",\"target\":[\"https:\\\/\\\/www.tribur.de\\\/blog\\\/2011\\\/10\\\/31\\\/ehrung-in-trebur\\\/#respond\"]}]},{\"@type\":\"WebPage\",\"@id\":\"https:\\\/\\\/www.tribur.de\\\/blog\\\/2011\\\/10\\\/31\\\/ehrung-in-trebur\\\/\",\"url\":\"https:\\\/\\\/www.tribur.de\\\/blog\\\/2011\\\/10\\\/31\\\/ehrung-in-trebur\\\/\",\"name\":\"Ehrung in Trebur - Tribur.de\",\"isPartOf\":{\"@id\":\"https:\\\/\\\/www.tribur.de\\\/blog\\\/#website\"},\"primaryImageOfPage\":{\"@id\":\"https:\\\/\\\/www.tribur.de\\\/blog\\\/2011\\\/10\\\/31\\\/ehrung-in-trebur\\\/#primaryimage\"},\"image\":{\"@id\":\"https:\\\/\\\/www.tribur.de\\\/blog\\\/2011\\\/10\\\/31\\\/ehrung-in-trebur\\\/#primaryimage\"},\"thumbnailUrl\":\"http:\\\/\\\/www.tribur.de\\\/blog\\\/wp-content\\\/uploads\\\/2011\\\/10\\\/PreisTrebur.jpg\",\"datePublished\":\"2011-10-31T10:01:28+00:00\",\"breadcrumb\":{\"@id\":\"https:\\\/\\\/www.tribur.de\\\/blog\\\/2011\\\/10\\\/31\\\/ehrung-in-trebur\\\/#breadcrumb\"},\"inLanguage\":\"de\",\"potentialAction\":[{\"@type\":\"ReadAction\",\"target\":[\"https:\\\/\\\/www.tribur.de\\\/blog\\\/2011\\\/10\\\/31\\\/ehrung-in-trebur\\\/\"]}]},{\"@type\":\"ImageObject\",\"inLanguage\":\"de\",\"@id\":\"https:\\\/\\\/www.tribur.de\\\/blog\\\/2011\\\/10\\\/31\\\/ehrung-in-trebur\\\/#primaryimage\",\"url\":\"https:\\\/\\\/i0.wp.com\\\/www.tribur.de\\\/blog\\\/wp-content\\\/uploads\\\/2011\\\/10\\\/PreisTrebur.jpg?fit=300%2C400&ssl=1\",\"contentUrl\":\"https:\\\/\\\/i0.wp.com\\\/www.tribur.de\\\/blog\\\/wp-content\\\/uploads\\\/2011\\\/10\\\/PreisTrebur.jpg?fit=300%2C400&ssl=1\",\"width\":\"300\",\"height\":\"400\"},{\"@type\":\"BreadcrumbList\",\"@id\":\"https:\\\/\\\/www.tribur.de\\\/blog\\\/2011\\\/10\\\/31\\\/ehrung-in-trebur\\\/#breadcrumb\",\"itemListElement\":[{\"@type\":\"ListItem\",\"position\":1,\"name\":\"Home\",\"item\":\"https:\\\/\\\/www.tribur.de\\\/blog\\\/\"},{\"@type\":\"ListItem\",\"position\":2,\"name\":\"Ehrung in Trebur\"}]},{\"@type\":\"WebSite\",\"@id\":\"https:\\\/\\\/www.tribur.de\\\/blog\\\/#website\",\"url\":\"https:\\\/\\\/www.tribur.de\\\/blog\\\/\",\"name\":\"Tribur.de\",\"description\":\"Tribur.de - Geschichte und so Zeugs\",\"publisher\":{\"@id\":\"https:\\\/\\\/www.tribur.de\\\/blog\\\/#\\\/schema\\\/person\\\/3119997f09f43791809c2d1af27bba6c\"},\"potentialAction\":[{\"@type\":\"SearchAction\",\"target\":{\"@type\":\"EntryPoint\",\"urlTemplate\":\"https:\\\/\\\/www.tribur.de\\\/blog\\\/?s={search_term_string}\"},\"query-input\":{\"@type\":\"PropertyValueSpecification\",\"valueRequired\":true,\"valueName\":\"search_term_string\"}}],\"inLanguage\":\"de\"},{\"@type\":[\"Person\",\"Organization\"],\"@id\":\"https:\\\/\\\/www.tribur.de\\\/blog\\\/#\\\/schema\\\/person\\\/3119997f09f43791809c2d1af27bba6c\",\"name\":\"Markus Zwittmeier\",\"image\":{\"@type\":\"ImageObject\",\"inLanguage\":\"de\",\"@id\":\"https:\\\/\\\/i0.wp.com\\\/www.tribur.de\\\/blog\\\/wp-content\\\/uploads\\\/2018\\\/09\\\/cropped-logotest-4.jpg?fit=200%2C200&ssl=1\",\"url\":\"https:\\\/\\\/i0.wp.com\\\/www.tribur.de\\\/blog\\\/wp-content\\\/uploads\\\/2018\\\/09\\\/cropped-logotest-4.jpg?fit=200%2C200&ssl=1\",\"contentUrl\":\"https:\\\/\\\/i0.wp.com\\\/www.tribur.de\\\/blog\\\/wp-content\\\/uploads\\\/2018\\\/09\\\/cropped-logotest-4.jpg?fit=200%2C200&ssl=1\",\"width\":200,\"height\":200,\"caption\":\"Markus Zwittmeier\"},\"logo\":{\"@id\":\"https:\\\/\\\/i0.wp.com\\\/www.tribur.de\\\/blog\\\/wp-content\\\/uploads\\\/2018\\\/09\\\/cropped-logotest-4.jpg?fit=200%2C200&ssl=1\"},\"sameAs\":[\"http:\\\/\\\/www.Tribur.de\",\"http:\\\/\\\/www.facebook.com\\\/pages\\\/Triburde\\\/184352328288771\",\"https:\\\/\\\/www.instagram.com\\\/tribur.de\\\/\",\"https:\\\/\\\/x.com\\\/https:\\\/\\\/twitter.com\\\/tribur\",\"https:\\\/\\\/www.youtube.com\\\/channel\\\/UCnEonou-x6_P4XPjBk2htCA\"],\"url\":\"https:\\\/\\\/www.tribur.de\\\/blog\\\/author\\\/markus\\\/\"}]}<\/script>\n<!-- \/ Yoast SEO plugin. -->","yoast_head_json":{"title":"Ehrung in Trebur - Tribur.de","robots":{"index":"index","follow":"follow","max-snippet":"max-snippet:-1","max-image-preview":"max-image-preview:large","max-video-preview":"max-video-preview:-1"},"canonical":"https:\/\/www.tribur.de\/blog\/2011\/10\/31\/ehrung-in-trebur\/","og_locale":"de_DE","og_type":"article","og_title":"Ehrung in Trebur - Tribur.de","og_description":"Gestern war ich in Trebur, da B\u00fcrgerpreis und B\u00fcrgerehrungen stattfanden. Ich war eigentlich nur da weil mein Vater noch mal was \u00fcbergeben bekam, und da sollte man dann doch dabei sein. Gleichzeitig wurde aber&#46;&#46;&#46;","og_url":"https:\/\/www.tribur.de\/blog\/2011\/10\/31\/ehrung-in-trebur\/","og_site_name":"Tribur.de","article_publisher":"http:\/\/www.facebook.com\/pages\/Triburde\/184352328288771","article_author":"http:\/\/www.facebook.com\/pages\/Triburde\/184352328288771","article_published_time":"2011-10-31T10:01:28+00:00","og_image":[{"url":"http:\/\/www.tribur.de\/blog\/wp-content\/uploads\/2011\/10\/PreisTrebur.jpg","type":"","width":"","height":""}],"author":"Markus Zwittmeier","twitter_card":"summary_large_image","twitter_creator":"@https:\/\/twitter.com\/tribur","twitter_site":"@tribur","twitter_misc":{"Verfasst von":"Markus Zwittmeier","Gesch\u00e4tzte Lesezeit":"1\u00a0Minute"},"schema":{"@context":"https:\/\/schema.org","@graph":[{"@type":"Article","@id":"https:\/\/www.tribur.de\/blog\/2011\/10\/31\/ehrung-in-trebur\/#article","isPartOf":{"@id":"https:\/\/www.tribur.de\/blog\/2011\/10\/31\/ehrung-in-trebur\/"},"author":{"name":"Markus Zwittmeier","@id":"https:\/\/www.tribur.de\/blog\/#\/schema\/person\/3119997f09f43791809c2d1af27bba6c"},"headline":"Ehrung in Trebur","datePublished":"2011-10-31T10:01:28+00:00","mainEntityOfPage":{"@id":"https:\/\/www.tribur.de\/blog\/2011\/10\/31\/ehrung-in-trebur\/"},"wordCount":265,"commentCount":0,"publisher":{"@id":"https:\/\/www.tribur.de\/blog\/#\/schema\/person\/3119997f09f43791809c2d1af27bba6c"},"image":{"@id":"https:\/\/www.tribur.de\/blog\/2011\/10\/31\/ehrung-in-trebur\/#primaryimage"},"thumbnailUrl":"http:\/\/www.tribur.de\/blog\/wp-content\/uploads\/2011\/10\/PreisTrebur.jpg","keywords":["Trebur\/Tribur"],"articleSection":["Geschichte"],"inLanguage":"de","potentialAction":[{"@type":"CommentAction","name":"Comment","target":["https:\/\/www.tribur.de\/blog\/2011\/10\/31\/ehrung-in-trebur\/#respond"]}]},{"@type":"WebPage","@id":"https:\/\/www.tribur.de\/blog\/2011\/10\/31\/ehrung-in-trebur\/","url":"https:\/\/www.tribur.de\/blog\/2011\/10\/31\/ehrung-in-trebur\/","name":"Ehrung in Trebur - Tribur.de","isPartOf":{"@id":"https:\/\/www.tribur.de\/blog\/#website"},"primaryImageOfPage":{"@id":"https:\/\/www.tribur.de\/blog\/2011\/10\/31\/ehrung-in-trebur\/#primaryimage"},"image":{"@id":"https:\/\/www.tribur.de\/blog\/2011\/10\/31\/ehrung-in-trebur\/#primaryimage"},"thumbnailUrl":"http:\/\/www.tribur.de\/blog\/wp-content\/uploads\/2011\/10\/PreisTrebur.jpg","datePublished":"2011-10-31T10:01:28+00:00","breadcrumb":{"@id":"https:\/\/www.tribur.de\/blog\/2011\/10\/31\/ehrung-in-trebur\/#breadcrumb"},"inLanguage":"de","potentialAction":[{"@type":"ReadAction","target":["https:\/\/www.tribur.de\/blog\/2011\/10\/31\/ehrung-in-trebur\/"]}]},{"@type":"ImageObject","inLanguage":"de","@id":"https:\/\/www.tribur.de\/blog\/2011\/10\/31\/ehrung-in-trebur\/#primaryimage","url":"https:\/\/i0.wp.com\/www.tribur.de\/blog\/wp-content\/uploads\/2011\/10\/PreisTrebur.jpg?fit=300%2C400&ssl=1","contentUrl":"https:\/\/i0.wp.com\/www.tribur.de\/blog\/wp-content\/uploads\/2011\/10\/PreisTrebur.jpg?fit=300%2C400&ssl=1","width":"300","height":"400"},{"@type":"BreadcrumbList","@id":"https:\/\/www.tribur.de\/blog\/2011\/10\/31\/ehrung-in-trebur\/#breadcrumb","itemListElement":[{"@type":"ListItem","position":1,"name":"Home","item":"https:\/\/www.tribur.de\/blog\/"},{"@type":"ListItem","position":2,"name":"Ehrung in Trebur"}]},{"@type":"WebSite","@id":"https:\/\/www.tribur.de\/blog\/#website","url":"https:\/\/www.tribur.de\/blog\/","name":"Tribur.de","description":"Tribur.de - Geschichte und so Zeugs","publisher":{"@id":"https:\/\/www.tribur.de\/blog\/#\/schema\/person\/3119997f09f43791809c2d1af27bba6c"},"potentialAction":[{"@type":"SearchAction","target":{"@type":"EntryPoint","urlTemplate":"https:\/\/www.tribur.de\/blog\/?s={search_term_string}"},"query-input":{"@type":"PropertyValueSpecification","valueRequired":true,"valueName":"search_term_string"}}],"inLanguage":"de"},{"@type":["Person","Organization"],"@id":"https:\/\/www.tribur.de\/blog\/#\/schema\/person\/3119997f09f43791809c2d1af27bba6c","name":"Markus Zwittmeier","image":{"@type":"ImageObject","inLanguage":"de","@id":"https:\/\/i0.wp.com\/www.tribur.de\/blog\/wp-content\/uploads\/2018\/09\/cropped-logotest-4.jpg?fit=200%2C200&ssl=1","url":"https:\/\/i0.wp.com\/www.tribur.de\/blog\/wp-content\/uploads\/2018\/09\/cropped-logotest-4.jpg?fit=200%2C200&ssl=1","contentUrl":"https:\/\/i0.wp.com\/www.tribur.de\/blog\/wp-content\/uploads\/2018\/09\/cropped-logotest-4.jpg?fit=200%2C200&ssl=1","width":200,"height":200,"caption":"Markus Zwittmeier"},"logo":{"@id":"https:\/\/i0.wp.com\/www.tribur.de\/blog\/wp-content\/uploads\/2018\/09\/cropped-logotest-4.jpg?fit=200%2C200&ssl=1"},"sameAs":["http:\/\/www.Tribur.de","http:\/\/www.facebook.com\/pages\/Triburde\/184352328288771","https:\/\/www.instagram.com\/tribur.de\/","https:\/\/x.com\/https:\/\/twitter.com\/tribur","https:\/\/www.youtube.com\/channel\/UCnEonou-x6_P4XPjBk2htCA"],"url":"https:\/\/www.tribur.de\/blog\/author\/markus\/"}]}},"jetpack_publicize_connections":[],"jetpack_featured_media_url":"","jetpack_shortlink":"https:\/\/wp.me\/p1mHPu-4zb","jetpack_sharing_enabled":true,"_links":{"self":[{"href":"https:\/\/www.tribur.de\/blog\/wp-json\/wp\/v2\/posts\/17557","targetHints":{"allow":["GET"]}}],"collection":[{"href":"https:\/\/www.tribur.de\/blog\/wp-json\/wp\/v2\/posts"}],"about":[{"href":"https:\/\/www.tribur.de\/blog\/wp-json\/wp\/v2\/types\/post"}],"author":[{"embeddable":true,"href":"https:\/\/www.tribur.de\/blog\/wp-json\/wp\/v2\/users\/2"}],"replies":[{"embeddable":true,"href":"https:\/\/www.tribur.de\/blog\/wp-json\/wp\/v2\/comments?post=17557"}],"version-history":[{"count":4,"href":"https:\/\/www.tribur.de\/blog\/wp-json\/wp\/v2\/posts\/17557\/revisions"}],"predecessor-version":[{"id":17565,"href":"https:\/\/www.tribur.de\/blog\/wp-json\/wp\/v2\/posts\/17557\/revisions\/17565"}],"wp:attachment":[{"href":"https:\/\/www.tribur.de\/blog\/wp-json\/wp\/v2\/media?parent=17557"}],"wp:term":[{"taxonomy":"category","embeddable":true,"href":"https:\/\/www.tribur.de\/blog\/wp-json\/wp\/v2\/categories?post=17557"},{"taxonomy":"post_tag","embeddable":true,"href":"https:\/\/www.tribur.de\/blog\/wp-json\/wp\/v2\/tags?post=17557"}],"curies":[{"name":"wp","href":"https:\/\/api.w.org\/{rel}","templated":true}]}}