{"id":1610,"date":"2009-10-03T13:13:47","date_gmt":"2009-10-03T11:13:47","guid":{"rendered":"http:\/\/www.tribur.de\/blog\/?p=1610"},"modified":"2009-10-03T13:13:47","modified_gmt":"2009-10-03T11:13:47","slug":"die-wiedervereinigung-zum-3-oktober","status":"publish","type":"post","link":"https:\/\/www.tribur.de\/blog\/2009\/10\/03\/die-wiedervereinigung-zum-3-oktober\/","title":{"rendered":"Die Wiedervereinigung &#8211; zum 3. Oktober"},"content":{"rendered":"<p>Man wird ja so oft gefragt was hast du dann und dann gemacht.\u00a0 Ich m\u00f6chte mal erz\u00e4hlen was ich am 3. Oktober 1990 gemacht habe.<\/p>\n<p>Wir hatten beschlossen eine &#8222;Trauerfeier&#8220; zu Ehren der BRD wie wir sie kannten und der DDR zu veranstallten. Dazu versammelten wir uns am Abend\u00a0 2. Oktober, ein Dienstag,\u00a0 bei einem Freund in M\u00f6rfelden-Walldorf. Ich wei\u00df gar nicht mehr wie viele Leute sich an diesem Abend in dem Keller versammelten aber es waren einige.<br \/>\nWir waren alle der Meinung das die Wiedervereinigung zu schnell gekommen war, geradezu \u00fcberhastet und das sich der Dicke (Kohl) sich damit ein Denkmal setzen wollte. Aber wir wu\u00dften auch das es wohl nicht anders geklappt h\u00e4tte bei der Euphorie die in Deutschland herrschte und dem Bestreben vieler einer schnellen Wiedervereinigung.<\/p>\n<p>Wir waren damals eher links als lieberal, viele kamen aus Familien die aktiv gegen die Startbahn West (die mich jeden Abend um 22:32 aufs neue nervt) waren und zum Teil selbst noch bei den Demonstrationen dabei gewesen waren bis dort ein Polizist erschossen wurde.<\/p>\n<p>Ich bin heute noch der Meinung das dieser Patriotismus, der zu dieser Zeit zu sp\u00fcren war, wesentlich feinsinniger und gef\u00fchlvoller war als der Hauruckpatiotismus zur WM 2006.<br \/>\nW\u00e4hrend der Gastgeber schon um 21 Uhr im warsten Sinne des Wortes unter dem Tisch lag und dadurch die &#8222;Grande Reserve&#8220; ungenutzt ihre Dasein im Klavierkasten fristete, entstanden erst aus Spa\u00df einige tiefsinnige Gespr\u00e4che, die Weit \u00fcber das Niveau pupertierender 16j\u00e4hriger Gymnasiasten hinausging.<br \/>\nDer erste Gedanke war das unz\u00e4hlige Computerspiele in Ihrer bestehenden Form (z.B. Raid over Moscow) hinf\u00e4llig wurden, da sich die Szenarien vollkommen ver\u00e4ndert hatten.<br \/>\nDie Gedanken formierten sich dahingehehend, das wir der Meinung waren, das in naher Zukunft eine Weltwirtschaftskrise entstehen m\u00fcsste, da ein Gro\u00dfteil der Wirtschaft, vorallem die Milit\u00e4rindustrie einbu\u00dfen zu verzeichnen h\u00e4tte, da die USA kein konkretes Feindbild mehr hatten. Gleichzeitig stellten wir aber auch die Theorie auf, das sich die USA bereits neue Feinbilder aufbauen w\u00fcrde. Nat\u00fcrlich war Platz 1 der Nahe Osten, war doch im August Iraq, der fr\u00fcheren verb\u00fcndete der USA in Kuweit einmarschiert und die USA stand Gewehr bei Fu\u00df zum Gegenschlag, der ja auch im Januar des darauffolgenden Jahres begann. Schon damals kam die Idee auf das George Busch sen. auf keinen Fall diesen Krieg beenden w\u00fcrde, er w\u00fcrde sich ja sein neues Feindbild zerst\u00f6ren und damit wieder das Problem der sterbenden Milit\u00e4rindustrie schaffen.<br \/>\nH\u00e4tten wir nur geahnt wie recht wir lagen!<\/p>\n","protected":false},"excerpt":{"rendered":"<p>Man wird ja so oft gefragt was hast du dann und dann gemacht.\u00a0 Ich m\u00f6chte mal erz\u00e4hlen was ich am 3. Oktober 1990 gemacht habe. Wir hatten beschlossen eine &#8222;Trauerfeier&#8220; zu Ehren der BRD&#46;&#46;&#46;<\/p>\n","protected":false},"author":2,"featured_media":0,"comment_status":"open","ping_status":"open","sticky":false,"template":"","format":"standard","meta":{"jetpack_post_was_ever_published":false,"_jetpack_newsletter_access":"","_jetpack_dont_email_post_to_subs":false,"_jetpack_newsletter_tier_id":0,"_jetpack_memberships_contains_paywalled_content":false,"_jetpack_memberships_contains_paid_content":false,"footnotes":"","jetpack_publicize_message":"","jetpack_publicize_feature_enabled":true,"jetpack_social_post_already_shared":false,"jetpack_social_options":{"image_generator_settings":{"template":"highway","default_image_id":0,"font":"","enabled":false},"version":2}},"categories":[4],"tags":[],"class_list":["post-1610","post","type-post","status-publish","format-standard","hentry","category-sonstiges"],"yoast_head":"<!-- This site is optimized with the Yoast SEO plugin v27.5 - https:\/\/yoast.com\/product\/yoast-seo-wordpress\/ -->\n<title>Die Wiedervereinigung - zum 3. Oktober - Tribur.de<\/title>\n<meta name=\"robots\" content=\"index, follow, max-snippet:-1, max-image-preview:large, max-video-preview:-1\" \/>\n<link rel=\"canonical\" href=\"https:\/\/www.tribur.de\/blog\/2009\/10\/03\/die-wiedervereinigung-zum-3-oktober\/\" \/>\n<meta property=\"og:locale\" content=\"de_DE\" \/>\n<meta property=\"og:type\" content=\"article\" \/>\n<meta property=\"og:title\" content=\"Die Wiedervereinigung - zum 3. Oktober - Tribur.de\" \/>\n<meta property=\"og:description\" content=\"Man wird ja so oft gefragt was hast du dann und dann gemacht.\u00a0 Ich m\u00f6chte mal erz\u00e4hlen was ich am 3. Oktober 1990 gemacht habe. Wir hatten beschlossen eine &#8222;Trauerfeier&#8220; zu Ehren der BRD&#046;&#046;&#046;\" \/>\n<meta property=\"og:url\" content=\"https:\/\/www.tribur.de\/blog\/2009\/10\/03\/die-wiedervereinigung-zum-3-oktober\/\" \/>\n<meta property=\"og:site_name\" content=\"Tribur.de\" \/>\n<meta property=\"article:publisher\" content=\"http:\/\/www.facebook.com\/pages\/Triburde\/184352328288771\" \/>\n<meta property=\"article:author\" content=\"http:\/\/www.facebook.com\/pages\/Triburde\/184352328288771\" \/>\n<meta property=\"article:published_time\" content=\"2009-10-03T11:13:47+00:00\" \/>\n<meta property=\"og:image\" content=\"https:\/\/i0.wp.com\/www.tribur.de\/blog\/wp-content\/uploads\/2018\/09\/cropped-logotest-2.jpg?fit=200%2C200&ssl=1\" \/>\n\t<meta property=\"og:image:width\" content=\"200\" \/>\n\t<meta property=\"og:image:height\" content=\"200\" \/>\n\t<meta property=\"og:image:type\" content=\"image\/jpeg\" \/>\n<meta name=\"author\" content=\"Markus Zwittmeier\" \/>\n<meta name=\"twitter:card\" content=\"summary_large_image\" \/>\n<meta name=\"twitter:creator\" content=\"@https:\/\/twitter.com\/tribur\" \/>\n<meta name=\"twitter:site\" content=\"@tribur\" \/>\n<meta name=\"twitter:label1\" content=\"Verfasst von\" \/>\n\t<meta name=\"twitter:data1\" content=\"Markus Zwittmeier\" \/>\n\t<meta name=\"twitter:label2\" content=\"Gesch\u00e4tzte Lesezeit\" \/>\n\t<meta name=\"twitter:data2\" content=\"2\u00a0Minuten\" \/>\n<script type=\"application\/ld+json\" class=\"yoast-schema-graph\">{\"@context\":\"https:\\\/\\\/schema.org\",\"@graph\":[{\"@type\":\"Article\",\"@id\":\"https:\\\/\\\/www.tribur.de\\\/blog\\\/2009\\\/10\\\/03\\\/die-wiedervereinigung-zum-3-oktober\\\/#article\",\"isPartOf\":{\"@id\":\"https:\\\/\\\/www.tribur.de\\\/blog\\\/2009\\\/10\\\/03\\\/die-wiedervereinigung-zum-3-oktober\\\/\"},\"author\":{\"name\":\"Markus Zwittmeier\",\"@id\":\"https:\\\/\\\/www.tribur.de\\\/blog\\\/#\\\/schema\\\/person\\\/3119997f09f43791809c2d1af27bba6c\"},\"headline\":\"Die Wiedervereinigung &#8211; zum 3. Oktober\",\"datePublished\":\"2009-10-03T11:13:47+00:00\",\"mainEntityOfPage\":{\"@id\":\"https:\\\/\\\/www.tribur.de\\\/blog\\\/2009\\\/10\\\/03\\\/die-wiedervereinigung-zum-3-oktober\\\/\"},\"wordCount\":428,\"commentCount\":0,\"publisher\":{\"@id\":\"https:\\\/\\\/www.tribur.de\\\/blog\\\/#\\\/schema\\\/person\\\/3119997f09f43791809c2d1af27bba6c\"},\"articleSection\":[\"Sonstiges\"],\"inLanguage\":\"de\",\"potentialAction\":[{\"@type\":\"CommentAction\",\"name\":\"Comment\",\"target\":[\"https:\\\/\\\/www.tribur.de\\\/blog\\\/2009\\\/10\\\/03\\\/die-wiedervereinigung-zum-3-oktober\\\/#respond\"]}]},{\"@type\":\"WebPage\",\"@id\":\"https:\\\/\\\/www.tribur.de\\\/blog\\\/2009\\\/10\\\/03\\\/die-wiedervereinigung-zum-3-oktober\\\/\",\"url\":\"https:\\\/\\\/www.tribur.de\\\/blog\\\/2009\\\/10\\\/03\\\/die-wiedervereinigung-zum-3-oktober\\\/\",\"name\":\"Die Wiedervereinigung - zum 3. Oktober - Tribur.de\",\"isPartOf\":{\"@id\":\"https:\\\/\\\/www.tribur.de\\\/blog\\\/#website\"},\"datePublished\":\"2009-10-03T11:13:47+00:00\",\"breadcrumb\":{\"@id\":\"https:\\\/\\\/www.tribur.de\\\/blog\\\/2009\\\/10\\\/03\\\/die-wiedervereinigung-zum-3-oktober\\\/#breadcrumb\"},\"inLanguage\":\"de\",\"potentialAction\":[{\"@type\":\"ReadAction\",\"target\":[\"https:\\\/\\\/www.tribur.de\\\/blog\\\/2009\\\/10\\\/03\\\/die-wiedervereinigung-zum-3-oktober\\\/\"]}]},{\"@type\":\"BreadcrumbList\",\"@id\":\"https:\\\/\\\/www.tribur.de\\\/blog\\\/2009\\\/10\\\/03\\\/die-wiedervereinigung-zum-3-oktober\\\/#breadcrumb\",\"itemListElement\":[{\"@type\":\"ListItem\",\"position\":1,\"name\":\"Home\",\"item\":\"https:\\\/\\\/www.tribur.de\\\/blog\\\/\"},{\"@type\":\"ListItem\",\"position\":2,\"name\":\"Die Wiedervereinigung &#8211; zum 3. Oktober\"}]},{\"@type\":\"WebSite\",\"@id\":\"https:\\\/\\\/www.tribur.de\\\/blog\\\/#website\",\"url\":\"https:\\\/\\\/www.tribur.de\\\/blog\\\/\",\"name\":\"Tribur.de\",\"description\":\"Tribur.de - Geschichte und so Zeugs\",\"publisher\":{\"@id\":\"https:\\\/\\\/www.tribur.de\\\/blog\\\/#\\\/schema\\\/person\\\/3119997f09f43791809c2d1af27bba6c\"},\"potentialAction\":[{\"@type\":\"SearchAction\",\"target\":{\"@type\":\"EntryPoint\",\"urlTemplate\":\"https:\\\/\\\/www.tribur.de\\\/blog\\\/?s={search_term_string}\"},\"query-input\":{\"@type\":\"PropertyValueSpecification\",\"valueRequired\":true,\"valueName\":\"search_term_string\"}}],\"inLanguage\":\"de\"},{\"@type\":[\"Person\",\"Organization\"],\"@id\":\"https:\\\/\\\/www.tribur.de\\\/blog\\\/#\\\/schema\\\/person\\\/3119997f09f43791809c2d1af27bba6c\",\"name\":\"Markus Zwittmeier\",\"image\":{\"@type\":\"ImageObject\",\"inLanguage\":\"de\",\"@id\":\"https:\\\/\\\/i0.wp.com\\\/www.tribur.de\\\/blog\\\/wp-content\\\/uploads\\\/2018\\\/09\\\/cropped-logotest-4.jpg?fit=200%2C200&ssl=1\",\"url\":\"https:\\\/\\\/i0.wp.com\\\/www.tribur.de\\\/blog\\\/wp-content\\\/uploads\\\/2018\\\/09\\\/cropped-logotest-4.jpg?fit=200%2C200&ssl=1\",\"contentUrl\":\"https:\\\/\\\/i0.wp.com\\\/www.tribur.de\\\/blog\\\/wp-content\\\/uploads\\\/2018\\\/09\\\/cropped-logotest-4.jpg?fit=200%2C200&ssl=1\",\"width\":200,\"height\":200,\"caption\":\"Markus Zwittmeier\"},\"logo\":{\"@id\":\"https:\\\/\\\/i0.wp.com\\\/www.tribur.de\\\/blog\\\/wp-content\\\/uploads\\\/2018\\\/09\\\/cropped-logotest-4.jpg?fit=200%2C200&ssl=1\"},\"sameAs\":[\"http:\\\/\\\/www.Tribur.de\",\"http:\\\/\\\/www.facebook.com\\\/pages\\\/Triburde\\\/184352328288771\",\"https:\\\/\\\/www.instagram.com\\\/tribur.de\\\/\",\"https:\\\/\\\/x.com\\\/https:\\\/\\\/twitter.com\\\/tribur\",\"https:\\\/\\\/www.youtube.com\\\/channel\\\/UCnEonou-x6_P4XPjBk2htCA\"],\"url\":\"https:\\\/\\\/www.tribur.de\\\/blog\\\/author\\\/markus\\\/\"}]}<\/script>\n<!-- \/ Yoast SEO plugin. -->","yoast_head_json":{"title":"Die Wiedervereinigung - zum 3. Oktober - Tribur.de","robots":{"index":"index","follow":"follow","max-snippet":"max-snippet:-1","max-image-preview":"max-image-preview:large","max-video-preview":"max-video-preview:-1"},"canonical":"https:\/\/www.tribur.de\/blog\/2009\/10\/03\/die-wiedervereinigung-zum-3-oktober\/","og_locale":"de_DE","og_type":"article","og_title":"Die Wiedervereinigung - zum 3. Oktober - Tribur.de","og_description":"Man wird ja so oft gefragt was hast du dann und dann gemacht.\u00a0 Ich m\u00f6chte mal erz\u00e4hlen was ich am 3. Oktober 1990 gemacht habe. Wir hatten beschlossen eine &#8222;Trauerfeier&#8220; zu Ehren der BRD&#46;&#46;&#46;","og_url":"https:\/\/www.tribur.de\/blog\/2009\/10\/03\/die-wiedervereinigung-zum-3-oktober\/","og_site_name":"Tribur.de","article_publisher":"http:\/\/www.facebook.com\/pages\/Triburde\/184352328288771","article_author":"http:\/\/www.facebook.com\/pages\/Triburde\/184352328288771","article_published_time":"2009-10-03T11:13:47+00:00","og_image":[{"width":200,"height":200,"url":"https:\/\/i0.wp.com\/www.tribur.de\/blog\/wp-content\/uploads\/2018\/09\/cropped-logotest-2.jpg?fit=200%2C200&ssl=1","type":"image\/jpeg"}],"author":"Markus Zwittmeier","twitter_card":"summary_large_image","twitter_creator":"@https:\/\/twitter.com\/tribur","twitter_site":"@tribur","twitter_misc":{"Verfasst von":"Markus Zwittmeier","Gesch\u00e4tzte Lesezeit":"2\u00a0Minuten"},"schema":{"@context":"https:\/\/schema.org","@graph":[{"@type":"Article","@id":"https:\/\/www.tribur.de\/blog\/2009\/10\/03\/die-wiedervereinigung-zum-3-oktober\/#article","isPartOf":{"@id":"https:\/\/www.tribur.de\/blog\/2009\/10\/03\/die-wiedervereinigung-zum-3-oktober\/"},"author":{"name":"Markus Zwittmeier","@id":"https:\/\/www.tribur.de\/blog\/#\/schema\/person\/3119997f09f43791809c2d1af27bba6c"},"headline":"Die Wiedervereinigung &#8211; zum 3. Oktober","datePublished":"2009-10-03T11:13:47+00:00","mainEntityOfPage":{"@id":"https:\/\/www.tribur.de\/blog\/2009\/10\/03\/die-wiedervereinigung-zum-3-oktober\/"},"wordCount":428,"commentCount":0,"publisher":{"@id":"https:\/\/www.tribur.de\/blog\/#\/schema\/person\/3119997f09f43791809c2d1af27bba6c"},"articleSection":["Sonstiges"],"inLanguage":"de","potentialAction":[{"@type":"CommentAction","name":"Comment","target":["https:\/\/www.tribur.de\/blog\/2009\/10\/03\/die-wiedervereinigung-zum-3-oktober\/#respond"]}]},{"@type":"WebPage","@id":"https:\/\/www.tribur.de\/blog\/2009\/10\/03\/die-wiedervereinigung-zum-3-oktober\/","url":"https:\/\/www.tribur.de\/blog\/2009\/10\/03\/die-wiedervereinigung-zum-3-oktober\/","name":"Die Wiedervereinigung - zum 3. Oktober - Tribur.de","isPartOf":{"@id":"https:\/\/www.tribur.de\/blog\/#website"},"datePublished":"2009-10-03T11:13:47+00:00","breadcrumb":{"@id":"https:\/\/www.tribur.de\/blog\/2009\/10\/03\/die-wiedervereinigung-zum-3-oktober\/#breadcrumb"},"inLanguage":"de","potentialAction":[{"@type":"ReadAction","target":["https:\/\/www.tribur.de\/blog\/2009\/10\/03\/die-wiedervereinigung-zum-3-oktober\/"]}]},{"@type":"BreadcrumbList","@id":"https:\/\/www.tribur.de\/blog\/2009\/10\/03\/die-wiedervereinigung-zum-3-oktober\/#breadcrumb","itemListElement":[{"@type":"ListItem","position":1,"name":"Home","item":"https:\/\/www.tribur.de\/blog\/"},{"@type":"ListItem","position":2,"name":"Die Wiedervereinigung &#8211; zum 3. Oktober"}]},{"@type":"WebSite","@id":"https:\/\/www.tribur.de\/blog\/#website","url":"https:\/\/www.tribur.de\/blog\/","name":"Tribur.de","description":"Tribur.de - Geschichte und so Zeugs","publisher":{"@id":"https:\/\/www.tribur.de\/blog\/#\/schema\/person\/3119997f09f43791809c2d1af27bba6c"},"potentialAction":[{"@type":"SearchAction","target":{"@type":"EntryPoint","urlTemplate":"https:\/\/www.tribur.de\/blog\/?s={search_term_string}"},"query-input":{"@type":"PropertyValueSpecification","valueRequired":true,"valueName":"search_term_string"}}],"inLanguage":"de"},{"@type":["Person","Organization"],"@id":"https:\/\/www.tribur.de\/blog\/#\/schema\/person\/3119997f09f43791809c2d1af27bba6c","name":"Markus Zwittmeier","image":{"@type":"ImageObject","inLanguage":"de","@id":"https:\/\/i0.wp.com\/www.tribur.de\/blog\/wp-content\/uploads\/2018\/09\/cropped-logotest-4.jpg?fit=200%2C200&ssl=1","url":"https:\/\/i0.wp.com\/www.tribur.de\/blog\/wp-content\/uploads\/2018\/09\/cropped-logotest-4.jpg?fit=200%2C200&ssl=1","contentUrl":"https:\/\/i0.wp.com\/www.tribur.de\/blog\/wp-content\/uploads\/2018\/09\/cropped-logotest-4.jpg?fit=200%2C200&ssl=1","width":200,"height":200,"caption":"Markus Zwittmeier"},"logo":{"@id":"https:\/\/i0.wp.com\/www.tribur.de\/blog\/wp-content\/uploads\/2018\/09\/cropped-logotest-4.jpg?fit=200%2C200&ssl=1"},"sameAs":["http:\/\/www.Tribur.de","http:\/\/www.facebook.com\/pages\/Triburde\/184352328288771","https:\/\/www.instagram.com\/tribur.de\/","https:\/\/x.com\/https:\/\/twitter.com\/tribur","https:\/\/www.youtube.com\/channel\/UCnEonou-x6_P4XPjBk2htCA"],"url":"https:\/\/www.tribur.de\/blog\/author\/markus\/"}]}},"jetpack_publicize_connections":[],"jetpack_featured_media_url":"","jetpack_shortlink":"https:\/\/wp.me\/p1mHPu-pY","jetpack_sharing_enabled":true,"_links":{"self":[{"href":"https:\/\/www.tribur.de\/blog\/wp-json\/wp\/v2\/posts\/1610","targetHints":{"allow":["GET"]}}],"collection":[{"href":"https:\/\/www.tribur.de\/blog\/wp-json\/wp\/v2\/posts"}],"about":[{"href":"https:\/\/www.tribur.de\/blog\/wp-json\/wp\/v2\/types\/post"}],"author":[{"embeddable":true,"href":"https:\/\/www.tribur.de\/blog\/wp-json\/wp\/v2\/users\/2"}],"replies":[{"embeddable":true,"href":"https:\/\/www.tribur.de\/blog\/wp-json\/wp\/v2\/comments?post=1610"}],"version-history":[{"count":8,"href":"https:\/\/www.tribur.de\/blog\/wp-json\/wp\/v2\/posts\/1610\/revisions"}],"predecessor-version":[{"id":2414,"href":"https:\/\/www.tribur.de\/blog\/wp-json\/wp\/v2\/posts\/1610\/revisions\/2414"}],"wp:attachment":[{"href":"https:\/\/www.tribur.de\/blog\/wp-json\/wp\/v2\/media?parent=1610"}],"wp:term":[{"taxonomy":"category","embeddable":true,"href":"https:\/\/www.tribur.de\/blog\/wp-json\/wp\/v2\/categories?post=1610"},{"taxonomy":"post_tag","embeddable":true,"href":"https:\/\/www.tribur.de\/blog\/wp-json\/wp\/v2\/tags?post=1610"}],"curies":[{"name":"wp","href":"https:\/\/api.w.org\/{rel}","templated":true}]}}