{"id":1580,"date":"2009-08-13T22:10:22","date_gmt":"2009-08-13T20:10:22","guid":{"rendered":"http:\/\/www.tribur.de\/blog\/?p=1580"},"modified":"2009-08-14T14:09:52","modified_gmt":"2009-08-14T12:09:52","slug":"48-jahre-mauerbau","status":"publish","type":"post","link":"https:\/\/www.tribur.de\/blog\/2009\/08\/13\/48-jahre-mauerbau\/","title":{"rendered":"48 Jahre Mauerbau"},"content":{"rendered":"<p>Heute vor 48 Jahren wurde die Mauer gebaut, das ist f\u00fcr mich einmal Anlass \u00fcber meine erste Ber\u00fchrung mit der DDR, die ja inzwischen auch ein Teil der Geschichte ist,\u00a0 zu erz\u00e4hlen.<\/p>\n<p>1985 beschlossen meine Eltern das es an der Zeit w\u00e4re meine Patentante und die restlichen Verwndten in der DDR zu besuchen. Eigentlich wollte ich lieber Zelten fahren, als jemanden zu besuchen den ich kaum kannte, aber im Alter von 10 Jahren hat man nicht die M\u00f6glichkeit sich zu wehren und zu dem war es mal was neues in ein anderes Land zu fahren. Wobei die DDR in meinem Verst\u00e4ndnis kein anderes Land war, denn dort wurde ja auch Deutsch gesprochen.<br \/>\nVor der Fahrt machten mir einige Leute Angst, mit S\u00e4tzen wie: &#8222;Sag an der Grenze ja nicht das ihr in die Ostzone fahrt, die verhaften dich&#8220;. Also nahm ich mir fest vor, wenn ich von einem Grenzbeamten gefragt werden sollte wohin ich fahre  &#8222;ich fahre in die entgegengesetzte Richtung aus der ich komme&#8220;, zu sagen. Aber dazu kam es garnicht. an der Grenze hatte ich ganz andere Sorgen.<br \/>\nAls erstes fiehlen mir diese riesigen Grenzanlagen auf, die bewaffneten Beamten auf BRD-Seite, ich wartete eigentlich nur darauf eine Armee, bereit f\u00fcr den dritten Weltkrieg, zusehen. Vor dem hatte ich eigentlich wenig Angst, denn wo ich wohne liegt im S\u00fcden das AKW Biblis und im Norden der Flughafen Frankfurt. Beides wunderbare strategische Ziele f\u00fcr einen Nuklearschlag, mit der &#8222;beruhigenden&#8220; Aussicht sich noch vor dem Einsetzen der Strahlenkrankheit in ein friedliches H\u00e4ufchen Asche zu verwandeln.<\/p>\n<p>Unser orangefarbener Golf wurde nicht zerlegt (ein wenig bedauerte ich es, man hatte doch soviel geh\u00f6rt) stattdessen be\u00e4ugten die Grenzer Auto und Kofferaum. Ich blieb im Auto sitzen, den Blick auf einen Grenzer gerichtet der in einiger Entfernung stand. Er hatte die H\u00e4nde hinter dem R\u00fccken verschr\u00e4nkt.  Dann nahm er die H\u00e4nde nach vorne und schlug mit seiner Faust immer wieder in die flache Hand. Er trug einen Schlagring!<br \/>\nIn diesem Moment wurde mir klar: Es geht hier nicht um BRD und DDR, nicht um Ost und West, nicht um UdSSR und USA, es ging um Menschen, es ging um mich! An das Bild denke ich noch heute.<br \/>\nDort dr\u00fcben dann war alles ein bisschen anders f\u00fcr mich. Alles erschien grau und br\u00f6ckelte. Der Gegensatzt zu den bunten 80ern im Westen h\u00e4tte garnicht gr\u00f6\u00dfer sein k\u00f6nnen, f\u00fcr mich manifestierte er sich in am st\u00e4rksten in den Schuhen: Ich trug leuchtend gelbe Adidas Basketballschuhe die mit Satin bezogen waren (heute w\u00fcrde man sagen: Voll Retro),das war f\u00fcr mich der Westen. Der Osten sah dagegen sah aus als h\u00e4tte man graue W\u00e4nde mit schwarzer Farbe beschmiert um sie dann mit Einschu\u00dfl\u00f6chern zu verzieren. Andere Geb\u00e4ude sahen wiederum aus als w\u00fcrden sie gleich zusammenbrechen, bei einem Spaziergang an der Mulde in Zwickau sah ich  Schlo\u00df Osterstein und war verwundert wie man es zulassen konnte das dort auf den Mauern B\u00e4ume wuchsen. Als ich wieder zu hause war, war ich froh diese seltsame Welt hintermich gelassen zu haben und ich hatte etwas gelernt: Egal ob in der DDr oder BRD, renne niemals mit Satintretern durch Diestelhecken &#8211; Die sehen Schei\u00dfe danach aus!<\/p>\n<p><strong>Nachtrag:<\/strong> Wer ganz zuf\u00e4llig von der Twitterwall der Jungen Union hierher\u00a0 kommt, soll sich bitte merken, das ich keinerlei Verbindung mit denen habe und auch nicht anstrebe!<\/p>\n","protected":false},"excerpt":{"rendered":"<p>Heute vor 48 Jahren wurde die Mauer gebaut, das ist f\u00fcr mich einmal Anlass \u00fcber meine erste Ber\u00fchrung mit der DDR, die ja inzwischen auch ein Teil der Geschichte ist,\u00a0 zu erz\u00e4hlen. 1985 beschlossen&#46;&#46;&#46;<\/p>\n","protected":false},"author":2,"featured_media":0,"comment_status":"open","ping_status":"open","sticky":false,"template":"","format":"standard","meta":{"jetpack_post_was_ever_published":false,"_jetpack_newsletter_access":"","_jetpack_dont_email_post_to_subs":false,"_jetpack_newsletter_tier_id":0,"_jetpack_memberships_contains_paywalled_content":false,"_jetpack_memberships_contains_paid_content":false,"footnotes":"","jetpack_publicize_message":"","jetpack_publicize_feature_enabled":true,"jetpack_social_post_already_shared":false,"jetpack_social_options":{"image_generator_settings":{"template":"highway","default_image_id":0,"font":"","enabled":false},"version":2}},"categories":[1,4],"tags":[43,8],"class_list":["post-1580","post","type-post","status-publish","format-standard","hentry","category-geschichte","category-sonstiges","tag-kase","tag-neuzeit"],"yoast_head":"<!-- This site is optimized with the Yoast SEO plugin v27.4 - https:\/\/yoast.com\/product\/yoast-seo-wordpress\/ -->\n<title>48 Jahre Mauerbau - Tribur.de<\/title>\n<meta name=\"robots\" content=\"index, follow, max-snippet:-1, max-image-preview:large, max-video-preview:-1\" \/>\n<link rel=\"canonical\" href=\"https:\/\/www.tribur.de\/blog\/2009\/08\/13\/48-jahre-mauerbau\/\" \/>\n<meta property=\"og:locale\" content=\"de_DE\" \/>\n<meta property=\"og:type\" content=\"article\" \/>\n<meta property=\"og:title\" content=\"48 Jahre Mauerbau - Tribur.de\" \/>\n<meta property=\"og:description\" content=\"Heute vor 48 Jahren wurde die Mauer gebaut, das ist f\u00fcr mich einmal Anlass \u00fcber meine erste Ber\u00fchrung mit der DDR, die ja inzwischen auch ein Teil der Geschichte ist,\u00a0 zu erz\u00e4hlen. 1985 beschlossen&#046;&#046;&#046;\" \/>\n<meta property=\"og:url\" content=\"https:\/\/www.tribur.de\/blog\/2009\/08\/13\/48-jahre-mauerbau\/\" \/>\n<meta property=\"og:site_name\" content=\"Tribur.de\" \/>\n<meta property=\"article:publisher\" content=\"http:\/\/www.facebook.com\/pages\/Triburde\/184352328288771\" \/>\n<meta property=\"article:author\" content=\"http:\/\/www.facebook.com\/pages\/Triburde\/184352328288771\" \/>\n<meta property=\"article:published_time\" content=\"2009-08-13T20:10:22+00:00\" \/>\n<meta property=\"article:modified_time\" content=\"2009-08-14T12:09:52+00:00\" \/>\n<meta property=\"og:image\" content=\"https:\/\/i0.wp.com\/www.tribur.de\/blog\/wp-content\/uploads\/2018\/09\/cropped-logotest-2.jpg?fit=200%2C200&ssl=1\" \/>\n\t<meta property=\"og:image:width\" content=\"200\" \/>\n\t<meta property=\"og:image:height\" content=\"200\" \/>\n\t<meta property=\"og:image:type\" content=\"image\/jpeg\" \/>\n<meta name=\"author\" content=\"Markus Zwittmeier\" \/>\n<meta name=\"twitter:card\" content=\"summary_large_image\" \/>\n<meta name=\"twitter:creator\" content=\"@https:\/\/twitter.com\/tribur\" \/>\n<meta name=\"twitter:site\" content=\"@tribur\" \/>\n<meta name=\"twitter:label1\" content=\"Verfasst von\" \/>\n\t<meta name=\"twitter:data1\" content=\"Markus Zwittmeier\" \/>\n\t<meta name=\"twitter:label2\" content=\"Gesch\u00e4tzte Lesezeit\" \/>\n\t<meta name=\"twitter:data2\" content=\"3\u00a0Minuten\" \/>\n<script type=\"application\/ld+json\" class=\"yoast-schema-graph\">{\"@context\":\"https:\\\/\\\/schema.org\",\"@graph\":[{\"@type\":\"Article\",\"@id\":\"https:\\\/\\\/www.tribur.de\\\/blog\\\/2009\\\/08\\\/13\\\/48-jahre-mauerbau\\\/#article\",\"isPartOf\":{\"@id\":\"https:\\\/\\\/www.tribur.de\\\/blog\\\/2009\\\/08\\\/13\\\/48-jahre-mauerbau\\\/\"},\"author\":{\"name\":\"Markus Zwittmeier\",\"@id\":\"https:\\\/\\\/www.tribur.de\\\/blog\\\/#\\\/schema\\\/person\\\/3119997f09f43791809c2d1af27bba6c\"},\"headline\":\"48 Jahre Mauerbau\",\"datePublished\":\"2009-08-13T20:10:22+00:00\",\"dateModified\":\"2009-08-14T12:09:52+00:00\",\"mainEntityOfPage\":{\"@id\":\"https:\\\/\\\/www.tribur.de\\\/blog\\\/2009\\\/08\\\/13\\\/48-jahre-mauerbau\\\/\"},\"wordCount\":585,\"commentCount\":0,\"publisher\":{\"@id\":\"https:\\\/\\\/www.tribur.de\\\/blog\\\/#\\\/schema\\\/person\\\/3119997f09f43791809c2d1af27bba6c\"},\"keywords\":[\"K\u00e4se\",\"Neuzeit\"],\"articleSection\":[\"Geschichte\",\"Sonstiges\"],\"inLanguage\":\"de\",\"potentialAction\":[{\"@type\":\"CommentAction\",\"name\":\"Comment\",\"target\":[\"https:\\\/\\\/www.tribur.de\\\/blog\\\/2009\\\/08\\\/13\\\/48-jahre-mauerbau\\\/#respond\"]}]},{\"@type\":\"WebPage\",\"@id\":\"https:\\\/\\\/www.tribur.de\\\/blog\\\/2009\\\/08\\\/13\\\/48-jahre-mauerbau\\\/\",\"url\":\"https:\\\/\\\/www.tribur.de\\\/blog\\\/2009\\\/08\\\/13\\\/48-jahre-mauerbau\\\/\",\"name\":\"48 Jahre Mauerbau - Tribur.de\",\"isPartOf\":{\"@id\":\"https:\\\/\\\/www.tribur.de\\\/blog\\\/#website\"},\"datePublished\":\"2009-08-13T20:10:22+00:00\",\"dateModified\":\"2009-08-14T12:09:52+00:00\",\"breadcrumb\":{\"@id\":\"https:\\\/\\\/www.tribur.de\\\/blog\\\/2009\\\/08\\\/13\\\/48-jahre-mauerbau\\\/#breadcrumb\"},\"inLanguage\":\"de\",\"potentialAction\":[{\"@type\":\"ReadAction\",\"target\":[\"https:\\\/\\\/www.tribur.de\\\/blog\\\/2009\\\/08\\\/13\\\/48-jahre-mauerbau\\\/\"]}]},{\"@type\":\"BreadcrumbList\",\"@id\":\"https:\\\/\\\/www.tribur.de\\\/blog\\\/2009\\\/08\\\/13\\\/48-jahre-mauerbau\\\/#breadcrumb\",\"itemListElement\":[{\"@type\":\"ListItem\",\"position\":1,\"name\":\"Home\",\"item\":\"https:\\\/\\\/www.tribur.de\\\/blog\\\/\"},{\"@type\":\"ListItem\",\"position\":2,\"name\":\"48 Jahre Mauerbau\"}]},{\"@type\":\"WebSite\",\"@id\":\"https:\\\/\\\/www.tribur.de\\\/blog\\\/#website\",\"url\":\"https:\\\/\\\/www.tribur.de\\\/blog\\\/\",\"name\":\"Tribur.de\",\"description\":\"Tribur.de - Geschichte und so Zeugs\",\"publisher\":{\"@id\":\"https:\\\/\\\/www.tribur.de\\\/blog\\\/#\\\/schema\\\/person\\\/3119997f09f43791809c2d1af27bba6c\"},\"potentialAction\":[{\"@type\":\"SearchAction\",\"target\":{\"@type\":\"EntryPoint\",\"urlTemplate\":\"https:\\\/\\\/www.tribur.de\\\/blog\\\/?s={search_term_string}\"},\"query-input\":{\"@type\":\"PropertyValueSpecification\",\"valueRequired\":true,\"valueName\":\"search_term_string\"}}],\"inLanguage\":\"de\"},{\"@type\":[\"Person\",\"Organization\"],\"@id\":\"https:\\\/\\\/www.tribur.de\\\/blog\\\/#\\\/schema\\\/person\\\/3119997f09f43791809c2d1af27bba6c\",\"name\":\"Markus Zwittmeier\",\"image\":{\"@type\":\"ImageObject\",\"inLanguage\":\"de\",\"@id\":\"https:\\\/\\\/i0.wp.com\\\/www.tribur.de\\\/blog\\\/wp-content\\\/uploads\\\/2018\\\/09\\\/cropped-logotest-4.jpg?fit=200%2C200&ssl=1\",\"url\":\"https:\\\/\\\/i0.wp.com\\\/www.tribur.de\\\/blog\\\/wp-content\\\/uploads\\\/2018\\\/09\\\/cropped-logotest-4.jpg?fit=200%2C200&ssl=1\",\"contentUrl\":\"https:\\\/\\\/i0.wp.com\\\/www.tribur.de\\\/blog\\\/wp-content\\\/uploads\\\/2018\\\/09\\\/cropped-logotest-4.jpg?fit=200%2C200&ssl=1\",\"width\":200,\"height\":200,\"caption\":\"Markus Zwittmeier\"},\"logo\":{\"@id\":\"https:\\\/\\\/i0.wp.com\\\/www.tribur.de\\\/blog\\\/wp-content\\\/uploads\\\/2018\\\/09\\\/cropped-logotest-4.jpg?fit=200%2C200&ssl=1\"},\"sameAs\":[\"http:\\\/\\\/www.Tribur.de\",\"http:\\\/\\\/www.facebook.com\\\/pages\\\/Triburde\\\/184352328288771\",\"https:\\\/\\\/www.instagram.com\\\/tribur.de\\\/\",\"https:\\\/\\\/x.com\\\/https:\\\/\\\/twitter.com\\\/tribur\",\"https:\\\/\\\/www.youtube.com\\\/channel\\\/UCnEonou-x6_P4XPjBk2htCA\"],\"url\":\"https:\\\/\\\/www.tribur.de\\\/blog\\\/author\\\/markus\\\/\"}]}<\/script>\n<!-- \/ Yoast SEO plugin. -->","yoast_head_json":{"title":"48 Jahre Mauerbau - Tribur.de","robots":{"index":"index","follow":"follow","max-snippet":"max-snippet:-1","max-image-preview":"max-image-preview:large","max-video-preview":"max-video-preview:-1"},"canonical":"https:\/\/www.tribur.de\/blog\/2009\/08\/13\/48-jahre-mauerbau\/","og_locale":"de_DE","og_type":"article","og_title":"48 Jahre Mauerbau - Tribur.de","og_description":"Heute vor 48 Jahren wurde die Mauer gebaut, das ist f\u00fcr mich einmal Anlass \u00fcber meine erste Ber\u00fchrung mit der DDR, die ja inzwischen auch ein Teil der Geschichte ist,\u00a0 zu erz\u00e4hlen. 1985 beschlossen&#46;&#46;&#46;","og_url":"https:\/\/www.tribur.de\/blog\/2009\/08\/13\/48-jahre-mauerbau\/","og_site_name":"Tribur.de","article_publisher":"http:\/\/www.facebook.com\/pages\/Triburde\/184352328288771","article_author":"http:\/\/www.facebook.com\/pages\/Triburde\/184352328288771","article_published_time":"2009-08-13T20:10:22+00:00","article_modified_time":"2009-08-14T12:09:52+00:00","og_image":[{"width":200,"height":200,"url":"https:\/\/i0.wp.com\/www.tribur.de\/blog\/wp-content\/uploads\/2018\/09\/cropped-logotest-2.jpg?fit=200%2C200&ssl=1","type":"image\/jpeg"}],"author":"Markus Zwittmeier","twitter_card":"summary_large_image","twitter_creator":"@https:\/\/twitter.com\/tribur","twitter_site":"@tribur","twitter_misc":{"Verfasst von":"Markus Zwittmeier","Gesch\u00e4tzte Lesezeit":"3\u00a0Minuten"},"schema":{"@context":"https:\/\/schema.org","@graph":[{"@type":"Article","@id":"https:\/\/www.tribur.de\/blog\/2009\/08\/13\/48-jahre-mauerbau\/#article","isPartOf":{"@id":"https:\/\/www.tribur.de\/blog\/2009\/08\/13\/48-jahre-mauerbau\/"},"author":{"name":"Markus Zwittmeier","@id":"https:\/\/www.tribur.de\/blog\/#\/schema\/person\/3119997f09f43791809c2d1af27bba6c"},"headline":"48 Jahre Mauerbau","datePublished":"2009-08-13T20:10:22+00:00","dateModified":"2009-08-14T12:09:52+00:00","mainEntityOfPage":{"@id":"https:\/\/www.tribur.de\/blog\/2009\/08\/13\/48-jahre-mauerbau\/"},"wordCount":585,"commentCount":0,"publisher":{"@id":"https:\/\/www.tribur.de\/blog\/#\/schema\/person\/3119997f09f43791809c2d1af27bba6c"},"keywords":["K\u00e4se","Neuzeit"],"articleSection":["Geschichte","Sonstiges"],"inLanguage":"de","potentialAction":[{"@type":"CommentAction","name":"Comment","target":["https:\/\/www.tribur.de\/blog\/2009\/08\/13\/48-jahre-mauerbau\/#respond"]}]},{"@type":"WebPage","@id":"https:\/\/www.tribur.de\/blog\/2009\/08\/13\/48-jahre-mauerbau\/","url":"https:\/\/www.tribur.de\/blog\/2009\/08\/13\/48-jahre-mauerbau\/","name":"48 Jahre Mauerbau - Tribur.de","isPartOf":{"@id":"https:\/\/www.tribur.de\/blog\/#website"},"datePublished":"2009-08-13T20:10:22+00:00","dateModified":"2009-08-14T12:09:52+00:00","breadcrumb":{"@id":"https:\/\/www.tribur.de\/blog\/2009\/08\/13\/48-jahre-mauerbau\/#breadcrumb"},"inLanguage":"de","potentialAction":[{"@type":"ReadAction","target":["https:\/\/www.tribur.de\/blog\/2009\/08\/13\/48-jahre-mauerbau\/"]}]},{"@type":"BreadcrumbList","@id":"https:\/\/www.tribur.de\/blog\/2009\/08\/13\/48-jahre-mauerbau\/#breadcrumb","itemListElement":[{"@type":"ListItem","position":1,"name":"Home","item":"https:\/\/www.tribur.de\/blog\/"},{"@type":"ListItem","position":2,"name":"48 Jahre Mauerbau"}]},{"@type":"WebSite","@id":"https:\/\/www.tribur.de\/blog\/#website","url":"https:\/\/www.tribur.de\/blog\/","name":"Tribur.de","description":"Tribur.de - Geschichte und so Zeugs","publisher":{"@id":"https:\/\/www.tribur.de\/blog\/#\/schema\/person\/3119997f09f43791809c2d1af27bba6c"},"potentialAction":[{"@type":"SearchAction","target":{"@type":"EntryPoint","urlTemplate":"https:\/\/www.tribur.de\/blog\/?s={search_term_string}"},"query-input":{"@type":"PropertyValueSpecification","valueRequired":true,"valueName":"search_term_string"}}],"inLanguage":"de"},{"@type":["Person","Organization"],"@id":"https:\/\/www.tribur.de\/blog\/#\/schema\/person\/3119997f09f43791809c2d1af27bba6c","name":"Markus Zwittmeier","image":{"@type":"ImageObject","inLanguage":"de","@id":"https:\/\/i0.wp.com\/www.tribur.de\/blog\/wp-content\/uploads\/2018\/09\/cropped-logotest-4.jpg?fit=200%2C200&ssl=1","url":"https:\/\/i0.wp.com\/www.tribur.de\/blog\/wp-content\/uploads\/2018\/09\/cropped-logotest-4.jpg?fit=200%2C200&ssl=1","contentUrl":"https:\/\/i0.wp.com\/www.tribur.de\/blog\/wp-content\/uploads\/2018\/09\/cropped-logotest-4.jpg?fit=200%2C200&ssl=1","width":200,"height":200,"caption":"Markus Zwittmeier"},"logo":{"@id":"https:\/\/i0.wp.com\/www.tribur.de\/blog\/wp-content\/uploads\/2018\/09\/cropped-logotest-4.jpg?fit=200%2C200&ssl=1"},"sameAs":["http:\/\/www.Tribur.de","http:\/\/www.facebook.com\/pages\/Triburde\/184352328288771","https:\/\/www.instagram.com\/tribur.de\/","https:\/\/x.com\/https:\/\/twitter.com\/tribur","https:\/\/www.youtube.com\/channel\/UCnEonou-x6_P4XPjBk2htCA"],"url":"https:\/\/www.tribur.de\/blog\/author\/markus\/"}]}},"jetpack_publicize_connections":[],"jetpack_featured_media_url":"","jetpack_shortlink":"https:\/\/wp.me\/p1mHPu-pu","jetpack_sharing_enabled":true,"_links":{"self":[{"href":"https:\/\/www.tribur.de\/blog\/wp-json\/wp\/v2\/posts\/1580","targetHints":{"allow":["GET"]}}],"collection":[{"href":"https:\/\/www.tribur.de\/blog\/wp-json\/wp\/v2\/posts"}],"about":[{"href":"https:\/\/www.tribur.de\/blog\/wp-json\/wp\/v2\/types\/post"}],"author":[{"embeddable":true,"href":"https:\/\/www.tribur.de\/blog\/wp-json\/wp\/v2\/users\/2"}],"replies":[{"embeddable":true,"href":"https:\/\/www.tribur.de\/blog\/wp-json\/wp\/v2\/comments?post=1580"}],"version-history":[{"count":7,"href":"https:\/\/www.tribur.de\/blog\/wp-json\/wp\/v2\/posts\/1580\/revisions"}],"predecessor-version":[{"id":1599,"href":"https:\/\/www.tribur.de\/blog\/wp-json\/wp\/v2\/posts\/1580\/revisions\/1599"}],"wp:attachment":[{"href":"https:\/\/www.tribur.de\/blog\/wp-json\/wp\/v2\/media?parent=1580"}],"wp:term":[{"taxonomy":"category","embeddable":true,"href":"https:\/\/www.tribur.de\/blog\/wp-json\/wp\/v2\/categories?post=1580"},{"taxonomy":"post_tag","embeddable":true,"href":"https:\/\/www.tribur.de\/blog\/wp-json\/wp\/v2\/tags?post=1580"}],"curies":[{"name":"wp","href":"https:\/\/api.w.org\/{rel}","templated":true}]}}