{"id":158,"date":"2009-01-26T18:35:25","date_gmt":"2009-01-26T17:35:25","guid":{"rendered":"http:\/\/www.tribur.de\/blog\/?p=158"},"modified":"2009-01-27T08:39:28","modified_gmt":"2009-01-27T07:39:28","slug":"streit-um-egditha-sarg","status":"publish","type":"post","link":"https:\/\/www.tribur.de\/blog\/2009\/01\/26\/streit-um-egditha-sarg\/","title":{"rendered":"Streit um Egditha Sarg"},"content":{"rendered":"<p>Die Magdeburger fangen an, sich um den im Magdeburger Dom entdeckten Egditha Sarg, der am Mittwoch in Halle in einer PK pr\u00e4sentiert werden soll zu streiten. Mehr dazu auf Folgenden Links:<\/p>\n<p><strong><a href=\"http:\/\/www.ad-hoc-news.de\/zusammenfassung-neu-details-streit-um-sarg-von-koenigin--\/de\/Politik\/20004880\" target=\"_blank\">http:\/\/www.ad-hoc-news.de\/zusammenfassung-neu-details-streit-um-sarg-von-koenigin&#8211;\/de\/Politik\/20004880<\/a><\/strong><\/p>\n<p><strong><a href=\"http:\/\/www.dernewsticker.de\/news.php?id=80462\" target=\"_blank\">http:\/\/www.dernewsticker.de\/news.php?id=80462<\/a><\/strong><\/p>\n<p><strong><a href=\"http:\/\/www.halleforum.de\/Halle-Nachrichten\/Geschichtlicher-Fund-EdithaSarg-wird-zum-Politikum\/18922\" target=\"_blank\">http:\/\/www.halleforum.de\/Halle-Nachrichten\/Geschichtlicher-Fund-EdithaSarg-wird-zum-Politikum\/18922<\/a><\/strong><\/p>\n<p><strong><a href=\"http:\/\/www.volksstimme.de\/vsm\/nachrichten\/sachsen_anhalt\/?sid=hoopaenvlvmn092512gfju7r51&amp;em_cnt=1310004\" target=\"_blank\">http:\/\/www.volksstimme.de\/vsm\/nachrichten\/sachsen_anhalt\/?sid=hoopaenvlvmn092512gfju7r51&amp;em_cnt=1310004<\/a><\/strong><\/p>\n<p><em><strong>Und dazu ein Kommentar von mir:<\/strong><\/em><\/p>\n<p><em>Das war klar, kaum werden irgendwelche &#8222;kaiserlichen Dinge&#8220; gefunden,\u00a0 fangen die Politiker an laut aufzuschreien, und versuchen sich mit ihrem Gemecker im Licht der morschen Knochen zu sonnen.\u00a0 Tja, das kennt man. Das haben schon viele vor euch gemacht! Das geht durch die Bank weg. Laut wird gejault, wie die Hallenser , die ja nun kein unbedeutendes Institut ihr Eigen nennen, es wagen k\u00f6nnen die Knochen nach Halle zu schleppen.<\/em><\/p>\n<p><em>Hallo? Ein &#8222;einfaches Museum&#8220;, oder die Dombauh\u00fctte oder vielleicht eure Garage sind keine sonderlich geeigneten Orte um fast 1100 Jahre alte Knochen zu untersuchen und zu konservieren! Vorallem\u00a0 wenn sie Umbettungen und den gro\u00dfen Brand im 30-j\u00e4hrigen Krieg mitgemacht haben. Aber das k\u00f6nntet Ihr ja f\u00fcr die Zukunft \u00e4ndern in dem Ihr da mehr Geld in euren Etat f\u00fcr die Stadtarch\u00e4ologie oder das Landesmuseum steckt! Ach!? Das wollt ihr nicht? Zu teuer?\u00a0 Na dann eben doch Halle!<\/em><\/p>\n<p><em>Aber die Pr\u00e4sentation h\u00e4tte man ja im Dom machen k\u00f6nnen? Ja k\u00f6nnt Ihr doch! Hier gehts um eine lumpige Pressekonferenz und ich bezweifele das Ihr da viel zu sehen bekommt! Die Konservierung, Untersuchung usw. wird weit l\u00e4nger Dauern als 2 Wochen! Hier geht es darum eine Vorauskunft zu geben was in dem Sarg \u00fcberhaupt drin ist und es w\u00e4re schwachsinnig den Sarg sammt Inhalt wird zu euch zu karren um ihn dann wieder nach Halle zu bringen um ihn weiter zu untersuchen. <\/em><\/p>\n<p><em>Wartet doch einfach die Ergebnisse ab, dann bekommt Ihr Egditha (ich wette Ihr habt den Namen vorher noch nie geh\u00f6rt) und dann k\u00f6nnt Ihr sie wieder feierlich bestatten! Fragt mal in Speyer nach, da haben die das sogar schon mit Kaisers gemacht!<\/em><\/p>\n<p><em>Und dann nicht vergessen, die Frau war katholisch und der Dom ist evangelisch! Also obacht! Nicht das es da schon wieder gemecker gibt. <\/em><\/p>\n<p><em>Euer Markus<br \/>\n<\/em><\/p>\n","protected":false},"excerpt":{"rendered":"<p>Die Magdeburger fangen an, sich um den im Magdeburger Dom entdeckten Egditha Sarg, der am Mittwoch in Halle in einer PK pr\u00e4sentiert werden soll zu streiten. Mehr dazu auf Folgenden Links: http:\/\/www.ad-hoc-news.de\/zusammenfassung-neu-details-streit-um-sarg-von-koenigin&#8211;\/de\/Politik\/20004880 http:\/\/www.dernewsticker.de\/news.php?id=80462 http:\/\/www.halleforum.de\/Halle-Nachrichten\/Geschichtlicher-Fund-EdithaSarg-wird-zum-Politikum\/18922&#46;&#46;&#46;<\/p>\n","protected":false},"author":2,"featured_media":0,"comment_status":"open","ping_status":"open","sticky":false,"template":"","format":"standard","meta":{"jetpack_post_was_ever_published":false,"_jetpack_newsletter_access":"","_jetpack_dont_email_post_to_subs":false,"_jetpack_newsletter_tier_id":0,"_jetpack_memberships_contains_paywalled_content":false,"_jetpack_memberships_contains_paid_content":false,"footnotes":"","jetpack_publicize_message":"","jetpack_publicize_feature_enabled":true,"jetpack_social_post_already_shared":false,"jetpack_social_options":{"image_generator_settings":{"template":"highway","default_image_id":0,"font":"","enabled":false},"version":2}},"categories":[1],"tags":[11,12],"class_list":["post-158","post","type-post","status-publish","format-standard","hentry","category-geschichte","tag-fruhmittelalter","tag-hochmittelalter"],"yoast_head":"<!-- This site is optimized with the Yoast SEO plugin v27.5 - https:\/\/yoast.com\/product\/yoast-seo-wordpress\/ -->\n<title>Streit um Egditha Sarg - Tribur.de<\/title>\n<meta name=\"robots\" content=\"index, follow, max-snippet:-1, max-image-preview:large, max-video-preview:-1\" \/>\n<link rel=\"canonical\" href=\"https:\/\/www.tribur.de\/blog\/2009\/01\/26\/streit-um-egditha-sarg\/\" \/>\n<meta property=\"og:locale\" content=\"de_DE\" \/>\n<meta property=\"og:type\" content=\"article\" \/>\n<meta property=\"og:title\" content=\"Streit um Egditha Sarg - Tribur.de\" \/>\n<meta property=\"og:description\" content=\"Die Magdeburger fangen an, sich um den im Magdeburger Dom entdeckten Egditha Sarg, der am Mittwoch in Halle in einer PK pr\u00e4sentiert werden soll zu streiten. Mehr dazu auf Folgenden Links: http:\/\/www.ad-hoc-news.de\/zusammenfassung-neu-details-streit-um-sarg-von-koenigin&#8211;\/de\/Politik\/20004880 http:\/\/www.dernewsticker.de\/news.php?id=80462 http:\/\/www.halleforum.de\/Halle-Nachrichten\/Geschichtlicher-Fund-EdithaSarg-wird-zum-Politikum\/18922&#046;&#046;&#046;\" \/>\n<meta property=\"og:url\" content=\"https:\/\/www.tribur.de\/blog\/2009\/01\/26\/streit-um-egditha-sarg\/\" \/>\n<meta property=\"og:site_name\" content=\"Tribur.de\" \/>\n<meta property=\"article:publisher\" content=\"http:\/\/www.facebook.com\/pages\/Triburde\/184352328288771\" \/>\n<meta property=\"article:author\" content=\"http:\/\/www.facebook.com\/pages\/Triburde\/184352328288771\" \/>\n<meta property=\"article:published_time\" content=\"2009-01-26T17:35:25+00:00\" \/>\n<meta property=\"article:modified_time\" content=\"2009-01-27T07:39:28+00:00\" \/>\n<meta property=\"og:image\" content=\"https:\/\/i0.wp.com\/www.tribur.de\/blog\/wp-content\/uploads\/2018\/09\/cropped-logotest-2.jpg?fit=200%2C200&ssl=1\" \/>\n\t<meta property=\"og:image:width\" content=\"200\" \/>\n\t<meta property=\"og:image:height\" content=\"200\" \/>\n\t<meta property=\"og:image:type\" content=\"image\/jpeg\" \/>\n<meta name=\"author\" content=\"Markus Zwittmeier\" \/>\n<meta name=\"twitter:card\" content=\"summary_large_image\" \/>\n<meta name=\"twitter:creator\" content=\"@https:\/\/twitter.com\/tribur\" \/>\n<meta name=\"twitter:site\" content=\"@tribur\" \/>\n<meta name=\"twitter:label1\" content=\"Verfasst von\" \/>\n\t<meta name=\"twitter:data1\" content=\"Markus Zwittmeier\" \/>\n\t<meta name=\"twitter:label2\" content=\"Gesch\u00e4tzte Lesezeit\" \/>\n\t<meta name=\"twitter:data2\" content=\"2\u00a0Minuten\" \/>\n<script type=\"application\/ld+json\" class=\"yoast-schema-graph\">{\"@context\":\"https:\\\/\\\/schema.org\",\"@graph\":[{\"@type\":\"Article\",\"@id\":\"https:\\\/\\\/www.tribur.de\\\/blog\\\/2009\\\/01\\\/26\\\/streit-um-egditha-sarg\\\/#article\",\"isPartOf\":{\"@id\":\"https:\\\/\\\/www.tribur.de\\\/blog\\\/2009\\\/01\\\/26\\\/streit-um-egditha-sarg\\\/\"},\"author\":{\"name\":\"Markus Zwittmeier\",\"@id\":\"https:\\\/\\\/www.tribur.de\\\/blog\\\/#\\\/schema\\\/person\\\/3119997f09f43791809c2d1af27bba6c\"},\"headline\":\"Streit um Egditha Sarg\",\"datePublished\":\"2009-01-26T17:35:25+00:00\",\"dateModified\":\"2009-01-27T07:39:28+00:00\",\"mainEntityOfPage\":{\"@id\":\"https:\\\/\\\/www.tribur.de\\\/blog\\\/2009\\\/01\\\/26\\\/streit-um-egditha-sarg\\\/\"},\"wordCount\":386,\"commentCount\":0,\"publisher\":{\"@id\":\"https:\\\/\\\/www.tribur.de\\\/blog\\\/#\\\/schema\\\/person\\\/3119997f09f43791809c2d1af27bba6c\"},\"keywords\":[\"Fr\u00fchmittelalter\",\"Hochmittelalter\"],\"articleSection\":[\"Geschichte\"],\"inLanguage\":\"de\",\"potentialAction\":[{\"@type\":\"CommentAction\",\"name\":\"Comment\",\"target\":[\"https:\\\/\\\/www.tribur.de\\\/blog\\\/2009\\\/01\\\/26\\\/streit-um-egditha-sarg\\\/#respond\"]}]},{\"@type\":\"WebPage\",\"@id\":\"https:\\\/\\\/www.tribur.de\\\/blog\\\/2009\\\/01\\\/26\\\/streit-um-egditha-sarg\\\/\",\"url\":\"https:\\\/\\\/www.tribur.de\\\/blog\\\/2009\\\/01\\\/26\\\/streit-um-egditha-sarg\\\/\",\"name\":\"Streit um Egditha Sarg - Tribur.de\",\"isPartOf\":{\"@id\":\"https:\\\/\\\/www.tribur.de\\\/blog\\\/#website\"},\"datePublished\":\"2009-01-26T17:35:25+00:00\",\"dateModified\":\"2009-01-27T07:39:28+00:00\",\"breadcrumb\":{\"@id\":\"https:\\\/\\\/www.tribur.de\\\/blog\\\/2009\\\/01\\\/26\\\/streit-um-egditha-sarg\\\/#breadcrumb\"},\"inLanguage\":\"de\",\"potentialAction\":[{\"@type\":\"ReadAction\",\"target\":[\"https:\\\/\\\/www.tribur.de\\\/blog\\\/2009\\\/01\\\/26\\\/streit-um-egditha-sarg\\\/\"]}]},{\"@type\":\"BreadcrumbList\",\"@id\":\"https:\\\/\\\/www.tribur.de\\\/blog\\\/2009\\\/01\\\/26\\\/streit-um-egditha-sarg\\\/#breadcrumb\",\"itemListElement\":[{\"@type\":\"ListItem\",\"position\":1,\"name\":\"Home\",\"item\":\"https:\\\/\\\/www.tribur.de\\\/blog\\\/\"},{\"@type\":\"ListItem\",\"position\":2,\"name\":\"Streit um Egditha Sarg\"}]},{\"@type\":\"WebSite\",\"@id\":\"https:\\\/\\\/www.tribur.de\\\/blog\\\/#website\",\"url\":\"https:\\\/\\\/www.tribur.de\\\/blog\\\/\",\"name\":\"Tribur.de\",\"description\":\"Tribur.de - Geschichte und so Zeugs\",\"publisher\":{\"@id\":\"https:\\\/\\\/www.tribur.de\\\/blog\\\/#\\\/schema\\\/person\\\/3119997f09f43791809c2d1af27bba6c\"},\"potentialAction\":[{\"@type\":\"SearchAction\",\"target\":{\"@type\":\"EntryPoint\",\"urlTemplate\":\"https:\\\/\\\/www.tribur.de\\\/blog\\\/?s={search_term_string}\"},\"query-input\":{\"@type\":\"PropertyValueSpecification\",\"valueRequired\":true,\"valueName\":\"search_term_string\"}}],\"inLanguage\":\"de\"},{\"@type\":[\"Person\",\"Organization\"],\"@id\":\"https:\\\/\\\/www.tribur.de\\\/blog\\\/#\\\/schema\\\/person\\\/3119997f09f43791809c2d1af27bba6c\",\"name\":\"Markus Zwittmeier\",\"image\":{\"@type\":\"ImageObject\",\"inLanguage\":\"de\",\"@id\":\"https:\\\/\\\/i0.wp.com\\\/www.tribur.de\\\/blog\\\/wp-content\\\/uploads\\\/2018\\\/09\\\/cropped-logotest-4.jpg?fit=200%2C200&ssl=1\",\"url\":\"https:\\\/\\\/i0.wp.com\\\/www.tribur.de\\\/blog\\\/wp-content\\\/uploads\\\/2018\\\/09\\\/cropped-logotest-4.jpg?fit=200%2C200&ssl=1\",\"contentUrl\":\"https:\\\/\\\/i0.wp.com\\\/www.tribur.de\\\/blog\\\/wp-content\\\/uploads\\\/2018\\\/09\\\/cropped-logotest-4.jpg?fit=200%2C200&ssl=1\",\"width\":200,\"height\":200,\"caption\":\"Markus Zwittmeier\"},\"logo\":{\"@id\":\"https:\\\/\\\/i0.wp.com\\\/www.tribur.de\\\/blog\\\/wp-content\\\/uploads\\\/2018\\\/09\\\/cropped-logotest-4.jpg?fit=200%2C200&ssl=1\"},\"sameAs\":[\"http:\\\/\\\/www.Tribur.de\",\"http:\\\/\\\/www.facebook.com\\\/pages\\\/Triburde\\\/184352328288771\",\"https:\\\/\\\/www.instagram.com\\\/tribur.de\\\/\",\"https:\\\/\\\/x.com\\\/https:\\\/\\\/twitter.com\\\/tribur\",\"https:\\\/\\\/www.youtube.com\\\/channel\\\/UCnEonou-x6_P4XPjBk2htCA\"],\"url\":\"https:\\\/\\\/www.tribur.de\\\/blog\\\/author\\\/markus\\\/\"}]}<\/script>\n<!-- \/ Yoast SEO plugin. -->","yoast_head_json":{"title":"Streit um Egditha Sarg - Tribur.de","robots":{"index":"index","follow":"follow","max-snippet":"max-snippet:-1","max-image-preview":"max-image-preview:large","max-video-preview":"max-video-preview:-1"},"canonical":"https:\/\/www.tribur.de\/blog\/2009\/01\/26\/streit-um-egditha-sarg\/","og_locale":"de_DE","og_type":"article","og_title":"Streit um Egditha Sarg - Tribur.de","og_description":"Die Magdeburger fangen an, sich um den im Magdeburger Dom entdeckten Egditha Sarg, der am Mittwoch in Halle in einer PK pr\u00e4sentiert werden soll zu streiten. Mehr dazu auf Folgenden Links: http:\/\/www.ad-hoc-news.de\/zusammenfassung-neu-details-streit-um-sarg-von-koenigin&#8211;\/de\/Politik\/20004880 http:\/\/www.dernewsticker.de\/news.php?id=80462 http:\/\/www.halleforum.de\/Halle-Nachrichten\/Geschichtlicher-Fund-EdithaSarg-wird-zum-Politikum\/18922&#46;&#46;&#46;","og_url":"https:\/\/www.tribur.de\/blog\/2009\/01\/26\/streit-um-egditha-sarg\/","og_site_name":"Tribur.de","article_publisher":"http:\/\/www.facebook.com\/pages\/Triburde\/184352328288771","article_author":"http:\/\/www.facebook.com\/pages\/Triburde\/184352328288771","article_published_time":"2009-01-26T17:35:25+00:00","article_modified_time":"2009-01-27T07:39:28+00:00","og_image":[{"width":200,"height":200,"url":"https:\/\/i0.wp.com\/www.tribur.de\/blog\/wp-content\/uploads\/2018\/09\/cropped-logotest-2.jpg?fit=200%2C200&ssl=1","type":"image\/jpeg"}],"author":"Markus Zwittmeier","twitter_card":"summary_large_image","twitter_creator":"@https:\/\/twitter.com\/tribur","twitter_site":"@tribur","twitter_misc":{"Verfasst von":"Markus Zwittmeier","Gesch\u00e4tzte Lesezeit":"2\u00a0Minuten"},"schema":{"@context":"https:\/\/schema.org","@graph":[{"@type":"Article","@id":"https:\/\/www.tribur.de\/blog\/2009\/01\/26\/streit-um-egditha-sarg\/#article","isPartOf":{"@id":"https:\/\/www.tribur.de\/blog\/2009\/01\/26\/streit-um-egditha-sarg\/"},"author":{"name":"Markus Zwittmeier","@id":"https:\/\/www.tribur.de\/blog\/#\/schema\/person\/3119997f09f43791809c2d1af27bba6c"},"headline":"Streit um Egditha Sarg","datePublished":"2009-01-26T17:35:25+00:00","dateModified":"2009-01-27T07:39:28+00:00","mainEntityOfPage":{"@id":"https:\/\/www.tribur.de\/blog\/2009\/01\/26\/streit-um-egditha-sarg\/"},"wordCount":386,"commentCount":0,"publisher":{"@id":"https:\/\/www.tribur.de\/blog\/#\/schema\/person\/3119997f09f43791809c2d1af27bba6c"},"keywords":["Fr\u00fchmittelalter","Hochmittelalter"],"articleSection":["Geschichte"],"inLanguage":"de","potentialAction":[{"@type":"CommentAction","name":"Comment","target":["https:\/\/www.tribur.de\/blog\/2009\/01\/26\/streit-um-egditha-sarg\/#respond"]}]},{"@type":"WebPage","@id":"https:\/\/www.tribur.de\/blog\/2009\/01\/26\/streit-um-egditha-sarg\/","url":"https:\/\/www.tribur.de\/blog\/2009\/01\/26\/streit-um-egditha-sarg\/","name":"Streit um Egditha Sarg - Tribur.de","isPartOf":{"@id":"https:\/\/www.tribur.de\/blog\/#website"},"datePublished":"2009-01-26T17:35:25+00:00","dateModified":"2009-01-27T07:39:28+00:00","breadcrumb":{"@id":"https:\/\/www.tribur.de\/blog\/2009\/01\/26\/streit-um-egditha-sarg\/#breadcrumb"},"inLanguage":"de","potentialAction":[{"@type":"ReadAction","target":["https:\/\/www.tribur.de\/blog\/2009\/01\/26\/streit-um-egditha-sarg\/"]}]},{"@type":"BreadcrumbList","@id":"https:\/\/www.tribur.de\/blog\/2009\/01\/26\/streit-um-egditha-sarg\/#breadcrumb","itemListElement":[{"@type":"ListItem","position":1,"name":"Home","item":"https:\/\/www.tribur.de\/blog\/"},{"@type":"ListItem","position":2,"name":"Streit um Egditha Sarg"}]},{"@type":"WebSite","@id":"https:\/\/www.tribur.de\/blog\/#website","url":"https:\/\/www.tribur.de\/blog\/","name":"Tribur.de","description":"Tribur.de - Geschichte und so Zeugs","publisher":{"@id":"https:\/\/www.tribur.de\/blog\/#\/schema\/person\/3119997f09f43791809c2d1af27bba6c"},"potentialAction":[{"@type":"SearchAction","target":{"@type":"EntryPoint","urlTemplate":"https:\/\/www.tribur.de\/blog\/?s={search_term_string}"},"query-input":{"@type":"PropertyValueSpecification","valueRequired":true,"valueName":"search_term_string"}}],"inLanguage":"de"},{"@type":["Person","Organization"],"@id":"https:\/\/www.tribur.de\/blog\/#\/schema\/person\/3119997f09f43791809c2d1af27bba6c","name":"Markus Zwittmeier","image":{"@type":"ImageObject","inLanguage":"de","@id":"https:\/\/i0.wp.com\/www.tribur.de\/blog\/wp-content\/uploads\/2018\/09\/cropped-logotest-4.jpg?fit=200%2C200&ssl=1","url":"https:\/\/i0.wp.com\/www.tribur.de\/blog\/wp-content\/uploads\/2018\/09\/cropped-logotest-4.jpg?fit=200%2C200&ssl=1","contentUrl":"https:\/\/i0.wp.com\/www.tribur.de\/blog\/wp-content\/uploads\/2018\/09\/cropped-logotest-4.jpg?fit=200%2C200&ssl=1","width":200,"height":200,"caption":"Markus Zwittmeier"},"logo":{"@id":"https:\/\/i0.wp.com\/www.tribur.de\/blog\/wp-content\/uploads\/2018\/09\/cropped-logotest-4.jpg?fit=200%2C200&ssl=1"},"sameAs":["http:\/\/www.Tribur.de","http:\/\/www.facebook.com\/pages\/Triburde\/184352328288771","https:\/\/www.instagram.com\/tribur.de\/","https:\/\/x.com\/https:\/\/twitter.com\/tribur","https:\/\/www.youtube.com\/channel\/UCnEonou-x6_P4XPjBk2htCA"],"url":"https:\/\/www.tribur.de\/blog\/author\/markus\/"}]}},"jetpack_publicize_connections":[],"jetpack_featured_media_url":"","jetpack_shortlink":"https:\/\/wp.me\/p1mHPu-2y","jetpack_sharing_enabled":true,"_links":{"self":[{"href":"https:\/\/www.tribur.de\/blog\/wp-json\/wp\/v2\/posts\/158","targetHints":{"allow":["GET"]}}],"collection":[{"href":"https:\/\/www.tribur.de\/blog\/wp-json\/wp\/v2\/posts"}],"about":[{"href":"https:\/\/www.tribur.de\/blog\/wp-json\/wp\/v2\/types\/post"}],"author":[{"embeddable":true,"href":"https:\/\/www.tribur.de\/blog\/wp-json\/wp\/v2\/users\/2"}],"replies":[{"embeddable":true,"href":"https:\/\/www.tribur.de\/blog\/wp-json\/wp\/v2\/comments?post=158"}],"version-history":[{"count":4,"href":"https:\/\/www.tribur.de\/blog\/wp-json\/wp\/v2\/posts\/158\/revisions"}],"predecessor-version":[{"id":161,"href":"https:\/\/www.tribur.de\/blog\/wp-json\/wp\/v2\/posts\/158\/revisions\/161"}],"wp:attachment":[{"href":"https:\/\/www.tribur.de\/blog\/wp-json\/wp\/v2\/media?parent=158"}],"wp:term":[{"taxonomy":"category","embeddable":true,"href":"https:\/\/www.tribur.de\/blog\/wp-json\/wp\/v2\/categories?post=158"},{"taxonomy":"post_tag","embeddable":true,"href":"https:\/\/www.tribur.de\/blog\/wp-json\/wp\/v2\/tags?post=158"}],"curies":[{"name":"wp","href":"https:\/\/api.w.org\/{rel}","templated":true}]}}