{"id":15176,"date":"2011-06-15T11:24:10","date_gmt":"2011-06-15T09:24:10","guid":{"rendered":"http:\/\/www.tribur.de\/blog\/?p=15176"},"modified":"2011-06-15T11:24:10","modified_gmt":"2011-06-15T09:24:10","slug":"der-vertrag-von-verdun-koblenz-und-trebur","status":"publish","type":"post","link":"https:\/\/www.tribur.de\/blog\/2011\/06\/15\/der-vertrag-von-verdun-koblenz-und-trebur\/","title":{"rendered":"Der Vertrag von Verdun, Koblenz und Trebur"},"content":{"rendered":"<p>Am Wochenende hatte ich mich schreiberisch der Laurentiuskirche hingegeben und und stie\u00df wieder auf die Aussage Gockels (in Bedeutung Treburs als Pfalzort) , das Trebur nach 870 gut ausgebaut gewesen sein muss und die Kirche, die wir heute Laurentiuskirche nennen , gestanden haben sollte.<\/p>\n<p>Das Ganze mach ja auch Sinn, wenn Wintergerst in&#8220; Franconofurd Band I&#8220; schreibt die Laurentiuskirche sei wahrscheinlich eine etwas verkleinert Kopie der Salvatorbasilika, womit sie zeitlich nach der 852 geweihten, bzw. um 855 vollst\u00e4ndig fertiggestellten Basilika \u00a0in Frankfurt entstanden sein muss .<\/p>\n<p>Nat\u00fcrlich ist der Zusammenhang in dem Trebur 871 erscheint ein Reichstag, aber nicht irgendeiner . Im Februar hatte Ludwig der Deutsche mit seinen S\u00f6hnen in Frankfurt einen Waffenstillstand wegen der K\u00e4mpfe um die Nachfolge geschlossen und ein Treffen f\u00fcr den Mai\/Juni in Trebur vereinbart um eine Einigung zu\u00a0Erziehen\u00a0und einen Vertrag auszuarbeiten. \u00a0Das das ganz nicht zustand kommt ist eine andere Geschichte.<\/p>\n<p>Ludwig II. hatte jedoch selbst in seiner Eigenschaft als Sohn Ludwigs des Frommen eine Reichsteilung mitgemacht die ebenso von K\u00e4mpfen \u00fcberschattet war und erst mit dem Vertrag von Verdun 843 ein Ende fand.<\/p>\n<p>Dem Vertrag von Verdun ging jedoch eine Verhandlung\u00a0voraus, die 842 \u00a0Koblenz stattfand, genauergesagt in St. Kastor. Die Kirche St. Kastor, die vor den Toren Koblenz stand, einen eigenen Stift besa\u00df und als fr\u00e4nkische Eigenkirche des K\u00f6nigshofes Koblenz behandelt wird war erst 836 geweiht, war also noch sehr neu.<br \/>\nDie Weihe 836\u00a0bedeutet\u00a0nicht zwingend das die Kirche auch in G\u00e4nze fertiggestellt war. Bedenkt man das ein Stift, oder eine Kirche ganz allgemein, aber nach der Weihe oftmals eine gro\u00dfe Zahl von Stiftungen, egal ob Schmuck ganz allgemein, oder G\u00fcter, erh\u00e4lt, sollte St. Kastor 6 Jahre nach ihrer Weihe nicht nur nagelneu, sondern auch entsprechend prunkvoll ausgestattet gewesen sein.<\/p>\n<p>Die Verhandlungen in St. Kastor sollen von 110 Vertretern durchgef\u00fchrt worden sein, nachdem die K\u00f6nige in der Kirche einer Messe beiwohnten. Ganz nebenbei waren nat\u00fcrlich alle mit ihren Heeren angereist.<\/p>\n<p>F\u00fcr Trebur war wahrscheinlich ein ganz \u00e4hnliches Prozedere geplant. Von den Vertretern wissen wir jedoch nur recht wenig. Wir wissen zumindest das ein Graf Heinrich als Unterst\u00fctzer der S\u00f6hne Ludwigs des Deutschen bereits in Trebur aufh\u00e4lt, denn einer seiner s\u00e4chsischen Vasallen benimmt sich daneben und wird geblendet was eben die S\u00f6hne als Bruch des Waffenstillstandes auffassen.<br \/>\nVon den anderen im Juni ausgestellten Urkunden wissen wir das wahrscheinlich Bischof Luithard von Paderborn, Erzkanzler Luitbert von Mainz, Bischof Adventius von Metz und  Abt Sigahard von Fulda anwesend waren, oder entsprechend hochrangige Vertreter. Diese sollten aber nur die Spitze des Eisbergs gewesen sein, denn bei solch einem wichtigen Anlass gab es allerhand zu verhandeln und s\u00e4mtlich Spitzen des Reiches sollten anwesend gewesen sein, oder zumindest sich auf dem Weg befunden haben.<br \/>\nEs wird also deutlich das gerade bei solch hohen W\u00fcrdentr\u00e4gern ein entsprechender Sakralbau vorhanden gewesen sein muss, der wahrscheinlich genauso neu und entsprechend prunkvoll gewesen sein sollte wie St. Kastor 30 Jahre zuvor.<\/p>\n","protected":false},"excerpt":{"rendered":"<p>Am Wochenende hatte ich mich schreiberisch der Laurentiuskirche hingegeben und und stie\u00df wieder auf die Aussage Gockels (in Bedeutung Treburs als Pfalzort) , das Trebur nach 870 gut ausgebaut gewesen sein muss und die&#46;&#46;&#46;<\/p>\n","protected":false},"author":2,"featured_media":0,"comment_status":"open","ping_status":"open","sticky":false,"template":"","format":"standard","meta":{"jetpack_post_was_ever_published":false,"_jetpack_newsletter_access":"","_jetpack_dont_email_post_to_subs":false,"_jetpack_newsletter_tier_id":0,"_jetpack_memberships_contains_paywalled_content":false,"_jetpack_memberships_contains_paid_content":false,"footnotes":"","jetpack_publicize_message":"","jetpack_publicize_feature_enabled":true,"jetpack_social_post_already_shared":false,"jetpack_social_options":{"image_generator_settings":{"template":"highway","default_image_id":0,"font":"","enabled":false},"version":2}},"categories":[1],"tags":[61,11,32,35,49,16],"class_list":["post-15176","post","type-post","status-publish","format-standard","hentry","category-geschichte","tag-architektur","tag-fruhmittelalter","tag-karolingisch","tag-pfalz","tag-recherche","tag-trebur"],"yoast_head":"<!-- This site is optimized with the Yoast SEO plugin v27.5 - https:\/\/yoast.com\/product\/yoast-seo-wordpress\/ -->\n<title>Der Vertrag von Verdun, Koblenz und Trebur - Tribur.de<\/title>\n<meta name=\"robots\" content=\"index, follow, max-snippet:-1, max-image-preview:large, max-video-preview:-1\" \/>\n<link rel=\"canonical\" href=\"https:\/\/www.tribur.de\/blog\/2011\/06\/15\/der-vertrag-von-verdun-koblenz-und-trebur\/\" \/>\n<meta property=\"og:locale\" content=\"de_DE\" \/>\n<meta property=\"og:type\" content=\"article\" \/>\n<meta property=\"og:title\" content=\"Der Vertrag von Verdun, Koblenz und Trebur - Tribur.de\" \/>\n<meta property=\"og:description\" content=\"Am Wochenende hatte ich mich schreiberisch der Laurentiuskirche hingegeben und und stie\u00df wieder auf die Aussage Gockels (in Bedeutung Treburs als Pfalzort) , das Trebur nach 870 gut ausgebaut gewesen sein muss und die&#046;&#046;&#046;\" \/>\n<meta property=\"og:url\" content=\"https:\/\/www.tribur.de\/blog\/2011\/06\/15\/der-vertrag-von-verdun-koblenz-und-trebur\/\" \/>\n<meta property=\"og:site_name\" content=\"Tribur.de\" \/>\n<meta property=\"article:publisher\" content=\"http:\/\/www.facebook.com\/pages\/Triburde\/184352328288771\" \/>\n<meta property=\"article:author\" content=\"http:\/\/www.facebook.com\/pages\/Triburde\/184352328288771\" \/>\n<meta property=\"article:published_time\" content=\"2011-06-15T09:24:10+00:00\" \/>\n<meta property=\"og:image\" content=\"https:\/\/i0.wp.com\/www.tribur.de\/blog\/wp-content\/uploads\/2018\/09\/cropped-logotest-2.jpg?fit=200%2C200&ssl=1\" \/>\n\t<meta property=\"og:image:width\" content=\"200\" \/>\n\t<meta property=\"og:image:height\" content=\"200\" \/>\n\t<meta property=\"og:image:type\" content=\"image\/jpeg\" \/>\n<meta name=\"author\" content=\"Markus Zwittmeier\" \/>\n<meta name=\"twitter:card\" content=\"summary_large_image\" \/>\n<meta name=\"twitter:creator\" content=\"@https:\/\/twitter.com\/tribur\" \/>\n<meta name=\"twitter:site\" content=\"@tribur\" \/>\n<meta name=\"twitter:label1\" content=\"Verfasst von\" \/>\n\t<meta name=\"twitter:data1\" content=\"Markus Zwittmeier\" \/>\n\t<meta name=\"twitter:label2\" content=\"Gesch\u00e4tzte Lesezeit\" \/>\n\t<meta name=\"twitter:data2\" content=\"2\u00a0Minuten\" \/>\n<script type=\"application\/ld+json\" class=\"yoast-schema-graph\">{\"@context\":\"https:\\\/\\\/schema.org\",\"@graph\":[{\"@type\":\"Article\",\"@id\":\"https:\\\/\\\/www.tribur.de\\\/blog\\\/2011\\\/06\\\/15\\\/der-vertrag-von-verdun-koblenz-und-trebur\\\/#article\",\"isPartOf\":{\"@id\":\"https:\\\/\\\/www.tribur.de\\\/blog\\\/2011\\\/06\\\/15\\\/der-vertrag-von-verdun-koblenz-und-trebur\\\/\"},\"author\":{\"name\":\"Markus Zwittmeier\",\"@id\":\"https:\\\/\\\/www.tribur.de\\\/blog\\\/#\\\/schema\\\/person\\\/3119997f09f43791809c2d1af27bba6c\"},\"headline\":\"Der Vertrag von Verdun, Koblenz und Trebur\",\"datePublished\":\"2011-06-15T09:24:10+00:00\",\"mainEntityOfPage\":{\"@id\":\"https:\\\/\\\/www.tribur.de\\\/blog\\\/2011\\\/06\\\/15\\\/der-vertrag-von-verdun-koblenz-und-trebur\\\/\"},\"wordCount\":499,\"commentCount\":0,\"publisher\":{\"@id\":\"https:\\\/\\\/www.tribur.de\\\/blog\\\/#\\\/schema\\\/person\\\/3119997f09f43791809c2d1af27bba6c\"},\"keywords\":[\"Architektur\",\"Fr\u00fchmittelalter\",\"karolingisch\",\"Pfalz\",\"Recherche\",\"Trebur\\\/Tribur\"],\"articleSection\":[\"Geschichte\"],\"inLanguage\":\"de\",\"potentialAction\":[{\"@type\":\"CommentAction\",\"name\":\"Comment\",\"target\":[\"https:\\\/\\\/www.tribur.de\\\/blog\\\/2011\\\/06\\\/15\\\/der-vertrag-von-verdun-koblenz-und-trebur\\\/#respond\"]}]},{\"@type\":\"WebPage\",\"@id\":\"https:\\\/\\\/www.tribur.de\\\/blog\\\/2011\\\/06\\\/15\\\/der-vertrag-von-verdun-koblenz-und-trebur\\\/\",\"url\":\"https:\\\/\\\/www.tribur.de\\\/blog\\\/2011\\\/06\\\/15\\\/der-vertrag-von-verdun-koblenz-und-trebur\\\/\",\"name\":\"Der Vertrag von Verdun, Koblenz und Trebur - Tribur.de\",\"isPartOf\":{\"@id\":\"https:\\\/\\\/www.tribur.de\\\/blog\\\/#website\"},\"datePublished\":\"2011-06-15T09:24:10+00:00\",\"breadcrumb\":{\"@id\":\"https:\\\/\\\/www.tribur.de\\\/blog\\\/2011\\\/06\\\/15\\\/der-vertrag-von-verdun-koblenz-und-trebur\\\/#breadcrumb\"},\"inLanguage\":\"de\",\"potentialAction\":[{\"@type\":\"ReadAction\",\"target\":[\"https:\\\/\\\/www.tribur.de\\\/blog\\\/2011\\\/06\\\/15\\\/der-vertrag-von-verdun-koblenz-und-trebur\\\/\"]}]},{\"@type\":\"BreadcrumbList\",\"@id\":\"https:\\\/\\\/www.tribur.de\\\/blog\\\/2011\\\/06\\\/15\\\/der-vertrag-von-verdun-koblenz-und-trebur\\\/#breadcrumb\",\"itemListElement\":[{\"@type\":\"ListItem\",\"position\":1,\"name\":\"Home\",\"item\":\"https:\\\/\\\/www.tribur.de\\\/blog\\\/\"},{\"@type\":\"ListItem\",\"position\":2,\"name\":\"Der Vertrag von Verdun, Koblenz und Trebur\"}]},{\"@type\":\"WebSite\",\"@id\":\"https:\\\/\\\/www.tribur.de\\\/blog\\\/#website\",\"url\":\"https:\\\/\\\/www.tribur.de\\\/blog\\\/\",\"name\":\"Tribur.de\",\"description\":\"Tribur.de - Geschichte und so Zeugs\",\"publisher\":{\"@id\":\"https:\\\/\\\/www.tribur.de\\\/blog\\\/#\\\/schema\\\/person\\\/3119997f09f43791809c2d1af27bba6c\"},\"potentialAction\":[{\"@type\":\"SearchAction\",\"target\":{\"@type\":\"EntryPoint\",\"urlTemplate\":\"https:\\\/\\\/www.tribur.de\\\/blog\\\/?s={search_term_string}\"},\"query-input\":{\"@type\":\"PropertyValueSpecification\",\"valueRequired\":true,\"valueName\":\"search_term_string\"}}],\"inLanguage\":\"de\"},{\"@type\":[\"Person\",\"Organization\"],\"@id\":\"https:\\\/\\\/www.tribur.de\\\/blog\\\/#\\\/schema\\\/person\\\/3119997f09f43791809c2d1af27bba6c\",\"name\":\"Markus Zwittmeier\",\"image\":{\"@type\":\"ImageObject\",\"inLanguage\":\"de\",\"@id\":\"https:\\\/\\\/i0.wp.com\\\/www.tribur.de\\\/blog\\\/wp-content\\\/uploads\\\/2018\\\/09\\\/cropped-logotest-4.jpg?fit=200%2C200&ssl=1\",\"url\":\"https:\\\/\\\/i0.wp.com\\\/www.tribur.de\\\/blog\\\/wp-content\\\/uploads\\\/2018\\\/09\\\/cropped-logotest-4.jpg?fit=200%2C200&ssl=1\",\"contentUrl\":\"https:\\\/\\\/i0.wp.com\\\/www.tribur.de\\\/blog\\\/wp-content\\\/uploads\\\/2018\\\/09\\\/cropped-logotest-4.jpg?fit=200%2C200&ssl=1\",\"width\":200,\"height\":200,\"caption\":\"Markus Zwittmeier\"},\"logo\":{\"@id\":\"https:\\\/\\\/i0.wp.com\\\/www.tribur.de\\\/blog\\\/wp-content\\\/uploads\\\/2018\\\/09\\\/cropped-logotest-4.jpg?fit=200%2C200&ssl=1\"},\"sameAs\":[\"http:\\\/\\\/www.Tribur.de\",\"http:\\\/\\\/www.facebook.com\\\/pages\\\/Triburde\\\/184352328288771\",\"https:\\\/\\\/www.instagram.com\\\/tribur.de\\\/\",\"https:\\\/\\\/x.com\\\/https:\\\/\\\/twitter.com\\\/tribur\",\"https:\\\/\\\/www.youtube.com\\\/channel\\\/UCnEonou-x6_P4XPjBk2htCA\"],\"url\":\"https:\\\/\\\/www.tribur.de\\\/blog\\\/author\\\/markus\\\/\"}]}<\/script>\n<!-- \/ Yoast SEO plugin. -->","yoast_head_json":{"title":"Der Vertrag von Verdun, Koblenz und Trebur - Tribur.de","robots":{"index":"index","follow":"follow","max-snippet":"max-snippet:-1","max-image-preview":"max-image-preview:large","max-video-preview":"max-video-preview:-1"},"canonical":"https:\/\/www.tribur.de\/blog\/2011\/06\/15\/der-vertrag-von-verdun-koblenz-und-trebur\/","og_locale":"de_DE","og_type":"article","og_title":"Der Vertrag von Verdun, Koblenz und Trebur - Tribur.de","og_description":"Am Wochenende hatte ich mich schreiberisch der Laurentiuskirche hingegeben und und stie\u00df wieder auf die Aussage Gockels (in Bedeutung Treburs als Pfalzort) , das Trebur nach 870 gut ausgebaut gewesen sein muss und die&#46;&#46;&#46;","og_url":"https:\/\/www.tribur.de\/blog\/2011\/06\/15\/der-vertrag-von-verdun-koblenz-und-trebur\/","og_site_name":"Tribur.de","article_publisher":"http:\/\/www.facebook.com\/pages\/Triburde\/184352328288771","article_author":"http:\/\/www.facebook.com\/pages\/Triburde\/184352328288771","article_published_time":"2011-06-15T09:24:10+00:00","og_image":[{"width":200,"height":200,"url":"https:\/\/i0.wp.com\/www.tribur.de\/blog\/wp-content\/uploads\/2018\/09\/cropped-logotest-2.jpg?fit=200%2C200&ssl=1","type":"image\/jpeg"}],"author":"Markus Zwittmeier","twitter_card":"summary_large_image","twitter_creator":"@https:\/\/twitter.com\/tribur","twitter_site":"@tribur","twitter_misc":{"Verfasst von":"Markus Zwittmeier","Gesch\u00e4tzte Lesezeit":"2\u00a0Minuten"},"schema":{"@context":"https:\/\/schema.org","@graph":[{"@type":"Article","@id":"https:\/\/www.tribur.de\/blog\/2011\/06\/15\/der-vertrag-von-verdun-koblenz-und-trebur\/#article","isPartOf":{"@id":"https:\/\/www.tribur.de\/blog\/2011\/06\/15\/der-vertrag-von-verdun-koblenz-und-trebur\/"},"author":{"name":"Markus Zwittmeier","@id":"https:\/\/www.tribur.de\/blog\/#\/schema\/person\/3119997f09f43791809c2d1af27bba6c"},"headline":"Der Vertrag von Verdun, Koblenz und Trebur","datePublished":"2011-06-15T09:24:10+00:00","mainEntityOfPage":{"@id":"https:\/\/www.tribur.de\/blog\/2011\/06\/15\/der-vertrag-von-verdun-koblenz-und-trebur\/"},"wordCount":499,"commentCount":0,"publisher":{"@id":"https:\/\/www.tribur.de\/blog\/#\/schema\/person\/3119997f09f43791809c2d1af27bba6c"},"keywords":["Architektur","Fr\u00fchmittelalter","karolingisch","Pfalz","Recherche","Trebur\/Tribur"],"articleSection":["Geschichte"],"inLanguage":"de","potentialAction":[{"@type":"CommentAction","name":"Comment","target":["https:\/\/www.tribur.de\/blog\/2011\/06\/15\/der-vertrag-von-verdun-koblenz-und-trebur\/#respond"]}]},{"@type":"WebPage","@id":"https:\/\/www.tribur.de\/blog\/2011\/06\/15\/der-vertrag-von-verdun-koblenz-und-trebur\/","url":"https:\/\/www.tribur.de\/blog\/2011\/06\/15\/der-vertrag-von-verdun-koblenz-und-trebur\/","name":"Der Vertrag von Verdun, Koblenz und Trebur - Tribur.de","isPartOf":{"@id":"https:\/\/www.tribur.de\/blog\/#website"},"datePublished":"2011-06-15T09:24:10+00:00","breadcrumb":{"@id":"https:\/\/www.tribur.de\/blog\/2011\/06\/15\/der-vertrag-von-verdun-koblenz-und-trebur\/#breadcrumb"},"inLanguage":"de","potentialAction":[{"@type":"ReadAction","target":["https:\/\/www.tribur.de\/blog\/2011\/06\/15\/der-vertrag-von-verdun-koblenz-und-trebur\/"]}]},{"@type":"BreadcrumbList","@id":"https:\/\/www.tribur.de\/blog\/2011\/06\/15\/der-vertrag-von-verdun-koblenz-und-trebur\/#breadcrumb","itemListElement":[{"@type":"ListItem","position":1,"name":"Home","item":"https:\/\/www.tribur.de\/blog\/"},{"@type":"ListItem","position":2,"name":"Der Vertrag von Verdun, Koblenz und Trebur"}]},{"@type":"WebSite","@id":"https:\/\/www.tribur.de\/blog\/#website","url":"https:\/\/www.tribur.de\/blog\/","name":"Tribur.de","description":"Tribur.de - Geschichte und so Zeugs","publisher":{"@id":"https:\/\/www.tribur.de\/blog\/#\/schema\/person\/3119997f09f43791809c2d1af27bba6c"},"potentialAction":[{"@type":"SearchAction","target":{"@type":"EntryPoint","urlTemplate":"https:\/\/www.tribur.de\/blog\/?s={search_term_string}"},"query-input":{"@type":"PropertyValueSpecification","valueRequired":true,"valueName":"search_term_string"}}],"inLanguage":"de"},{"@type":["Person","Organization"],"@id":"https:\/\/www.tribur.de\/blog\/#\/schema\/person\/3119997f09f43791809c2d1af27bba6c","name":"Markus Zwittmeier","image":{"@type":"ImageObject","inLanguage":"de","@id":"https:\/\/i0.wp.com\/www.tribur.de\/blog\/wp-content\/uploads\/2018\/09\/cropped-logotest-4.jpg?fit=200%2C200&ssl=1","url":"https:\/\/i0.wp.com\/www.tribur.de\/blog\/wp-content\/uploads\/2018\/09\/cropped-logotest-4.jpg?fit=200%2C200&ssl=1","contentUrl":"https:\/\/i0.wp.com\/www.tribur.de\/blog\/wp-content\/uploads\/2018\/09\/cropped-logotest-4.jpg?fit=200%2C200&ssl=1","width":200,"height":200,"caption":"Markus Zwittmeier"},"logo":{"@id":"https:\/\/i0.wp.com\/www.tribur.de\/blog\/wp-content\/uploads\/2018\/09\/cropped-logotest-4.jpg?fit=200%2C200&ssl=1"},"sameAs":["http:\/\/www.Tribur.de","http:\/\/www.facebook.com\/pages\/Triburde\/184352328288771","https:\/\/www.instagram.com\/tribur.de\/","https:\/\/x.com\/https:\/\/twitter.com\/tribur","https:\/\/www.youtube.com\/channel\/UCnEonou-x6_P4XPjBk2htCA"],"url":"https:\/\/www.tribur.de\/blog\/author\/markus\/"}]}},"jetpack_publicize_connections":[],"jetpack_featured_media_url":"","jetpack_shortlink":"https:\/\/wp.me\/p1mHPu-3WM","jetpack_sharing_enabled":true,"_links":{"self":[{"href":"https:\/\/www.tribur.de\/blog\/wp-json\/wp\/v2\/posts\/15176","targetHints":{"allow":["GET"]}}],"collection":[{"href":"https:\/\/www.tribur.de\/blog\/wp-json\/wp\/v2\/posts"}],"about":[{"href":"https:\/\/www.tribur.de\/blog\/wp-json\/wp\/v2\/types\/post"}],"author":[{"embeddable":true,"href":"https:\/\/www.tribur.de\/blog\/wp-json\/wp\/v2\/users\/2"}],"replies":[{"embeddable":true,"href":"https:\/\/www.tribur.de\/blog\/wp-json\/wp\/v2\/comments?post=15176"}],"version-history":[{"count":9,"href":"https:\/\/www.tribur.de\/blog\/wp-json\/wp\/v2\/posts\/15176\/revisions"}],"predecessor-version":[{"id":15207,"href":"https:\/\/www.tribur.de\/blog\/wp-json\/wp\/v2\/posts\/15176\/revisions\/15207"}],"wp:attachment":[{"href":"https:\/\/www.tribur.de\/blog\/wp-json\/wp\/v2\/media?parent=15176"}],"wp:term":[{"taxonomy":"category","embeddable":true,"href":"https:\/\/www.tribur.de\/blog\/wp-json\/wp\/v2\/categories?post=15176"},{"taxonomy":"post_tag","embeddable":true,"href":"https:\/\/www.tribur.de\/blog\/wp-json\/wp\/v2\/tags?post=15176"}],"curies":[{"name":"wp","href":"https:\/\/api.w.org\/{rel}","templated":true}]}}