{"id":14964,"date":"2011-06-02T14:20:48","date_gmt":"2011-06-02T12:20:48","guid":{"rendered":"http:\/\/www.tribur.de\/blog\/?p=14964"},"modified":"2011-06-03T08:17:20","modified_gmt":"2011-06-03T06:17:20","slug":"besuch-im-der-ausstellung-des-klosters-lorsch","status":"publish","type":"post","link":"https:\/\/www.tribur.de\/blog\/2011\/06\/02\/besuch-im-der-ausstellung-des-klosters-lorsch\/","title":{"rendered":"Besuch im der Ausstellung des Klosters Lorsch"},"content":{"rendered":"<p>Ich habe den heutigen Feiertag genutzt und bin ins Kloster Lorsch gefahren um mir mal die Ausstellung anzusehen.<\/p>\n<div id=\"attachment_14965\" style=\"width: 310px\" class=\"wp-caption alignleft\"><a href=\"https:\/\/i0.wp.com\/www.tribur.de\/blog\/wp-content\/uploads\/2011\/06\/uploadlorscheg.jpg?ssl=1\"><img data-recalc-dims=\"1\" loading=\"lazy\" decoding=\"async\" aria-describedby=\"caption-attachment-14965\" class=\"size-full wp-image-14965\" title=\"uploadlorscheg\" src=\"https:\/\/i0.wp.com\/www.tribur.de\/blog\/wp-content\/uploads\/2011\/06\/uploadlorscheg.jpg?resize=300%2C200&#038;ssl=1\" alt=\"\" width=\"300\" height=\"200\" \/><\/a><p id=\"caption-attachment-14965\" class=\"wp-caption-text\">Dauerausstellung im Erdgeschoss mit neuem Terminal<\/p><\/div>\n<p>Um es gleich zu sagen, wer eine Ausstellung im Stile von Speyer, Paderborn oder Mannheim erwartet wird eher entt\u00e4uscht sein. F\u00fcr das Kloster Lorsch und die dortige\u00a0Au\u00dfenstelle\u00a0des Hessischen Landesmuseums Darmstadt ist es ein riesiger Schritt. H\u00e4upts\u00e4chlich wird im dortigen Museum n\u00e4mlich die Volkskundliche Sammlung des Darmst\u00e4dter Museums und der Lorscher Tabakanbau gezeigt. Nur ein kleiner, aber sch\u00f6n eingerichteter Teil ist dem Kloster gewidmet.<\/p>\n<p>Dieser Teil ist kostenlos zug\u00e4nglich. Es befinden sich hier Informationen zur Geschichte des Klosters, der &#8222;Siegfriedssarg&#8220; und der pilastergeschm\u00fcckt Sarg aus der Gruftkapelle. Neu ist hier ein Terminal mit Informationen und Animation zum Kloster der Firma <a href=\"http:\/\/www.arctron.de\" target=\"_blank\">ArcTron3d<\/a>. Unter anderem kann man sich hier \u00fcber die Erfassung der Gel\u00e4ndetopographie mittels luftgest\u00fctztem Laserscanning informieren (auch haben will!) bei der genauso wie bei mir mal das Wasser angehoben wurde, um die alte Landschaft zeigen zu k\u00f6nnen.<\/p>\n<div id=\"attachment_14967\" style=\"width: 310px\" class=\"wp-caption alignleft\"><a href=\"https:\/\/i0.wp.com\/www.tribur.de\/blog\/wp-content\/uploads\/2011\/06\/uploadlorschsonder.jpg?ssl=1\"><img data-recalc-dims=\"1\" loading=\"lazy\" decoding=\"async\" aria-describedby=\"caption-attachment-14967\" class=\"size-full wp-image-14967\" title=\"uploadlorschsonder\" src=\"https:\/\/i0.wp.com\/www.tribur.de\/blog\/wp-content\/uploads\/2011\/06\/uploadlorschsonder.jpg?resize=300%2C200&#038;ssl=1\" alt=\"\" width=\"300\" height=\"200\" \/><\/a><p id=\"caption-attachment-14967\" class=\"wp-caption-text\">Teil der Lorscher Sonderaustellung<\/p><\/div>\n<p>Die Sonderausstellung befindet sich im Saal des ersten Stocks. Hier befinden sich haupts\u00e4chlich Steine aus dem Fundbereich des Klosters Lorsch, die entweder noch nie, oder an anderen Orten verstreut zu sehen waren. Darunter auch karolingische Bodenbel\u00e4ge und Steine wie sie auch in der Torhalle verbaut ist. Sch\u00f6n ist das die Steine frei aufgestellt sind, so dass wenn man den Katalog gelesen hat und \u00fcber Brandspuren an einem Kapitel bescheid wei\u00df, diese auch finden kann.<\/p>\n<p>Bodenflie\u00dfen werden ansprechend in Fundpostion, auf Sandgebett gezeigt , ebenso wie das karolingische Opus Sectile.<\/p>\n<p>In einigen Standvitrinen finden sich Kleinfunde, die man auf keinen Fall \u00fcbersehen sollte. Zu erw\u00e4hnen ist hier der Seeheimer Riemenschieber aus Gold, ein Saxscheidenbeschlag und eine karolingische Riemenzunge (die ich mir wohl nachmachen lasse&#8230;) , aber auch Kammfagmente und Gef\u00e4\u00dfscherben sind vertreten.<\/p>\n<div id=\"attachment_14968\" style=\"width: 458px\" class=\"wp-caption aligncenter\"><a href=\"https:\/\/i0.wp.com\/www.tribur.de\/blog\/wp-content\/uploads\/2011\/06\/uploadlorschfunde.jpg?ssl=1\"><img data-recalc-dims=\"1\" loading=\"lazy\" decoding=\"async\" aria-describedby=\"caption-attachment-14968\" class=\"size-full wp-image-14968  \" title=\"uploadlorschfunde\" src=\"https:\/\/i0.wp.com\/www.tribur.de\/blog\/wp-content\/uploads\/2011\/06\/uploadlorschfunde.jpg?resize=448%2C336&#038;ssl=1\" alt=\"\" width=\"448\" height=\"336\" srcset=\"https:\/\/i0.wp.com\/www.tribur.de\/blog\/wp-content\/uploads\/2011\/06\/uploadlorschfunde.jpg?w=640&amp;ssl=1 640w, https:\/\/i0.wp.com\/www.tribur.de\/blog\/wp-content\/uploads\/2011\/06\/uploadlorschfunde.jpg?resize=300%2C225&amp;ssl=1 300w\" sizes=\"auto, (max-width: 448px) 100vw, 448px\" \/><\/a><p id=\"caption-attachment-14968\" class=\"wp-caption-text\">Zwei Auschnitte aus der Vitrine mit Beschl\u00e4gen, Riemenzunge...<\/p><\/div>\n<p>Ebenfalls Positiv ist die Ausleuchtung , die zum Beispiel bewirkt man die Leuchtkraft der Glasfragmente klar erkennen kann.<\/p>\n<p>Anschlie\u00dfend habe ich noch die F\u00fchrung in die Torhalle mitgemacht, die, wie ich zu meiner Schande eingestehen muss noch nie live von innen gesehen habe. Tats\u00e4chlich wirken die Farben der Innenausmalung in real wesentlich blasser als auf Fotos. Das Ph\u00e4nomen hab ich auch bei meinen Handy Fotos.<\/p>\n<p>Alles in allem sch\u00f6n gemacht und realisiert, kann nat\u00fcrlich nicht mit einer Salierausstellung in Speyer mithalten, will sie aber auch garnicht. Andrang herrschte zu keiner Zeit und auch der Parkplatz war leer, es war aber auch erst 10 Uhr als ich kam.<\/p>\n<p>Den Ausstellungskatalog hatte ich ja bereits, aber trotzdem konnte ich an der Kasse nicht wiederstehen und hab mir noch Exners &#8222;Wandmalerei des fr\u00fchen Mittelalters&#8220; mitgenommen (vielleicht f\u00fcr Texturen?) und noch das Heft &#8222;Das verlorenen Kloster &#8211; Studien zur Arch\u00e4ologie und Baugeschichte&#8220;.<\/p>\n","protected":false},"excerpt":{"rendered":"<p>Ich habe den heutigen Feiertag genutzt und bin ins Kloster Lorsch gefahren um mir mal die Ausstellung anzusehen. Um es gleich zu sagen, wer eine Ausstellung im Stile von Speyer, Paderborn oder Mannheim erwartet&#46;&#46;&#46;<\/p>\n","protected":false},"author":2,"featured_media":0,"comment_status":"open","ping_status":"open","sticky":false,"template":"","format":"standard","meta":{"jetpack_post_was_ever_published":false,"_jetpack_newsletter_access":"","_jetpack_dont_email_post_to_subs":false,"_jetpack_newsletter_tier_id":0,"_jetpack_memberships_contains_paywalled_content":false,"_jetpack_memberships_contains_paid_content":false,"footnotes":"","jetpack_publicize_message":"","jetpack_publicize_feature_enabled":true,"jetpack_social_post_already_shared":false,"jetpack_social_options":{"image_generator_settings":{"template":"highway","default_image_id":0,"font":"","enabled":false},"version":2}},"categories":[1],"tags":[54,61,33,28,15,11,32],"class_list":["post-14964","post","type-post","status-publish","format-standard","hentry","category-geschichte","tag-archaologie","tag-architektur","tag-ausgrabung","tag-ausstellung","tag-bilder","tag-fruhmittelalter","tag-karolingisch"],"yoast_head":"<!-- This site is optimized with the Yoast SEO plugin v27.5 - https:\/\/yoast.com\/product\/yoast-seo-wordpress\/ -->\n<title>Besuch im der Ausstellung des Klosters Lorsch - Tribur.de<\/title>\n<meta name=\"robots\" content=\"index, follow, max-snippet:-1, max-image-preview:large, max-video-preview:-1\" \/>\n<link rel=\"canonical\" href=\"https:\/\/www.tribur.de\/blog\/2011\/06\/02\/besuch-im-der-ausstellung-des-klosters-lorsch\/\" \/>\n<meta property=\"og:locale\" content=\"de_DE\" \/>\n<meta property=\"og:type\" content=\"article\" \/>\n<meta property=\"og:title\" content=\"Besuch im der Ausstellung des Klosters Lorsch - Tribur.de\" \/>\n<meta property=\"og:description\" content=\"Ich habe den heutigen Feiertag genutzt und bin ins Kloster Lorsch gefahren um mir mal die Ausstellung anzusehen. Um es gleich zu sagen, wer eine Ausstellung im Stile von Speyer, Paderborn oder Mannheim erwartet&#046;&#046;&#046;\" \/>\n<meta property=\"og:url\" content=\"https:\/\/www.tribur.de\/blog\/2011\/06\/02\/besuch-im-der-ausstellung-des-klosters-lorsch\/\" \/>\n<meta property=\"og:site_name\" content=\"Tribur.de\" \/>\n<meta property=\"article:publisher\" content=\"http:\/\/www.facebook.com\/pages\/Triburde\/184352328288771\" \/>\n<meta property=\"article:author\" content=\"http:\/\/www.facebook.com\/pages\/Triburde\/184352328288771\" \/>\n<meta property=\"article:published_time\" content=\"2011-06-02T12:20:48+00:00\" \/>\n<meta property=\"article:modified_time\" content=\"2011-06-03T06:17:20+00:00\" \/>\n<meta property=\"og:image\" content=\"http:\/\/www.tribur.de\/blog\/wp-content\/uploads\/2011\/06\/uploadlorscheg.jpg\" \/>\n<meta name=\"author\" content=\"Markus Zwittmeier\" \/>\n<meta name=\"twitter:card\" content=\"summary_large_image\" \/>\n<meta name=\"twitter:creator\" content=\"@https:\/\/twitter.com\/tribur\" \/>\n<meta name=\"twitter:site\" content=\"@tribur\" \/>\n<meta name=\"twitter:label1\" content=\"Verfasst von\" \/>\n\t<meta name=\"twitter:data1\" content=\"Markus Zwittmeier\" \/>\n\t<meta name=\"twitter:label2\" content=\"Gesch\u00e4tzte Lesezeit\" \/>\n\t<meta name=\"twitter:data2\" content=\"3\u00a0Minuten\" \/>\n<script type=\"application\/ld+json\" class=\"yoast-schema-graph\">{\"@context\":\"https:\\\/\\\/schema.org\",\"@graph\":[{\"@type\":\"Article\",\"@id\":\"https:\\\/\\\/www.tribur.de\\\/blog\\\/2011\\\/06\\\/02\\\/besuch-im-der-ausstellung-des-klosters-lorsch\\\/#article\",\"isPartOf\":{\"@id\":\"https:\\\/\\\/www.tribur.de\\\/blog\\\/2011\\\/06\\\/02\\\/besuch-im-der-ausstellung-des-klosters-lorsch\\\/\"},\"author\":{\"name\":\"Markus Zwittmeier\",\"@id\":\"https:\\\/\\\/www.tribur.de\\\/blog\\\/#\\\/schema\\\/person\\\/3119997f09f43791809c2d1af27bba6c\"},\"headline\":\"Besuch im der Ausstellung des Klosters Lorsch\",\"datePublished\":\"2011-06-02T12:20:48+00:00\",\"dateModified\":\"2011-06-03T06:17:20+00:00\",\"mainEntityOfPage\":{\"@id\":\"https:\\\/\\\/www.tribur.de\\\/blog\\\/2011\\\/06\\\/02\\\/besuch-im-der-ausstellung-des-klosters-lorsch\\\/\"},\"wordCount\":510,\"commentCount\":0,\"publisher\":{\"@id\":\"https:\\\/\\\/www.tribur.de\\\/blog\\\/#\\\/schema\\\/person\\\/3119997f09f43791809c2d1af27bba6c\"},\"image\":{\"@id\":\"https:\\\/\\\/www.tribur.de\\\/blog\\\/2011\\\/06\\\/02\\\/besuch-im-der-ausstellung-des-klosters-lorsch\\\/#primaryimage\"},\"thumbnailUrl\":\"http:\\\/\\\/www.tribur.de\\\/blog\\\/wp-content\\\/uploads\\\/2011\\\/06\\\/uploadlorscheg.jpg\",\"keywords\":[\"Arch\u00e4ologie\",\"Architektur\",\"Ausgrabung\",\"Ausstellung\",\"Bilder\",\"Fr\u00fchmittelalter\",\"karolingisch\"],\"articleSection\":[\"Geschichte\"],\"inLanguage\":\"de\",\"potentialAction\":[{\"@type\":\"CommentAction\",\"name\":\"Comment\",\"target\":[\"https:\\\/\\\/www.tribur.de\\\/blog\\\/2011\\\/06\\\/02\\\/besuch-im-der-ausstellung-des-klosters-lorsch\\\/#respond\"]}]},{\"@type\":\"WebPage\",\"@id\":\"https:\\\/\\\/www.tribur.de\\\/blog\\\/2011\\\/06\\\/02\\\/besuch-im-der-ausstellung-des-klosters-lorsch\\\/\",\"url\":\"https:\\\/\\\/www.tribur.de\\\/blog\\\/2011\\\/06\\\/02\\\/besuch-im-der-ausstellung-des-klosters-lorsch\\\/\",\"name\":\"Besuch im der Ausstellung des Klosters Lorsch - Tribur.de\",\"isPartOf\":{\"@id\":\"https:\\\/\\\/www.tribur.de\\\/blog\\\/#website\"},\"primaryImageOfPage\":{\"@id\":\"https:\\\/\\\/www.tribur.de\\\/blog\\\/2011\\\/06\\\/02\\\/besuch-im-der-ausstellung-des-klosters-lorsch\\\/#primaryimage\"},\"image\":{\"@id\":\"https:\\\/\\\/www.tribur.de\\\/blog\\\/2011\\\/06\\\/02\\\/besuch-im-der-ausstellung-des-klosters-lorsch\\\/#primaryimage\"},\"thumbnailUrl\":\"http:\\\/\\\/www.tribur.de\\\/blog\\\/wp-content\\\/uploads\\\/2011\\\/06\\\/uploadlorscheg.jpg\",\"datePublished\":\"2011-06-02T12:20:48+00:00\",\"dateModified\":\"2011-06-03T06:17:20+00:00\",\"breadcrumb\":{\"@id\":\"https:\\\/\\\/www.tribur.de\\\/blog\\\/2011\\\/06\\\/02\\\/besuch-im-der-ausstellung-des-klosters-lorsch\\\/#breadcrumb\"},\"inLanguage\":\"de\",\"potentialAction\":[{\"@type\":\"ReadAction\",\"target\":[\"https:\\\/\\\/www.tribur.de\\\/blog\\\/2011\\\/06\\\/02\\\/besuch-im-der-ausstellung-des-klosters-lorsch\\\/\"]}]},{\"@type\":\"ImageObject\",\"inLanguage\":\"de\",\"@id\":\"https:\\\/\\\/www.tribur.de\\\/blog\\\/2011\\\/06\\\/02\\\/besuch-im-der-ausstellung-des-klosters-lorsch\\\/#primaryimage\",\"url\":\"https:\\\/\\\/i0.wp.com\\\/www.tribur.de\\\/blog\\\/wp-content\\\/uploads\\\/2011\\\/06\\\/uploadlorscheg.jpg?fit=300%2C200&ssl=1\",\"contentUrl\":\"https:\\\/\\\/i0.wp.com\\\/www.tribur.de\\\/blog\\\/wp-content\\\/uploads\\\/2011\\\/06\\\/uploadlorscheg.jpg?fit=300%2C200&ssl=1\",\"width\":\"300\",\"height\":\"200\"},{\"@type\":\"BreadcrumbList\",\"@id\":\"https:\\\/\\\/www.tribur.de\\\/blog\\\/2011\\\/06\\\/02\\\/besuch-im-der-ausstellung-des-klosters-lorsch\\\/#breadcrumb\",\"itemListElement\":[{\"@type\":\"ListItem\",\"position\":1,\"name\":\"Home\",\"item\":\"https:\\\/\\\/www.tribur.de\\\/blog\\\/\"},{\"@type\":\"ListItem\",\"position\":2,\"name\":\"Besuch im der Ausstellung des Klosters Lorsch\"}]},{\"@type\":\"WebSite\",\"@id\":\"https:\\\/\\\/www.tribur.de\\\/blog\\\/#website\",\"url\":\"https:\\\/\\\/www.tribur.de\\\/blog\\\/\",\"name\":\"Tribur.de\",\"description\":\"Tribur.de - Geschichte und so Zeugs\",\"publisher\":{\"@id\":\"https:\\\/\\\/www.tribur.de\\\/blog\\\/#\\\/schema\\\/person\\\/3119997f09f43791809c2d1af27bba6c\"},\"potentialAction\":[{\"@type\":\"SearchAction\",\"target\":{\"@type\":\"EntryPoint\",\"urlTemplate\":\"https:\\\/\\\/www.tribur.de\\\/blog\\\/?s={search_term_string}\"},\"query-input\":{\"@type\":\"PropertyValueSpecification\",\"valueRequired\":true,\"valueName\":\"search_term_string\"}}],\"inLanguage\":\"de\"},{\"@type\":[\"Person\",\"Organization\"],\"@id\":\"https:\\\/\\\/www.tribur.de\\\/blog\\\/#\\\/schema\\\/person\\\/3119997f09f43791809c2d1af27bba6c\",\"name\":\"Markus Zwittmeier\",\"image\":{\"@type\":\"ImageObject\",\"inLanguage\":\"de\",\"@id\":\"https:\\\/\\\/i0.wp.com\\\/www.tribur.de\\\/blog\\\/wp-content\\\/uploads\\\/2018\\\/09\\\/cropped-logotest-4.jpg?fit=200%2C200&ssl=1\",\"url\":\"https:\\\/\\\/i0.wp.com\\\/www.tribur.de\\\/blog\\\/wp-content\\\/uploads\\\/2018\\\/09\\\/cropped-logotest-4.jpg?fit=200%2C200&ssl=1\",\"contentUrl\":\"https:\\\/\\\/i0.wp.com\\\/www.tribur.de\\\/blog\\\/wp-content\\\/uploads\\\/2018\\\/09\\\/cropped-logotest-4.jpg?fit=200%2C200&ssl=1\",\"width\":200,\"height\":200,\"caption\":\"Markus Zwittmeier\"},\"logo\":{\"@id\":\"https:\\\/\\\/i0.wp.com\\\/www.tribur.de\\\/blog\\\/wp-content\\\/uploads\\\/2018\\\/09\\\/cropped-logotest-4.jpg?fit=200%2C200&ssl=1\"},\"sameAs\":[\"http:\\\/\\\/www.Tribur.de\",\"http:\\\/\\\/www.facebook.com\\\/pages\\\/Triburde\\\/184352328288771\",\"https:\\\/\\\/www.instagram.com\\\/tribur.de\\\/\",\"https:\\\/\\\/x.com\\\/https:\\\/\\\/twitter.com\\\/tribur\",\"https:\\\/\\\/www.youtube.com\\\/channel\\\/UCnEonou-x6_P4XPjBk2htCA\"],\"url\":\"https:\\\/\\\/www.tribur.de\\\/blog\\\/author\\\/markus\\\/\"}]}<\/script>\n<!-- \/ Yoast SEO plugin. -->","yoast_head_json":{"title":"Besuch im der Ausstellung des Klosters Lorsch - Tribur.de","robots":{"index":"index","follow":"follow","max-snippet":"max-snippet:-1","max-image-preview":"max-image-preview:large","max-video-preview":"max-video-preview:-1"},"canonical":"https:\/\/www.tribur.de\/blog\/2011\/06\/02\/besuch-im-der-ausstellung-des-klosters-lorsch\/","og_locale":"de_DE","og_type":"article","og_title":"Besuch im der Ausstellung des Klosters Lorsch - Tribur.de","og_description":"Ich habe den heutigen Feiertag genutzt und bin ins Kloster Lorsch gefahren um mir mal die Ausstellung anzusehen. Um es gleich zu sagen, wer eine Ausstellung im Stile von Speyer, Paderborn oder Mannheim erwartet&#46;&#46;&#46;","og_url":"https:\/\/www.tribur.de\/blog\/2011\/06\/02\/besuch-im-der-ausstellung-des-klosters-lorsch\/","og_site_name":"Tribur.de","article_publisher":"http:\/\/www.facebook.com\/pages\/Triburde\/184352328288771","article_author":"http:\/\/www.facebook.com\/pages\/Triburde\/184352328288771","article_published_time":"2011-06-02T12:20:48+00:00","article_modified_time":"2011-06-03T06:17:20+00:00","og_image":[{"url":"http:\/\/www.tribur.de\/blog\/wp-content\/uploads\/2011\/06\/uploadlorscheg.jpg","type":"","width":"","height":""}],"author":"Markus Zwittmeier","twitter_card":"summary_large_image","twitter_creator":"@https:\/\/twitter.com\/tribur","twitter_site":"@tribur","twitter_misc":{"Verfasst von":"Markus Zwittmeier","Gesch\u00e4tzte Lesezeit":"3\u00a0Minuten"},"schema":{"@context":"https:\/\/schema.org","@graph":[{"@type":"Article","@id":"https:\/\/www.tribur.de\/blog\/2011\/06\/02\/besuch-im-der-ausstellung-des-klosters-lorsch\/#article","isPartOf":{"@id":"https:\/\/www.tribur.de\/blog\/2011\/06\/02\/besuch-im-der-ausstellung-des-klosters-lorsch\/"},"author":{"name":"Markus Zwittmeier","@id":"https:\/\/www.tribur.de\/blog\/#\/schema\/person\/3119997f09f43791809c2d1af27bba6c"},"headline":"Besuch im der Ausstellung des Klosters Lorsch","datePublished":"2011-06-02T12:20:48+00:00","dateModified":"2011-06-03T06:17:20+00:00","mainEntityOfPage":{"@id":"https:\/\/www.tribur.de\/blog\/2011\/06\/02\/besuch-im-der-ausstellung-des-klosters-lorsch\/"},"wordCount":510,"commentCount":0,"publisher":{"@id":"https:\/\/www.tribur.de\/blog\/#\/schema\/person\/3119997f09f43791809c2d1af27bba6c"},"image":{"@id":"https:\/\/www.tribur.de\/blog\/2011\/06\/02\/besuch-im-der-ausstellung-des-klosters-lorsch\/#primaryimage"},"thumbnailUrl":"http:\/\/www.tribur.de\/blog\/wp-content\/uploads\/2011\/06\/uploadlorscheg.jpg","keywords":["Arch\u00e4ologie","Architektur","Ausgrabung","Ausstellung","Bilder","Fr\u00fchmittelalter","karolingisch"],"articleSection":["Geschichte"],"inLanguage":"de","potentialAction":[{"@type":"CommentAction","name":"Comment","target":["https:\/\/www.tribur.de\/blog\/2011\/06\/02\/besuch-im-der-ausstellung-des-klosters-lorsch\/#respond"]}]},{"@type":"WebPage","@id":"https:\/\/www.tribur.de\/blog\/2011\/06\/02\/besuch-im-der-ausstellung-des-klosters-lorsch\/","url":"https:\/\/www.tribur.de\/blog\/2011\/06\/02\/besuch-im-der-ausstellung-des-klosters-lorsch\/","name":"Besuch im der Ausstellung des Klosters Lorsch - Tribur.de","isPartOf":{"@id":"https:\/\/www.tribur.de\/blog\/#website"},"primaryImageOfPage":{"@id":"https:\/\/www.tribur.de\/blog\/2011\/06\/02\/besuch-im-der-ausstellung-des-klosters-lorsch\/#primaryimage"},"image":{"@id":"https:\/\/www.tribur.de\/blog\/2011\/06\/02\/besuch-im-der-ausstellung-des-klosters-lorsch\/#primaryimage"},"thumbnailUrl":"http:\/\/www.tribur.de\/blog\/wp-content\/uploads\/2011\/06\/uploadlorscheg.jpg","datePublished":"2011-06-02T12:20:48+00:00","dateModified":"2011-06-03T06:17:20+00:00","breadcrumb":{"@id":"https:\/\/www.tribur.de\/blog\/2011\/06\/02\/besuch-im-der-ausstellung-des-klosters-lorsch\/#breadcrumb"},"inLanguage":"de","potentialAction":[{"@type":"ReadAction","target":["https:\/\/www.tribur.de\/blog\/2011\/06\/02\/besuch-im-der-ausstellung-des-klosters-lorsch\/"]}]},{"@type":"ImageObject","inLanguage":"de","@id":"https:\/\/www.tribur.de\/blog\/2011\/06\/02\/besuch-im-der-ausstellung-des-klosters-lorsch\/#primaryimage","url":"https:\/\/i0.wp.com\/www.tribur.de\/blog\/wp-content\/uploads\/2011\/06\/uploadlorscheg.jpg?fit=300%2C200&ssl=1","contentUrl":"https:\/\/i0.wp.com\/www.tribur.de\/blog\/wp-content\/uploads\/2011\/06\/uploadlorscheg.jpg?fit=300%2C200&ssl=1","width":"300","height":"200"},{"@type":"BreadcrumbList","@id":"https:\/\/www.tribur.de\/blog\/2011\/06\/02\/besuch-im-der-ausstellung-des-klosters-lorsch\/#breadcrumb","itemListElement":[{"@type":"ListItem","position":1,"name":"Home","item":"https:\/\/www.tribur.de\/blog\/"},{"@type":"ListItem","position":2,"name":"Besuch im der Ausstellung des Klosters Lorsch"}]},{"@type":"WebSite","@id":"https:\/\/www.tribur.de\/blog\/#website","url":"https:\/\/www.tribur.de\/blog\/","name":"Tribur.de","description":"Tribur.de - Geschichte und so Zeugs","publisher":{"@id":"https:\/\/www.tribur.de\/blog\/#\/schema\/person\/3119997f09f43791809c2d1af27bba6c"},"potentialAction":[{"@type":"SearchAction","target":{"@type":"EntryPoint","urlTemplate":"https:\/\/www.tribur.de\/blog\/?s={search_term_string}"},"query-input":{"@type":"PropertyValueSpecification","valueRequired":true,"valueName":"search_term_string"}}],"inLanguage":"de"},{"@type":["Person","Organization"],"@id":"https:\/\/www.tribur.de\/blog\/#\/schema\/person\/3119997f09f43791809c2d1af27bba6c","name":"Markus Zwittmeier","image":{"@type":"ImageObject","inLanguage":"de","@id":"https:\/\/i0.wp.com\/www.tribur.de\/blog\/wp-content\/uploads\/2018\/09\/cropped-logotest-4.jpg?fit=200%2C200&ssl=1","url":"https:\/\/i0.wp.com\/www.tribur.de\/blog\/wp-content\/uploads\/2018\/09\/cropped-logotest-4.jpg?fit=200%2C200&ssl=1","contentUrl":"https:\/\/i0.wp.com\/www.tribur.de\/blog\/wp-content\/uploads\/2018\/09\/cropped-logotest-4.jpg?fit=200%2C200&ssl=1","width":200,"height":200,"caption":"Markus Zwittmeier"},"logo":{"@id":"https:\/\/i0.wp.com\/www.tribur.de\/blog\/wp-content\/uploads\/2018\/09\/cropped-logotest-4.jpg?fit=200%2C200&ssl=1"},"sameAs":["http:\/\/www.Tribur.de","http:\/\/www.facebook.com\/pages\/Triburde\/184352328288771","https:\/\/www.instagram.com\/tribur.de\/","https:\/\/x.com\/https:\/\/twitter.com\/tribur","https:\/\/www.youtube.com\/channel\/UCnEonou-x6_P4XPjBk2htCA"],"url":"https:\/\/www.tribur.de\/blog\/author\/markus\/"}]}},"jetpack_publicize_connections":[],"jetpack_featured_media_url":"","jetpack_shortlink":"https:\/\/wp.me\/p1mHPu-3Tm","jetpack_sharing_enabled":true,"_links":{"self":[{"href":"https:\/\/www.tribur.de\/blog\/wp-json\/wp\/v2\/posts\/14964","targetHints":{"allow":["GET"]}}],"collection":[{"href":"https:\/\/www.tribur.de\/blog\/wp-json\/wp\/v2\/posts"}],"about":[{"href":"https:\/\/www.tribur.de\/blog\/wp-json\/wp\/v2\/types\/post"}],"author":[{"embeddable":true,"href":"https:\/\/www.tribur.de\/blog\/wp-json\/wp\/v2\/users\/2"}],"replies":[{"embeddable":true,"href":"https:\/\/www.tribur.de\/blog\/wp-json\/wp\/v2\/comments?post=14964"}],"version-history":[{"count":11,"href":"https:\/\/www.tribur.de\/blog\/wp-json\/wp\/v2\/posts\/14964\/revisions"}],"predecessor-version":[{"id":14979,"href":"https:\/\/www.tribur.de\/blog\/wp-json\/wp\/v2\/posts\/14964\/revisions\/14979"}],"wp:attachment":[{"href":"https:\/\/www.tribur.de\/blog\/wp-json\/wp\/v2\/media?parent=14964"}],"wp:term":[{"taxonomy":"category","embeddable":true,"href":"https:\/\/www.tribur.de\/blog\/wp-json\/wp\/v2\/categories?post=14964"},{"taxonomy":"post_tag","embeddable":true,"href":"https:\/\/www.tribur.de\/blog\/wp-json\/wp\/v2\/tags?post=14964"}],"curies":[{"name":"wp","href":"https:\/\/api.w.org\/{rel}","templated":true}]}}