{"id":14500,"date":"2011-05-12T14:56:46","date_gmt":"2011-05-12T12:56:46","guid":{"rendered":"http:\/\/www.tribur.de\/blog\/?p=14500"},"modified":"2011-05-12T14:56:46","modified_gmt":"2011-05-12T12:56:46","slug":"aus-2-mach-3-friedberg-ulm-und-trebur","status":"publish","type":"post","link":"https:\/\/www.tribur.de\/blog\/2011\/05\/12\/aus-2-mach-3-friedberg-ulm-und-trebur\/","title":{"rendered":"Aus 2 mach 3: Friedberg , Ulm und Trebur"},"content":{"rendered":"<p>Das sich Friedberg und Trebur als staufische Erweiterung, bzw. Gr\u00fcndung darstellen hatte ich ja bereits einmal geschrieben. (<a href=\"https:\/\/www.tribur.de\/blog\/?p=11182\" target=\"_self\">hier<\/a>)<\/p>\n<p>Nun kann ich in diese Liste einen weiteren Ort hinzuf\u00fcgen: Ulm!<\/p>\n<p>Wo sich die karolinigische Ulmer Pfalz befand ist nicht so ganz klar. Bis vor kurzem sah man sie an dem Ort an dem zumindest seit der ottonischen Zeit, aller sp\u00e4testens der Zeit der Staufer, sich die Pfalz befand: \u00a0der Weinhof. Auf die Diskussion , warum , wieso weshalb, will ich garnicht eingehen, geh\u00f6rt hier im Moment nicht hin.<\/p>\n<p>Also, seit der Zeit der Ottonen befand sich also am Weinhof, die Pfalz. Wunderbare leichte Spornlage, auf 2 Seiten Wasser. (schreit f\u00f6rmlich nach Ungarn \ud83d\ude09 ) Das ottonische Ulm wich dann einer staufischen Entwicklung, die sich bis heute in der Stra\u00dfenf\u00fchrung abzeichnet: Eine breite Haupt\/Marktstra\u00dfe, von der im rechten Winkel die Seitenstra\u00dfen abzweigen.<\/p>\n<p><a href=\"https:\/\/i0.wp.com\/www.tribur.de\/blog\/wp-content\/uploads\/2011\/05\/uploadulm.jpg?ssl=1\"><img data-recalc-dims=\"1\" loading=\"lazy\" decoding=\"async\" class=\"alignleft size-full wp-image-14553\" title=\"uploadulm\" src=\"https:\/\/i0.wp.com\/www.tribur.de\/blog\/wp-content\/uploads\/2011\/05\/uploadulm.jpg?resize=400%2C187&#038;ssl=1\" alt=\"\" width=\"400\" height=\"187\" srcset=\"https:\/\/i0.wp.com\/www.tribur.de\/blog\/wp-content\/uploads\/2011\/05\/uploadulm.jpg?w=400&amp;ssl=1 400w, https:\/\/i0.wp.com\/www.tribur.de\/blog\/wp-content\/uploads\/2011\/05\/uploadulm.jpg?resize=300%2C140&amp;ssl=1 300w\" sizes=\"auto, (max-width: 400px) 100vw, 400px\" \/><\/a>Es gibt aber noch eine ganze Menge weiter Orte die nach dem selben Schema in staufischer Zeit erbaut wurden. Den kleinsten Ort in dem Schema den ich fand war \u00fcbrigens Angermund (Nein, nicht Angerm\u00fcnde) , besteht nur aus einer Stra\u00dfe die zur Burg f\u00fchrt.<\/p>\n<p>Und jetzt muss ich mal rumspinnen! Ich lese mich erst in das Thema ein, vor mir liegen mindestens 500 Seiten zu dem Thema, aber eigentlich alle Orte in dieser Art, h\u00e4ngen auch mit dem System der Reichsburgen der Staufer zusammen. Das hei\u00dft beim Umbau des Ortes zur staufischen Stadt, mit breiter Marktstra\u00dfe usw. wurde immer auch die Burganlage errichtet, oder etwa die Pfalz um- und ausgebaut. Was ist wenn in Trebur das selbe geplant war. Die Pfalz wieder reaktivieren und ins Burgensystem der Staufer unter F\u00fchrung der M\u00fcnzenberger gegen die aufstrebenden Katzenelnbogner integrieren? Dann h\u00e4\u00e4te die Verpf\u00e4ndung mal so richtig Sinn gemacht. Die Pfalz ist schon abgetragen, man baut schon an einem Palas, dem Gro\u00dfen Haus, und dann ist alles aus. Die Herrn von Katzenelnbogen bekommen das ding, planen eine eigene Burg, bekommen aber 1259 Dornberg in die Finger und schaffen die Steine \u00fcber den Landgraben nach Dornberg und aus der staufische Traum&#8230; \u00a0w\u00fcrde aber nicht erkl\u00e4ren wi eSt. Alban in den Besitz des Gro\u00dfen Hauses gelanget. Wie gesagt nur rumgesponnen, aber interessant.<\/p>\n<p>Und weil die breite Marktstra\u00dfe ein Anger ist gibts jetzt noch Carl Orffs Lieder aus Benediktbeuren, besser bekannt als Carmina Burana mit dem Tanz aus \u00a0&#8222;Uf dem Anger&#8220; \ud83d\ude09<\/p>\n<p><object classid=\"clsid:d27cdb6e-ae6d-11cf-96b8-444553540000\" width=\"425\" height=\"350\" codebase=\"http:\/\/download.macromedia.com\/pub\/shockwave\/cabs\/flash\/swflash.cab#version=6,0,40,0\"><param name=\"src\" value=\"http:\/\/www.youtube.com\/v\/OSAdjtBcw5k\" \/><\/object><\/p>\n","protected":false},"excerpt":{"rendered":"<p>Das sich Friedberg und Trebur als staufische Erweiterung, bzw. Gr\u00fcndung darstellen hatte ich ja bereits einmal geschrieben. (hier) Nun kann ich in diese Liste einen weiteren Ort hinzuf\u00fcgen: Ulm! Wo sich die karolinigische Ulmer&#46;&#46;&#46;<\/p>\n","protected":false},"author":2,"featured_media":0,"comment_status":"open","ping_status":"open","sticky":false,"template":"","format":"standard","meta":{"jetpack_post_was_ever_published":false,"_jetpack_newsletter_access":"","_jetpack_dont_email_post_to_subs":false,"_jetpack_newsletter_tier_id":0,"_jetpack_memberships_contains_paywalled_content":false,"_jetpack_memberships_contains_paid_content":false,"footnotes":"","jetpack_publicize_message":"","jetpack_publicize_feature_enabled":true,"jetpack_social_post_already_shared":false,"jetpack_social_options":{"image_generator_settings":{"template":"highway","default_image_id":0,"font":"","enabled":false},"version":2}},"categories":[1],"tags":[12,43,35,60,37,16],"class_list":["post-14500","post","type-post","status-publish","format-standard","hentry","category-geschichte","tag-hochmittelalter","tag-kase","tag-pfalz","tag-staufisch","tag-theorie","tag-trebur"],"yoast_head":"<!-- This site is optimized with the Yoast SEO plugin v27.5 - https:\/\/yoast.com\/product\/yoast-seo-wordpress\/ -->\n<title>Aus 2 mach 3: Friedberg , Ulm und Trebur - Tribur.de<\/title>\n<meta name=\"robots\" content=\"index, follow, max-snippet:-1, max-image-preview:large, max-video-preview:-1\" \/>\n<link rel=\"canonical\" href=\"https:\/\/www.tribur.de\/blog\/2011\/05\/12\/aus-2-mach-3-friedberg-ulm-und-trebur\/\" \/>\n<meta property=\"og:locale\" content=\"de_DE\" \/>\n<meta property=\"og:type\" content=\"article\" \/>\n<meta property=\"og:title\" content=\"Aus 2 mach 3: Friedberg , Ulm und Trebur - Tribur.de\" \/>\n<meta property=\"og:description\" content=\"Das sich Friedberg und Trebur als staufische Erweiterung, bzw. Gr\u00fcndung darstellen hatte ich ja bereits einmal geschrieben. (hier) Nun kann ich in diese Liste einen weiteren Ort hinzuf\u00fcgen: Ulm! Wo sich die karolinigische Ulmer&#046;&#046;&#046;\" \/>\n<meta property=\"og:url\" content=\"https:\/\/www.tribur.de\/blog\/2011\/05\/12\/aus-2-mach-3-friedberg-ulm-und-trebur\/\" \/>\n<meta property=\"og:site_name\" content=\"Tribur.de\" \/>\n<meta property=\"article:publisher\" content=\"http:\/\/www.facebook.com\/pages\/Triburde\/184352328288771\" \/>\n<meta property=\"article:author\" content=\"http:\/\/www.facebook.com\/pages\/Triburde\/184352328288771\" \/>\n<meta property=\"article:published_time\" content=\"2011-05-12T12:56:46+00:00\" \/>\n<meta property=\"og:image\" content=\"http:\/\/www.tribur.de\/blog\/wp-content\/uploads\/2011\/05\/uploadulm.jpg\" \/>\n<meta name=\"author\" content=\"Markus Zwittmeier\" \/>\n<meta name=\"twitter:card\" content=\"summary_large_image\" \/>\n<meta name=\"twitter:creator\" content=\"@https:\/\/twitter.com\/tribur\" \/>\n<meta name=\"twitter:site\" content=\"@tribur\" \/>\n<meta name=\"twitter:label1\" content=\"Verfasst von\" \/>\n\t<meta name=\"twitter:data1\" content=\"Markus Zwittmeier\" \/>\n\t<meta name=\"twitter:label2\" content=\"Gesch\u00e4tzte Lesezeit\" \/>\n\t<meta name=\"twitter:data2\" content=\"2\u00a0Minuten\" \/>\n<script type=\"application\/ld+json\" class=\"yoast-schema-graph\">{\"@context\":\"https:\\\/\\\/schema.org\",\"@graph\":[{\"@type\":\"Article\",\"@id\":\"https:\\\/\\\/www.tribur.de\\\/blog\\\/2011\\\/05\\\/12\\\/aus-2-mach-3-friedberg-ulm-und-trebur\\\/#article\",\"isPartOf\":{\"@id\":\"https:\\\/\\\/www.tribur.de\\\/blog\\\/2011\\\/05\\\/12\\\/aus-2-mach-3-friedberg-ulm-und-trebur\\\/\"},\"author\":{\"name\":\"Markus Zwittmeier\",\"@id\":\"https:\\\/\\\/www.tribur.de\\\/blog\\\/#\\\/schema\\\/person\\\/3119997f09f43791809c2d1af27bba6c\"},\"headline\":\"Aus 2 mach 3: Friedberg , Ulm und Trebur\",\"datePublished\":\"2011-05-12T12:56:46+00:00\",\"mainEntityOfPage\":{\"@id\":\"https:\\\/\\\/www.tribur.de\\\/blog\\\/2011\\\/05\\\/12\\\/aus-2-mach-3-friedberg-ulm-und-trebur\\\/\"},\"wordCount\":410,\"commentCount\":2,\"publisher\":{\"@id\":\"https:\\\/\\\/www.tribur.de\\\/blog\\\/#\\\/schema\\\/person\\\/3119997f09f43791809c2d1af27bba6c\"},\"image\":{\"@id\":\"https:\\\/\\\/www.tribur.de\\\/blog\\\/2011\\\/05\\\/12\\\/aus-2-mach-3-friedberg-ulm-und-trebur\\\/#primaryimage\"},\"thumbnailUrl\":\"http:\\\/\\\/www.tribur.de\\\/blog\\\/wp-content\\\/uploads\\\/2011\\\/05\\\/uploadulm.jpg\",\"keywords\":[\"Hochmittelalter\",\"K\u00e4se\",\"Pfalz\",\"staufisch\",\"Theorie\",\"Trebur\\\/Tribur\"],\"articleSection\":[\"Geschichte\"],\"inLanguage\":\"de\",\"potentialAction\":[{\"@type\":\"CommentAction\",\"name\":\"Comment\",\"target\":[\"https:\\\/\\\/www.tribur.de\\\/blog\\\/2011\\\/05\\\/12\\\/aus-2-mach-3-friedberg-ulm-und-trebur\\\/#respond\"]}]},{\"@type\":\"WebPage\",\"@id\":\"https:\\\/\\\/www.tribur.de\\\/blog\\\/2011\\\/05\\\/12\\\/aus-2-mach-3-friedberg-ulm-und-trebur\\\/\",\"url\":\"https:\\\/\\\/www.tribur.de\\\/blog\\\/2011\\\/05\\\/12\\\/aus-2-mach-3-friedberg-ulm-und-trebur\\\/\",\"name\":\"Aus 2 mach 3: Friedberg , Ulm und Trebur - Tribur.de\",\"isPartOf\":{\"@id\":\"https:\\\/\\\/www.tribur.de\\\/blog\\\/#website\"},\"primaryImageOfPage\":{\"@id\":\"https:\\\/\\\/www.tribur.de\\\/blog\\\/2011\\\/05\\\/12\\\/aus-2-mach-3-friedberg-ulm-und-trebur\\\/#primaryimage\"},\"image\":{\"@id\":\"https:\\\/\\\/www.tribur.de\\\/blog\\\/2011\\\/05\\\/12\\\/aus-2-mach-3-friedberg-ulm-und-trebur\\\/#primaryimage\"},\"thumbnailUrl\":\"http:\\\/\\\/www.tribur.de\\\/blog\\\/wp-content\\\/uploads\\\/2011\\\/05\\\/uploadulm.jpg\",\"datePublished\":\"2011-05-12T12:56:46+00:00\",\"breadcrumb\":{\"@id\":\"https:\\\/\\\/www.tribur.de\\\/blog\\\/2011\\\/05\\\/12\\\/aus-2-mach-3-friedberg-ulm-und-trebur\\\/#breadcrumb\"},\"inLanguage\":\"de\",\"potentialAction\":[{\"@type\":\"ReadAction\",\"target\":[\"https:\\\/\\\/www.tribur.de\\\/blog\\\/2011\\\/05\\\/12\\\/aus-2-mach-3-friedberg-ulm-und-trebur\\\/\"]}]},{\"@type\":\"ImageObject\",\"inLanguage\":\"de\",\"@id\":\"https:\\\/\\\/www.tribur.de\\\/blog\\\/2011\\\/05\\\/12\\\/aus-2-mach-3-friedberg-ulm-und-trebur\\\/#primaryimage\",\"url\":\"https:\\\/\\\/i0.wp.com\\\/www.tribur.de\\\/blog\\\/wp-content\\\/uploads\\\/2011\\\/05\\\/uploadulm.jpg?fit=400%2C187&ssl=1\",\"contentUrl\":\"https:\\\/\\\/i0.wp.com\\\/www.tribur.de\\\/blog\\\/wp-content\\\/uploads\\\/2011\\\/05\\\/uploadulm.jpg?fit=400%2C187&ssl=1\",\"width\":\"400\",\"height\":\"187\"},{\"@type\":\"BreadcrumbList\",\"@id\":\"https:\\\/\\\/www.tribur.de\\\/blog\\\/2011\\\/05\\\/12\\\/aus-2-mach-3-friedberg-ulm-und-trebur\\\/#breadcrumb\",\"itemListElement\":[{\"@type\":\"ListItem\",\"position\":1,\"name\":\"Home\",\"item\":\"https:\\\/\\\/www.tribur.de\\\/blog\\\/\"},{\"@type\":\"ListItem\",\"position\":2,\"name\":\"Aus 2 mach 3: Friedberg , Ulm und Trebur\"}]},{\"@type\":\"WebSite\",\"@id\":\"https:\\\/\\\/www.tribur.de\\\/blog\\\/#website\",\"url\":\"https:\\\/\\\/www.tribur.de\\\/blog\\\/\",\"name\":\"Tribur.de\",\"description\":\"Tribur.de - Geschichte und so Zeugs\",\"publisher\":{\"@id\":\"https:\\\/\\\/www.tribur.de\\\/blog\\\/#\\\/schema\\\/person\\\/3119997f09f43791809c2d1af27bba6c\"},\"potentialAction\":[{\"@type\":\"SearchAction\",\"target\":{\"@type\":\"EntryPoint\",\"urlTemplate\":\"https:\\\/\\\/www.tribur.de\\\/blog\\\/?s={search_term_string}\"},\"query-input\":{\"@type\":\"PropertyValueSpecification\",\"valueRequired\":true,\"valueName\":\"search_term_string\"}}],\"inLanguage\":\"de\"},{\"@type\":[\"Person\",\"Organization\"],\"@id\":\"https:\\\/\\\/www.tribur.de\\\/blog\\\/#\\\/schema\\\/person\\\/3119997f09f43791809c2d1af27bba6c\",\"name\":\"Markus Zwittmeier\",\"image\":{\"@type\":\"ImageObject\",\"inLanguage\":\"de\",\"@id\":\"https:\\\/\\\/i0.wp.com\\\/www.tribur.de\\\/blog\\\/wp-content\\\/uploads\\\/2018\\\/09\\\/cropped-logotest-4.jpg?fit=200%2C200&ssl=1\",\"url\":\"https:\\\/\\\/i0.wp.com\\\/www.tribur.de\\\/blog\\\/wp-content\\\/uploads\\\/2018\\\/09\\\/cropped-logotest-4.jpg?fit=200%2C200&ssl=1\",\"contentUrl\":\"https:\\\/\\\/i0.wp.com\\\/www.tribur.de\\\/blog\\\/wp-content\\\/uploads\\\/2018\\\/09\\\/cropped-logotest-4.jpg?fit=200%2C200&ssl=1\",\"width\":200,\"height\":200,\"caption\":\"Markus Zwittmeier\"},\"logo\":{\"@id\":\"https:\\\/\\\/i0.wp.com\\\/www.tribur.de\\\/blog\\\/wp-content\\\/uploads\\\/2018\\\/09\\\/cropped-logotest-4.jpg?fit=200%2C200&ssl=1\"},\"sameAs\":[\"http:\\\/\\\/www.Tribur.de\",\"http:\\\/\\\/www.facebook.com\\\/pages\\\/Triburde\\\/184352328288771\",\"https:\\\/\\\/www.instagram.com\\\/tribur.de\\\/\",\"https:\\\/\\\/x.com\\\/https:\\\/\\\/twitter.com\\\/tribur\",\"https:\\\/\\\/www.youtube.com\\\/channel\\\/UCnEonou-x6_P4XPjBk2htCA\"],\"url\":\"https:\\\/\\\/www.tribur.de\\\/blog\\\/author\\\/markus\\\/\"}]}<\/script>\n<!-- \/ Yoast SEO plugin. -->","yoast_head_json":{"title":"Aus 2 mach 3: Friedberg , Ulm und Trebur - Tribur.de","robots":{"index":"index","follow":"follow","max-snippet":"max-snippet:-1","max-image-preview":"max-image-preview:large","max-video-preview":"max-video-preview:-1"},"canonical":"https:\/\/www.tribur.de\/blog\/2011\/05\/12\/aus-2-mach-3-friedberg-ulm-und-trebur\/","og_locale":"de_DE","og_type":"article","og_title":"Aus 2 mach 3: Friedberg , Ulm und Trebur - Tribur.de","og_description":"Das sich Friedberg und Trebur als staufische Erweiterung, bzw. Gr\u00fcndung darstellen hatte ich ja bereits einmal geschrieben. (hier) Nun kann ich in diese Liste einen weiteren Ort hinzuf\u00fcgen: Ulm! Wo sich die karolinigische Ulmer&#46;&#46;&#46;","og_url":"https:\/\/www.tribur.de\/blog\/2011\/05\/12\/aus-2-mach-3-friedberg-ulm-und-trebur\/","og_site_name":"Tribur.de","article_publisher":"http:\/\/www.facebook.com\/pages\/Triburde\/184352328288771","article_author":"http:\/\/www.facebook.com\/pages\/Triburde\/184352328288771","article_published_time":"2011-05-12T12:56:46+00:00","og_image":[{"url":"http:\/\/www.tribur.de\/blog\/wp-content\/uploads\/2011\/05\/uploadulm.jpg","type":"","width":"","height":""}],"author":"Markus Zwittmeier","twitter_card":"summary_large_image","twitter_creator":"@https:\/\/twitter.com\/tribur","twitter_site":"@tribur","twitter_misc":{"Verfasst von":"Markus Zwittmeier","Gesch\u00e4tzte Lesezeit":"2\u00a0Minuten"},"schema":{"@context":"https:\/\/schema.org","@graph":[{"@type":"Article","@id":"https:\/\/www.tribur.de\/blog\/2011\/05\/12\/aus-2-mach-3-friedberg-ulm-und-trebur\/#article","isPartOf":{"@id":"https:\/\/www.tribur.de\/blog\/2011\/05\/12\/aus-2-mach-3-friedberg-ulm-und-trebur\/"},"author":{"name":"Markus Zwittmeier","@id":"https:\/\/www.tribur.de\/blog\/#\/schema\/person\/3119997f09f43791809c2d1af27bba6c"},"headline":"Aus 2 mach 3: Friedberg , Ulm und Trebur","datePublished":"2011-05-12T12:56:46+00:00","mainEntityOfPage":{"@id":"https:\/\/www.tribur.de\/blog\/2011\/05\/12\/aus-2-mach-3-friedberg-ulm-und-trebur\/"},"wordCount":410,"commentCount":2,"publisher":{"@id":"https:\/\/www.tribur.de\/blog\/#\/schema\/person\/3119997f09f43791809c2d1af27bba6c"},"image":{"@id":"https:\/\/www.tribur.de\/blog\/2011\/05\/12\/aus-2-mach-3-friedberg-ulm-und-trebur\/#primaryimage"},"thumbnailUrl":"http:\/\/www.tribur.de\/blog\/wp-content\/uploads\/2011\/05\/uploadulm.jpg","keywords":["Hochmittelalter","K\u00e4se","Pfalz","staufisch","Theorie","Trebur\/Tribur"],"articleSection":["Geschichte"],"inLanguage":"de","potentialAction":[{"@type":"CommentAction","name":"Comment","target":["https:\/\/www.tribur.de\/blog\/2011\/05\/12\/aus-2-mach-3-friedberg-ulm-und-trebur\/#respond"]}]},{"@type":"WebPage","@id":"https:\/\/www.tribur.de\/blog\/2011\/05\/12\/aus-2-mach-3-friedberg-ulm-und-trebur\/","url":"https:\/\/www.tribur.de\/blog\/2011\/05\/12\/aus-2-mach-3-friedberg-ulm-und-trebur\/","name":"Aus 2 mach 3: Friedberg , Ulm und Trebur - Tribur.de","isPartOf":{"@id":"https:\/\/www.tribur.de\/blog\/#website"},"primaryImageOfPage":{"@id":"https:\/\/www.tribur.de\/blog\/2011\/05\/12\/aus-2-mach-3-friedberg-ulm-und-trebur\/#primaryimage"},"image":{"@id":"https:\/\/www.tribur.de\/blog\/2011\/05\/12\/aus-2-mach-3-friedberg-ulm-und-trebur\/#primaryimage"},"thumbnailUrl":"http:\/\/www.tribur.de\/blog\/wp-content\/uploads\/2011\/05\/uploadulm.jpg","datePublished":"2011-05-12T12:56:46+00:00","breadcrumb":{"@id":"https:\/\/www.tribur.de\/blog\/2011\/05\/12\/aus-2-mach-3-friedberg-ulm-und-trebur\/#breadcrumb"},"inLanguage":"de","potentialAction":[{"@type":"ReadAction","target":["https:\/\/www.tribur.de\/blog\/2011\/05\/12\/aus-2-mach-3-friedberg-ulm-und-trebur\/"]}]},{"@type":"ImageObject","inLanguage":"de","@id":"https:\/\/www.tribur.de\/blog\/2011\/05\/12\/aus-2-mach-3-friedberg-ulm-und-trebur\/#primaryimage","url":"https:\/\/i0.wp.com\/www.tribur.de\/blog\/wp-content\/uploads\/2011\/05\/uploadulm.jpg?fit=400%2C187&ssl=1","contentUrl":"https:\/\/i0.wp.com\/www.tribur.de\/blog\/wp-content\/uploads\/2011\/05\/uploadulm.jpg?fit=400%2C187&ssl=1","width":"400","height":"187"},{"@type":"BreadcrumbList","@id":"https:\/\/www.tribur.de\/blog\/2011\/05\/12\/aus-2-mach-3-friedberg-ulm-und-trebur\/#breadcrumb","itemListElement":[{"@type":"ListItem","position":1,"name":"Home","item":"https:\/\/www.tribur.de\/blog\/"},{"@type":"ListItem","position":2,"name":"Aus 2 mach 3: Friedberg , Ulm und Trebur"}]},{"@type":"WebSite","@id":"https:\/\/www.tribur.de\/blog\/#website","url":"https:\/\/www.tribur.de\/blog\/","name":"Tribur.de","description":"Tribur.de - Geschichte und so Zeugs","publisher":{"@id":"https:\/\/www.tribur.de\/blog\/#\/schema\/person\/3119997f09f43791809c2d1af27bba6c"},"potentialAction":[{"@type":"SearchAction","target":{"@type":"EntryPoint","urlTemplate":"https:\/\/www.tribur.de\/blog\/?s={search_term_string}"},"query-input":{"@type":"PropertyValueSpecification","valueRequired":true,"valueName":"search_term_string"}}],"inLanguage":"de"},{"@type":["Person","Organization"],"@id":"https:\/\/www.tribur.de\/blog\/#\/schema\/person\/3119997f09f43791809c2d1af27bba6c","name":"Markus Zwittmeier","image":{"@type":"ImageObject","inLanguage":"de","@id":"https:\/\/i0.wp.com\/www.tribur.de\/blog\/wp-content\/uploads\/2018\/09\/cropped-logotest-4.jpg?fit=200%2C200&ssl=1","url":"https:\/\/i0.wp.com\/www.tribur.de\/blog\/wp-content\/uploads\/2018\/09\/cropped-logotest-4.jpg?fit=200%2C200&ssl=1","contentUrl":"https:\/\/i0.wp.com\/www.tribur.de\/blog\/wp-content\/uploads\/2018\/09\/cropped-logotest-4.jpg?fit=200%2C200&ssl=1","width":200,"height":200,"caption":"Markus Zwittmeier"},"logo":{"@id":"https:\/\/i0.wp.com\/www.tribur.de\/blog\/wp-content\/uploads\/2018\/09\/cropped-logotest-4.jpg?fit=200%2C200&ssl=1"},"sameAs":["http:\/\/www.Tribur.de","http:\/\/www.facebook.com\/pages\/Triburde\/184352328288771","https:\/\/www.instagram.com\/tribur.de\/","https:\/\/x.com\/https:\/\/twitter.com\/tribur","https:\/\/www.youtube.com\/channel\/UCnEonou-x6_P4XPjBk2htCA"],"url":"https:\/\/www.tribur.de\/blog\/author\/markus\/"}]}},"jetpack_publicize_connections":[],"jetpack_featured_media_url":"","jetpack_shortlink":"https:\/\/wp.me\/p1mHPu-3LS","jetpack_sharing_enabled":true,"_links":{"self":[{"href":"https:\/\/www.tribur.de\/blog\/wp-json\/wp\/v2\/posts\/14500","targetHints":{"allow":["GET"]}}],"collection":[{"href":"https:\/\/www.tribur.de\/blog\/wp-json\/wp\/v2\/posts"}],"about":[{"href":"https:\/\/www.tribur.de\/blog\/wp-json\/wp\/v2\/types\/post"}],"author":[{"embeddable":true,"href":"https:\/\/www.tribur.de\/blog\/wp-json\/wp\/v2\/users\/2"}],"replies":[{"embeddable":true,"href":"https:\/\/www.tribur.de\/blog\/wp-json\/wp\/v2\/comments?post=14500"}],"version-history":[{"count":10,"href":"https:\/\/www.tribur.de\/blog\/wp-json\/wp\/v2\/posts\/14500\/revisions"}],"predecessor-version":[{"id":14569,"href":"https:\/\/www.tribur.de\/blog\/wp-json\/wp\/v2\/posts\/14500\/revisions\/14569"}],"wp:attachment":[{"href":"https:\/\/www.tribur.de\/blog\/wp-json\/wp\/v2\/media?parent=14500"}],"wp:term":[{"taxonomy":"category","embeddable":true,"href":"https:\/\/www.tribur.de\/blog\/wp-json\/wp\/v2\/categories?post=14500"},{"taxonomy":"post_tag","embeddable":true,"href":"https:\/\/www.tribur.de\/blog\/wp-json\/wp\/v2\/tags?post=14500"}],"curies":[{"name":"wp","href":"https:\/\/api.w.org\/{rel}","templated":true}]}}