{"id":1434,"date":"2009-07-29T22:05:57","date_gmt":"2009-07-29T20:05:57","guid":{"rendered":"http:\/\/www.tribur.de\/blog\/?p=1434"},"modified":"2009-07-29T22:05:57","modified_gmt":"2009-07-29T20:05:57","slug":"trebur-in-den-regesten-829","status":"publish","type":"post","link":"https:\/\/www.tribur.de\/blog\/2009\/07\/29\/trebur-in-den-regesten-829\/","title":{"rendered":"Trebur in den Regesten 829"},"content":{"rendered":"<p>Ich hatte ja schon mal angek\u00fcndigt mich mit Trebur in den Regesten auseinander zu setzten und hier der erste Versuch.<\/p>\n<p>Treburs Ersterw\u00e4hnung im Jahr 829 (Regest 872)<\/p>\n<p>11.September 829 Ludwig der Fromme h\u00e4lt sich in Worms auf und best\u00e4tigt der Wormser Kirche die Zollerhebung<\/p>\n<p>14 Oktober 829 Ludwig weilt in Trebur und best\u00e4tigt dort dem Suniefredus die Villa Foncouverte bei Narbonne, die Karl der Gro\u00dfe bereits dem Vater des Suniefredus, Graf Burellus, einst geschenckt hatte.<\/p>\n<p>Danach findet sich Ludwig in Frankfurt zur Herbstjagd, die wohl im Wildbann Dreieich stattfand. Auch Trebur war zu diesem Zeitpunkt f\u00fcr einen Teil des Wilbanns zust\u00e4ndig. Es wird vermutet das Ludwig bereits bevor er in Trebur war, schon mal in Frankfurt war und bei der Jagd in Trebur station machte<br \/>\nTrebur wird in dieser Urkunde als Zeichnungsort genannt und zwar als Triburium palatio regio, also zu diesem Zeitpunkt bereits als Pfalz! Durch diese Bezeichnung ist davon auszugehen das Trebur schon voll ausgebaut war. Michael\u00a0 Gockel bezeichnet die Pfalz in diesem Zusammenhang in Dt. K\u00f6nigspfalzen Band III (S.87) als optime constructae nach dem Brevium Exempla, also in bestm\u00f6glicher Weise aus Stein erbaut und betont das Trebur nicht im Sinne eines Jagdhauses anzusprechen sei. Von daher w\u00e4re davon auszugehen das auch schon vor diesem Zeitpunkt Herrscherbesuche \u00a0stattfanden, \u00a0jedoch sind diese nicht greifbar. Eine Urkunde von 800 mit dem Zeichnungsort Briburium ist eine F\u00e4lschung sp\u00e4terer Zeit, dennoch wird vermutet das Trebur zumindest als K\u00f6nigshof bereits vor der Mitte des 8. Jh. existierte.<br \/>\nTrotz der Erw\u00e4hnung als Palatium wird es in den n\u00e4chsten Jahren erst einmal wieder stiller, aber dazu sp\u00e4ter mehr&#8230;<\/p>\n<p><a href=\"http:\/\/regesten.regesta-imperii.de\/index.php?pk=1948&amp;offset=0&amp;bandanzeige=0&amp;begriffe=&amp;q=SELECT%20DISTINCT%20regest.pk,%20regest.abteilung,%20regest.sortierdatum%20from%20regest,%20%28%20select%20pk%20from%20datum%20where%20normdatum%20like%20%27z1z2z30832z1z2z3%27%20%20%20%29%20pk2%20where%20regest.pk%20=%20pk2.pk%20%20%20ORDER%20BY%20abteilung,%20sortierdatum,%20regest.pk%20LIMIT%20200%20OFFSET%200;&amp;q2=SELECT%20count%28*%29%20from%20regest,%20%28%20select%20pk%20from%20datum%20where%20normdatum%20like%20%27%0832%%27%20%20%20%29%20pk2%20where%20regest.pk%20=%20pk2.pk\" target=\"_blank\">Link zum Regest<\/a><\/p>\n","protected":false},"excerpt":{"rendered":"<p>Ich hatte ja schon mal angek\u00fcndigt mich mit Trebur in den Regesten auseinander zu setzten und hier der erste Versuch. Treburs Ersterw\u00e4hnung im Jahr 829 (Regest 872) 11.September 829 Ludwig der Fromme h\u00e4lt sich&#46;&#46;&#46;<\/p>\n","protected":false},"author":2,"featured_media":0,"comment_status":"open","ping_status":"open","sticky":false,"template":"","format":"standard","meta":{"jetpack_post_was_ever_published":false,"_jetpack_newsletter_access":"","_jetpack_dont_email_post_to_subs":false,"_jetpack_newsletter_tier_id":0,"_jetpack_memberships_contains_paywalled_content":false,"_jetpack_memberships_contains_paid_content":false,"footnotes":"","jetpack_publicize_message":"","jetpack_publicize_feature_enabled":true,"jetpack_social_post_already_shared":false,"jetpack_social_options":{"image_generator_settings":{"template":"highway","default_image_id":0,"font":"","enabled":false},"version":2}},"categories":[1],"tags":[11,32,49,16],"class_list":["post-1434","post","type-post","status-publish","format-standard","hentry","category-geschichte","tag-fruhmittelalter","tag-karolingisch","tag-recherche","tag-trebur"],"yoast_head":"<!-- This site is optimized with the Yoast SEO plugin v27.5 - https:\/\/yoast.com\/product\/yoast-seo-wordpress\/ -->\n<title>Trebur in den Regesten 829 - Tribur.de<\/title>\n<meta name=\"robots\" content=\"index, follow, max-snippet:-1, max-image-preview:large, max-video-preview:-1\" \/>\n<link rel=\"canonical\" href=\"https:\/\/www.tribur.de\/blog\/2009\/07\/29\/trebur-in-den-regesten-829\/\" \/>\n<meta property=\"og:locale\" content=\"de_DE\" \/>\n<meta property=\"og:type\" content=\"article\" \/>\n<meta property=\"og:title\" content=\"Trebur in den Regesten 829 - Tribur.de\" \/>\n<meta property=\"og:description\" content=\"Ich hatte ja schon mal angek\u00fcndigt mich mit Trebur in den Regesten auseinander zu setzten und hier der erste Versuch. Treburs Ersterw\u00e4hnung im Jahr 829 (Regest 872) 11.September 829 Ludwig der Fromme h\u00e4lt sich&#046;&#046;&#046;\" \/>\n<meta property=\"og:url\" content=\"https:\/\/www.tribur.de\/blog\/2009\/07\/29\/trebur-in-den-regesten-829\/\" \/>\n<meta property=\"og:site_name\" content=\"Tribur.de\" \/>\n<meta property=\"article:publisher\" content=\"http:\/\/www.facebook.com\/pages\/Triburde\/184352328288771\" \/>\n<meta property=\"article:author\" content=\"http:\/\/www.facebook.com\/pages\/Triburde\/184352328288771\" \/>\n<meta property=\"article:published_time\" content=\"2009-07-29T20:05:57+00:00\" \/>\n<meta property=\"og:image\" content=\"https:\/\/i0.wp.com\/www.tribur.de\/blog\/wp-content\/uploads\/2018\/09\/cropped-logotest-2.jpg?fit=200%2C200&ssl=1\" \/>\n\t<meta property=\"og:image:width\" content=\"200\" \/>\n\t<meta property=\"og:image:height\" content=\"200\" \/>\n\t<meta property=\"og:image:type\" content=\"image\/jpeg\" \/>\n<meta name=\"author\" content=\"Markus Zwittmeier\" \/>\n<meta name=\"twitter:card\" content=\"summary_large_image\" \/>\n<meta name=\"twitter:creator\" content=\"@https:\/\/twitter.com\/tribur\" \/>\n<meta name=\"twitter:site\" content=\"@tribur\" \/>\n<meta name=\"twitter:label1\" content=\"Verfasst von\" \/>\n\t<meta name=\"twitter:data1\" content=\"Markus Zwittmeier\" \/>\n\t<meta name=\"twitter:label2\" content=\"Gesch\u00e4tzte Lesezeit\" \/>\n\t<meta name=\"twitter:data2\" content=\"1\u00a0Minute\" \/>\n<script type=\"application\/ld+json\" class=\"yoast-schema-graph\">{\"@context\":\"https:\\\/\\\/schema.org\",\"@graph\":[{\"@type\":\"Article\",\"@id\":\"https:\\\/\\\/www.tribur.de\\\/blog\\\/2009\\\/07\\\/29\\\/trebur-in-den-regesten-829\\\/#article\",\"isPartOf\":{\"@id\":\"https:\\\/\\\/www.tribur.de\\\/blog\\\/2009\\\/07\\\/29\\\/trebur-in-den-regesten-829\\\/\"},\"author\":{\"name\":\"Markus Zwittmeier\",\"@id\":\"https:\\\/\\\/www.tribur.de\\\/blog\\\/#\\\/schema\\\/person\\\/3119997f09f43791809c2d1af27bba6c\"},\"headline\":\"Trebur in den Regesten 829\",\"datePublished\":\"2009-07-29T20:05:57+00:00\",\"mainEntityOfPage\":{\"@id\":\"https:\\\/\\\/www.tribur.de\\\/blog\\\/2009\\\/07\\\/29\\\/trebur-in-den-regesten-829\\\/\"},\"wordCount\":280,\"commentCount\":0,\"publisher\":{\"@id\":\"https:\\\/\\\/www.tribur.de\\\/blog\\\/#\\\/schema\\\/person\\\/3119997f09f43791809c2d1af27bba6c\"},\"keywords\":[\"Fr\u00fchmittelalter\",\"karolingisch\",\"Recherche\",\"Trebur\\\/Tribur\"],\"articleSection\":[\"Geschichte\"],\"inLanguage\":\"de\",\"potentialAction\":[{\"@type\":\"CommentAction\",\"name\":\"Comment\",\"target\":[\"https:\\\/\\\/www.tribur.de\\\/blog\\\/2009\\\/07\\\/29\\\/trebur-in-den-regesten-829\\\/#respond\"]}]},{\"@type\":\"WebPage\",\"@id\":\"https:\\\/\\\/www.tribur.de\\\/blog\\\/2009\\\/07\\\/29\\\/trebur-in-den-regesten-829\\\/\",\"url\":\"https:\\\/\\\/www.tribur.de\\\/blog\\\/2009\\\/07\\\/29\\\/trebur-in-den-regesten-829\\\/\",\"name\":\"Trebur in den Regesten 829 - Tribur.de\",\"isPartOf\":{\"@id\":\"https:\\\/\\\/www.tribur.de\\\/blog\\\/#website\"},\"datePublished\":\"2009-07-29T20:05:57+00:00\",\"breadcrumb\":{\"@id\":\"https:\\\/\\\/www.tribur.de\\\/blog\\\/2009\\\/07\\\/29\\\/trebur-in-den-regesten-829\\\/#breadcrumb\"},\"inLanguage\":\"de\",\"potentialAction\":[{\"@type\":\"ReadAction\",\"target\":[\"https:\\\/\\\/www.tribur.de\\\/blog\\\/2009\\\/07\\\/29\\\/trebur-in-den-regesten-829\\\/\"]}]},{\"@type\":\"BreadcrumbList\",\"@id\":\"https:\\\/\\\/www.tribur.de\\\/blog\\\/2009\\\/07\\\/29\\\/trebur-in-den-regesten-829\\\/#breadcrumb\",\"itemListElement\":[{\"@type\":\"ListItem\",\"position\":1,\"name\":\"Home\",\"item\":\"https:\\\/\\\/www.tribur.de\\\/blog\\\/\"},{\"@type\":\"ListItem\",\"position\":2,\"name\":\"Trebur in den Regesten 829\"}]},{\"@type\":\"WebSite\",\"@id\":\"https:\\\/\\\/www.tribur.de\\\/blog\\\/#website\",\"url\":\"https:\\\/\\\/www.tribur.de\\\/blog\\\/\",\"name\":\"Tribur.de\",\"description\":\"Tribur.de - Geschichte und so Zeugs\",\"publisher\":{\"@id\":\"https:\\\/\\\/www.tribur.de\\\/blog\\\/#\\\/schema\\\/person\\\/3119997f09f43791809c2d1af27bba6c\"},\"potentialAction\":[{\"@type\":\"SearchAction\",\"target\":{\"@type\":\"EntryPoint\",\"urlTemplate\":\"https:\\\/\\\/www.tribur.de\\\/blog\\\/?s={search_term_string}\"},\"query-input\":{\"@type\":\"PropertyValueSpecification\",\"valueRequired\":true,\"valueName\":\"search_term_string\"}}],\"inLanguage\":\"de\"},{\"@type\":[\"Person\",\"Organization\"],\"@id\":\"https:\\\/\\\/www.tribur.de\\\/blog\\\/#\\\/schema\\\/person\\\/3119997f09f43791809c2d1af27bba6c\",\"name\":\"Markus Zwittmeier\",\"image\":{\"@type\":\"ImageObject\",\"inLanguage\":\"de\",\"@id\":\"https:\\\/\\\/i0.wp.com\\\/www.tribur.de\\\/blog\\\/wp-content\\\/uploads\\\/2018\\\/09\\\/cropped-logotest-4.jpg?fit=200%2C200&ssl=1\",\"url\":\"https:\\\/\\\/i0.wp.com\\\/www.tribur.de\\\/blog\\\/wp-content\\\/uploads\\\/2018\\\/09\\\/cropped-logotest-4.jpg?fit=200%2C200&ssl=1\",\"contentUrl\":\"https:\\\/\\\/i0.wp.com\\\/www.tribur.de\\\/blog\\\/wp-content\\\/uploads\\\/2018\\\/09\\\/cropped-logotest-4.jpg?fit=200%2C200&ssl=1\",\"width\":200,\"height\":200,\"caption\":\"Markus Zwittmeier\"},\"logo\":{\"@id\":\"https:\\\/\\\/i0.wp.com\\\/www.tribur.de\\\/blog\\\/wp-content\\\/uploads\\\/2018\\\/09\\\/cropped-logotest-4.jpg?fit=200%2C200&ssl=1\"},\"sameAs\":[\"http:\\\/\\\/www.Tribur.de\",\"http:\\\/\\\/www.facebook.com\\\/pages\\\/Triburde\\\/184352328288771\",\"https:\\\/\\\/www.instagram.com\\\/tribur.de\\\/\",\"https:\\\/\\\/x.com\\\/https:\\\/\\\/twitter.com\\\/tribur\",\"https:\\\/\\\/www.youtube.com\\\/channel\\\/UCnEonou-x6_P4XPjBk2htCA\"],\"url\":\"https:\\\/\\\/www.tribur.de\\\/blog\\\/author\\\/markus\\\/\"}]}<\/script>\n<!-- \/ Yoast SEO plugin. -->","yoast_head_json":{"title":"Trebur in den Regesten 829 - Tribur.de","robots":{"index":"index","follow":"follow","max-snippet":"max-snippet:-1","max-image-preview":"max-image-preview:large","max-video-preview":"max-video-preview:-1"},"canonical":"https:\/\/www.tribur.de\/blog\/2009\/07\/29\/trebur-in-den-regesten-829\/","og_locale":"de_DE","og_type":"article","og_title":"Trebur in den Regesten 829 - Tribur.de","og_description":"Ich hatte ja schon mal angek\u00fcndigt mich mit Trebur in den Regesten auseinander zu setzten und hier der erste Versuch. Treburs Ersterw\u00e4hnung im Jahr 829 (Regest 872) 11.September 829 Ludwig der Fromme h\u00e4lt sich&#46;&#46;&#46;","og_url":"https:\/\/www.tribur.de\/blog\/2009\/07\/29\/trebur-in-den-regesten-829\/","og_site_name":"Tribur.de","article_publisher":"http:\/\/www.facebook.com\/pages\/Triburde\/184352328288771","article_author":"http:\/\/www.facebook.com\/pages\/Triburde\/184352328288771","article_published_time":"2009-07-29T20:05:57+00:00","og_image":[{"width":200,"height":200,"url":"https:\/\/i0.wp.com\/www.tribur.de\/blog\/wp-content\/uploads\/2018\/09\/cropped-logotest-2.jpg?fit=200%2C200&ssl=1","type":"image\/jpeg"}],"author":"Markus Zwittmeier","twitter_card":"summary_large_image","twitter_creator":"@https:\/\/twitter.com\/tribur","twitter_site":"@tribur","twitter_misc":{"Verfasst von":"Markus Zwittmeier","Gesch\u00e4tzte Lesezeit":"1\u00a0Minute"},"schema":{"@context":"https:\/\/schema.org","@graph":[{"@type":"Article","@id":"https:\/\/www.tribur.de\/blog\/2009\/07\/29\/trebur-in-den-regesten-829\/#article","isPartOf":{"@id":"https:\/\/www.tribur.de\/blog\/2009\/07\/29\/trebur-in-den-regesten-829\/"},"author":{"name":"Markus Zwittmeier","@id":"https:\/\/www.tribur.de\/blog\/#\/schema\/person\/3119997f09f43791809c2d1af27bba6c"},"headline":"Trebur in den Regesten 829","datePublished":"2009-07-29T20:05:57+00:00","mainEntityOfPage":{"@id":"https:\/\/www.tribur.de\/blog\/2009\/07\/29\/trebur-in-den-regesten-829\/"},"wordCount":280,"commentCount":0,"publisher":{"@id":"https:\/\/www.tribur.de\/blog\/#\/schema\/person\/3119997f09f43791809c2d1af27bba6c"},"keywords":["Fr\u00fchmittelalter","karolingisch","Recherche","Trebur\/Tribur"],"articleSection":["Geschichte"],"inLanguage":"de","potentialAction":[{"@type":"CommentAction","name":"Comment","target":["https:\/\/www.tribur.de\/blog\/2009\/07\/29\/trebur-in-den-regesten-829\/#respond"]}]},{"@type":"WebPage","@id":"https:\/\/www.tribur.de\/blog\/2009\/07\/29\/trebur-in-den-regesten-829\/","url":"https:\/\/www.tribur.de\/blog\/2009\/07\/29\/trebur-in-den-regesten-829\/","name":"Trebur in den Regesten 829 - Tribur.de","isPartOf":{"@id":"https:\/\/www.tribur.de\/blog\/#website"},"datePublished":"2009-07-29T20:05:57+00:00","breadcrumb":{"@id":"https:\/\/www.tribur.de\/blog\/2009\/07\/29\/trebur-in-den-regesten-829\/#breadcrumb"},"inLanguage":"de","potentialAction":[{"@type":"ReadAction","target":["https:\/\/www.tribur.de\/blog\/2009\/07\/29\/trebur-in-den-regesten-829\/"]}]},{"@type":"BreadcrumbList","@id":"https:\/\/www.tribur.de\/blog\/2009\/07\/29\/trebur-in-den-regesten-829\/#breadcrumb","itemListElement":[{"@type":"ListItem","position":1,"name":"Home","item":"https:\/\/www.tribur.de\/blog\/"},{"@type":"ListItem","position":2,"name":"Trebur in den Regesten 829"}]},{"@type":"WebSite","@id":"https:\/\/www.tribur.de\/blog\/#website","url":"https:\/\/www.tribur.de\/blog\/","name":"Tribur.de","description":"Tribur.de - Geschichte und so Zeugs","publisher":{"@id":"https:\/\/www.tribur.de\/blog\/#\/schema\/person\/3119997f09f43791809c2d1af27bba6c"},"potentialAction":[{"@type":"SearchAction","target":{"@type":"EntryPoint","urlTemplate":"https:\/\/www.tribur.de\/blog\/?s={search_term_string}"},"query-input":{"@type":"PropertyValueSpecification","valueRequired":true,"valueName":"search_term_string"}}],"inLanguage":"de"},{"@type":["Person","Organization"],"@id":"https:\/\/www.tribur.de\/blog\/#\/schema\/person\/3119997f09f43791809c2d1af27bba6c","name":"Markus Zwittmeier","image":{"@type":"ImageObject","inLanguage":"de","@id":"https:\/\/i0.wp.com\/www.tribur.de\/blog\/wp-content\/uploads\/2018\/09\/cropped-logotest-4.jpg?fit=200%2C200&ssl=1","url":"https:\/\/i0.wp.com\/www.tribur.de\/blog\/wp-content\/uploads\/2018\/09\/cropped-logotest-4.jpg?fit=200%2C200&ssl=1","contentUrl":"https:\/\/i0.wp.com\/www.tribur.de\/blog\/wp-content\/uploads\/2018\/09\/cropped-logotest-4.jpg?fit=200%2C200&ssl=1","width":200,"height":200,"caption":"Markus Zwittmeier"},"logo":{"@id":"https:\/\/i0.wp.com\/www.tribur.de\/blog\/wp-content\/uploads\/2018\/09\/cropped-logotest-4.jpg?fit=200%2C200&ssl=1"},"sameAs":["http:\/\/www.Tribur.de","http:\/\/www.facebook.com\/pages\/Triburde\/184352328288771","https:\/\/www.instagram.com\/tribur.de\/","https:\/\/x.com\/https:\/\/twitter.com\/tribur","https:\/\/www.youtube.com\/channel\/UCnEonou-x6_P4XPjBk2htCA"],"url":"https:\/\/www.tribur.de\/blog\/author\/markus\/"}]}},"jetpack_publicize_connections":[],"jetpack_featured_media_url":"","jetpack_shortlink":"https:\/\/wp.me\/p1mHPu-n8","jetpack_sharing_enabled":true,"_links":{"self":[{"href":"https:\/\/www.tribur.de\/blog\/wp-json\/wp\/v2\/posts\/1434","targetHints":{"allow":["GET"]}}],"collection":[{"href":"https:\/\/www.tribur.de\/blog\/wp-json\/wp\/v2\/posts"}],"about":[{"href":"https:\/\/www.tribur.de\/blog\/wp-json\/wp\/v2\/types\/post"}],"author":[{"embeddable":true,"href":"https:\/\/www.tribur.de\/blog\/wp-json\/wp\/v2\/users\/2"}],"replies":[{"embeddable":true,"href":"https:\/\/www.tribur.de\/blog\/wp-json\/wp\/v2\/comments?post=1434"}],"version-history":[{"count":9,"href":"https:\/\/www.tribur.de\/blog\/wp-json\/wp\/v2\/posts\/1434\/revisions"}],"predecessor-version":[{"id":1446,"href":"https:\/\/www.tribur.de\/blog\/wp-json\/wp\/v2\/posts\/1434\/revisions\/1446"}],"wp:attachment":[{"href":"https:\/\/www.tribur.de\/blog\/wp-json\/wp\/v2\/media?parent=1434"}],"wp:term":[{"taxonomy":"category","embeddable":true,"href":"https:\/\/www.tribur.de\/blog\/wp-json\/wp\/v2\/categories?post=1434"},{"taxonomy":"post_tag","embeddable":true,"href":"https:\/\/www.tribur.de\/blog\/wp-json\/wp\/v2\/tags?post=1434"}],"curies":[{"name":"wp","href":"https:\/\/api.w.org\/{rel}","templated":true}]}}