{"id":13836,"date":"2011-04-05T19:37:45","date_gmt":"2011-04-05T17:37:45","guid":{"rendered":"http:\/\/www.tribur.de\/blog\/?p=13836"},"modified":"2011-04-05T19:37:45","modified_gmt":"2011-04-05T17:37:45","slug":"archaonews-05-04-2011-pfalz-bodman-frankfurter-kelten-und-jungsteinzeitliches-massengrab","status":"publish","type":"post","link":"https:\/\/www.tribur.de\/blog\/2011\/04\/05\/archaonews-05-04-2011-pfalz-bodman-frankfurter-kelten-und-jungsteinzeitliches-massengrab\/","title":{"rendered":"Arch\u00e4onews 05.04.2011 Pfalz Bodman, Frankfurter Kelten und jungsteinzeitliches Massengrab"},"content":{"rendered":"<ul>\n<li>Bodman mit seiner Pfalz m\u00f6chte den Tourismus f\u00f6rdern, schreibt der<a href=\"http:\/\/www.suedkurier.de\/region\/kreis-konstanz\/bodman-ludwigshafen\/Tourismus-hat-eifrige-Helfer;art372434,4814349\" target=\"_blank\"> S\u00fcdkurier<\/a><\/li>\n<li>\u00dcber die Grabungen in der Ankumer Kirchenburg, die man jetzt im Netz mitverfolgen kann, schreibt die <a href=\"http:\/\/www.noz.de\/lokales\/53226452\/ankumer-grabungen-im-internet-mitverfolgen\" target=\"_blank\">Osnabr\u00fccker Zeitung<\/a><\/li>\n<li>\u00dcber die Notgrabung in einem Frankfurter Keltengrab schreibt die <a href=\"http:\/\/www.fr-online.de\/frankfurt\/den-kelten-auf-der-spur\/-\/1472798\/8300054\/-\/index.html\" target=\"_blank\">Frankfurter Rundschau<\/a><\/li>\n<li>Der <a href=\"http:\/\/www.hr-online.de\/website\/rubriken\/kultur\/index.jsp?rubrik=5986&amp;key=standard_document_41199433\" target=\"_blank\">HR<\/a> schreibt \u00fcber das jungsteinzeitliche Massengrab von Talheim als Kriminalfall<\/li>\n<li>\u00dcber die kulturhistorische Route Br\u00fcggen\/Beesel und die R\u00f6mer schreibt <a href=\"http:\/\/www.rp-online.de\/niederrheinsued\/viersen\/nachrichten\/viersen\/Wo-die-alten-Roemer-zogen_aid_983765.html\" target=\"_blank\">RPonline<\/a><\/li>\n<\/ul>\n","protected":false},"excerpt":{"rendered":"<p>Bodman mit seiner Pfalz m\u00f6chte den Tourismus f\u00f6rdern, schreibt der S\u00fcdkurier \u00dcber die Grabungen in der Ankumer Kirchenburg, die man jetzt im Netz mitverfolgen kann, schreibt die Osnabr\u00fccker Zeitung \u00dcber die Notgrabung in einem&#46;&#46;&#46;<\/p>\n","protected":false},"author":2,"featured_media":0,"comment_status":"open","ping_status":"open","sticky":false,"template":"","format":"standard","meta":{"jetpack_post_was_ever_published":false,"_jetpack_newsletter_access":"","_jetpack_dont_email_post_to_subs":false,"_jetpack_newsletter_tier_id":0,"_jetpack_memberships_contains_paywalled_content":false,"_jetpack_memberships_contains_paid_content":false,"footnotes":"","jetpack_publicize_message":"","jetpack_publicize_feature_enabled":true,"jetpack_social_post_already_shared":false,"jetpack_social_options":{"image_generator_settings":{"template":"highway","default_image_id":0,"font":"","enabled":false},"version":2}},"categories":[1,56],"tags":[],"class_list":["post-13836","post","type-post","status-publish","format-standard","hentry","category-geschichte","category-links"],"yoast_head":"<!-- This site is optimized with the Yoast SEO plugin v27.5 - https:\/\/yoast.com\/product\/yoast-seo-wordpress\/ -->\n<title>Arch\u00e4onews 05.04.2011 Pfalz Bodman, Frankfurter Kelten und jungsteinzeitliches Massengrab - Tribur.de<\/title>\n<meta name=\"robots\" content=\"index, follow, max-snippet:-1, max-image-preview:large, max-video-preview:-1\" \/>\n<link rel=\"canonical\" href=\"https:\/\/www.tribur.de\/blog\/2011\/04\/05\/archaonews-05-04-2011-pfalz-bodman-frankfurter-kelten-und-jungsteinzeitliches-massengrab\/\" \/>\n<meta property=\"og:locale\" content=\"de_DE\" \/>\n<meta property=\"og:type\" content=\"article\" \/>\n<meta property=\"og:title\" content=\"Arch\u00e4onews 05.04.2011 Pfalz Bodman, Frankfurter Kelten und jungsteinzeitliches Massengrab - Tribur.de\" \/>\n<meta property=\"og:description\" content=\"Bodman mit seiner Pfalz m\u00f6chte den Tourismus f\u00f6rdern, schreibt der S\u00fcdkurier \u00dcber die Grabungen in der Ankumer Kirchenburg, die man jetzt im Netz mitverfolgen kann, schreibt die Osnabr\u00fccker Zeitung \u00dcber die Notgrabung in einem&#046;&#046;&#046;\" \/>\n<meta property=\"og:url\" content=\"https:\/\/www.tribur.de\/blog\/2011\/04\/05\/archaonews-05-04-2011-pfalz-bodman-frankfurter-kelten-und-jungsteinzeitliches-massengrab\/\" \/>\n<meta property=\"og:site_name\" content=\"Tribur.de\" \/>\n<meta property=\"article:publisher\" content=\"http:\/\/www.facebook.com\/pages\/Triburde\/184352328288771\" \/>\n<meta property=\"article:author\" content=\"http:\/\/www.facebook.com\/pages\/Triburde\/184352328288771\" \/>\n<meta property=\"article:published_time\" content=\"2011-04-05T17:37:45+00:00\" \/>\n<meta property=\"og:image\" content=\"https:\/\/i0.wp.com\/www.tribur.de\/blog\/wp-content\/uploads\/2018\/09\/cropped-logotest-2.jpg?fit=200%2C200&ssl=1\" \/>\n\t<meta property=\"og:image:width\" content=\"200\" \/>\n\t<meta property=\"og:image:height\" content=\"200\" \/>\n\t<meta property=\"og:image:type\" content=\"image\/jpeg\" \/>\n<meta name=\"author\" content=\"Markus Zwittmeier\" \/>\n<meta name=\"twitter:card\" content=\"summary_large_image\" \/>\n<meta name=\"twitter:creator\" content=\"@https:\/\/twitter.com\/tribur\" \/>\n<meta name=\"twitter:site\" content=\"@tribur\" \/>\n<meta name=\"twitter:label1\" content=\"Verfasst von\" \/>\n\t<meta name=\"twitter:data1\" content=\"Markus Zwittmeier\" \/>\n<script type=\"application\/ld+json\" class=\"yoast-schema-graph\">{\"@context\":\"https:\\\/\\\/schema.org\",\"@graph\":[{\"@type\":\"Article\",\"@id\":\"https:\\\/\\\/www.tribur.de\\\/blog\\\/2011\\\/04\\\/05\\\/archaonews-05-04-2011-pfalz-bodman-frankfurter-kelten-und-jungsteinzeitliches-massengrab\\\/#article\",\"isPartOf\":{\"@id\":\"https:\\\/\\\/www.tribur.de\\\/blog\\\/2011\\\/04\\\/05\\\/archaonews-05-04-2011-pfalz-bodman-frankfurter-kelten-und-jungsteinzeitliches-massengrab\\\/\"},\"author\":{\"name\":\"Markus Zwittmeier\",\"@id\":\"https:\\\/\\\/www.tribur.de\\\/blog\\\/#\\\/schema\\\/person\\\/3119997f09f43791809c2d1af27bba6c\"},\"headline\":\"Arch\u00e4onews 05.04.2011 Pfalz Bodman, Frankfurter Kelten und jungsteinzeitliches Massengrab\",\"datePublished\":\"2011-04-05T17:37:45+00:00\",\"mainEntityOfPage\":{\"@id\":\"https:\\\/\\\/www.tribur.de\\\/blog\\\/2011\\\/04\\\/05\\\/archaonews-05-04-2011-pfalz-bodman-frankfurter-kelten-und-jungsteinzeitliches-massengrab\\\/\"},\"wordCount\":77,\"commentCount\":0,\"publisher\":{\"@id\":\"https:\\\/\\\/www.tribur.de\\\/blog\\\/#\\\/schema\\\/person\\\/3119997f09f43791809c2d1af27bba6c\"},\"articleSection\":[\"Geschichte\",\"Links\"],\"inLanguage\":\"de\",\"potentialAction\":[{\"@type\":\"CommentAction\",\"name\":\"Comment\",\"target\":[\"https:\\\/\\\/www.tribur.de\\\/blog\\\/2011\\\/04\\\/05\\\/archaonews-05-04-2011-pfalz-bodman-frankfurter-kelten-und-jungsteinzeitliches-massengrab\\\/#respond\"]}]},{\"@type\":\"WebPage\",\"@id\":\"https:\\\/\\\/www.tribur.de\\\/blog\\\/2011\\\/04\\\/05\\\/archaonews-05-04-2011-pfalz-bodman-frankfurter-kelten-und-jungsteinzeitliches-massengrab\\\/\",\"url\":\"https:\\\/\\\/www.tribur.de\\\/blog\\\/2011\\\/04\\\/05\\\/archaonews-05-04-2011-pfalz-bodman-frankfurter-kelten-und-jungsteinzeitliches-massengrab\\\/\",\"name\":\"Arch\u00e4onews 05.04.2011 Pfalz Bodman, Frankfurter Kelten und jungsteinzeitliches Massengrab - Tribur.de\",\"isPartOf\":{\"@id\":\"https:\\\/\\\/www.tribur.de\\\/blog\\\/#website\"},\"datePublished\":\"2011-04-05T17:37:45+00:00\",\"breadcrumb\":{\"@id\":\"https:\\\/\\\/www.tribur.de\\\/blog\\\/2011\\\/04\\\/05\\\/archaonews-05-04-2011-pfalz-bodman-frankfurter-kelten-und-jungsteinzeitliches-massengrab\\\/#breadcrumb\"},\"inLanguage\":\"de\",\"potentialAction\":[{\"@type\":\"ReadAction\",\"target\":[\"https:\\\/\\\/www.tribur.de\\\/blog\\\/2011\\\/04\\\/05\\\/archaonews-05-04-2011-pfalz-bodman-frankfurter-kelten-und-jungsteinzeitliches-massengrab\\\/\"]}]},{\"@type\":\"BreadcrumbList\",\"@id\":\"https:\\\/\\\/www.tribur.de\\\/blog\\\/2011\\\/04\\\/05\\\/archaonews-05-04-2011-pfalz-bodman-frankfurter-kelten-und-jungsteinzeitliches-massengrab\\\/#breadcrumb\",\"itemListElement\":[{\"@type\":\"ListItem\",\"position\":1,\"name\":\"Home\",\"item\":\"https:\\\/\\\/www.tribur.de\\\/blog\\\/\"},{\"@type\":\"ListItem\",\"position\":2,\"name\":\"Arch\u00e4onews 05.04.2011 Pfalz Bodman, Frankfurter Kelten und jungsteinzeitliches Massengrab\"}]},{\"@type\":\"WebSite\",\"@id\":\"https:\\\/\\\/www.tribur.de\\\/blog\\\/#website\",\"url\":\"https:\\\/\\\/www.tribur.de\\\/blog\\\/\",\"name\":\"Tribur.de\",\"description\":\"Tribur.de - Geschichte und so Zeugs\",\"publisher\":{\"@id\":\"https:\\\/\\\/www.tribur.de\\\/blog\\\/#\\\/schema\\\/person\\\/3119997f09f43791809c2d1af27bba6c\"},\"potentialAction\":[{\"@type\":\"SearchAction\",\"target\":{\"@type\":\"EntryPoint\",\"urlTemplate\":\"https:\\\/\\\/www.tribur.de\\\/blog\\\/?s={search_term_string}\"},\"query-input\":{\"@type\":\"PropertyValueSpecification\",\"valueRequired\":true,\"valueName\":\"search_term_string\"}}],\"inLanguage\":\"de\"},{\"@type\":[\"Person\",\"Organization\"],\"@id\":\"https:\\\/\\\/www.tribur.de\\\/blog\\\/#\\\/schema\\\/person\\\/3119997f09f43791809c2d1af27bba6c\",\"name\":\"Markus Zwittmeier\",\"image\":{\"@type\":\"ImageObject\",\"inLanguage\":\"de\",\"@id\":\"https:\\\/\\\/i0.wp.com\\\/www.tribur.de\\\/blog\\\/wp-content\\\/uploads\\\/2018\\\/09\\\/cropped-logotest-4.jpg?fit=200%2C200&ssl=1\",\"url\":\"https:\\\/\\\/i0.wp.com\\\/www.tribur.de\\\/blog\\\/wp-content\\\/uploads\\\/2018\\\/09\\\/cropped-logotest-4.jpg?fit=200%2C200&ssl=1\",\"contentUrl\":\"https:\\\/\\\/i0.wp.com\\\/www.tribur.de\\\/blog\\\/wp-content\\\/uploads\\\/2018\\\/09\\\/cropped-logotest-4.jpg?fit=200%2C200&ssl=1\",\"width\":200,\"height\":200,\"caption\":\"Markus Zwittmeier\"},\"logo\":{\"@id\":\"https:\\\/\\\/i0.wp.com\\\/www.tribur.de\\\/blog\\\/wp-content\\\/uploads\\\/2018\\\/09\\\/cropped-logotest-4.jpg?fit=200%2C200&ssl=1\"},\"sameAs\":[\"http:\\\/\\\/www.Tribur.de\",\"http:\\\/\\\/www.facebook.com\\\/pages\\\/Triburde\\\/184352328288771\",\"https:\\\/\\\/www.instagram.com\\\/tribur.de\\\/\",\"https:\\\/\\\/x.com\\\/https:\\\/\\\/twitter.com\\\/tribur\",\"https:\\\/\\\/www.youtube.com\\\/channel\\\/UCnEonou-x6_P4XPjBk2htCA\"],\"url\":\"https:\\\/\\\/www.tribur.de\\\/blog\\\/author\\\/markus\\\/\"}]}<\/script>\n<!-- \/ Yoast SEO plugin. -->","yoast_head_json":{"title":"Arch\u00e4onews 05.04.2011 Pfalz Bodman, Frankfurter Kelten und jungsteinzeitliches Massengrab - Tribur.de","robots":{"index":"index","follow":"follow","max-snippet":"max-snippet:-1","max-image-preview":"max-image-preview:large","max-video-preview":"max-video-preview:-1"},"canonical":"https:\/\/www.tribur.de\/blog\/2011\/04\/05\/archaonews-05-04-2011-pfalz-bodman-frankfurter-kelten-und-jungsteinzeitliches-massengrab\/","og_locale":"de_DE","og_type":"article","og_title":"Arch\u00e4onews 05.04.2011 Pfalz Bodman, Frankfurter Kelten und jungsteinzeitliches Massengrab - Tribur.de","og_description":"Bodman mit seiner Pfalz m\u00f6chte den Tourismus f\u00f6rdern, schreibt der S\u00fcdkurier \u00dcber die Grabungen in der Ankumer Kirchenburg, die man jetzt im Netz mitverfolgen kann, schreibt die Osnabr\u00fccker Zeitung \u00dcber die Notgrabung in einem&#46;&#46;&#46;","og_url":"https:\/\/www.tribur.de\/blog\/2011\/04\/05\/archaonews-05-04-2011-pfalz-bodman-frankfurter-kelten-und-jungsteinzeitliches-massengrab\/","og_site_name":"Tribur.de","article_publisher":"http:\/\/www.facebook.com\/pages\/Triburde\/184352328288771","article_author":"http:\/\/www.facebook.com\/pages\/Triburde\/184352328288771","article_published_time":"2011-04-05T17:37:45+00:00","og_image":[{"width":200,"height":200,"url":"https:\/\/i0.wp.com\/www.tribur.de\/blog\/wp-content\/uploads\/2018\/09\/cropped-logotest-2.jpg?fit=200%2C200&ssl=1","type":"image\/jpeg"}],"author":"Markus Zwittmeier","twitter_card":"summary_large_image","twitter_creator":"@https:\/\/twitter.com\/tribur","twitter_site":"@tribur","twitter_misc":{"Verfasst von":"Markus Zwittmeier"},"schema":{"@context":"https:\/\/schema.org","@graph":[{"@type":"Article","@id":"https:\/\/www.tribur.de\/blog\/2011\/04\/05\/archaonews-05-04-2011-pfalz-bodman-frankfurter-kelten-und-jungsteinzeitliches-massengrab\/#article","isPartOf":{"@id":"https:\/\/www.tribur.de\/blog\/2011\/04\/05\/archaonews-05-04-2011-pfalz-bodman-frankfurter-kelten-und-jungsteinzeitliches-massengrab\/"},"author":{"name":"Markus Zwittmeier","@id":"https:\/\/www.tribur.de\/blog\/#\/schema\/person\/3119997f09f43791809c2d1af27bba6c"},"headline":"Arch\u00e4onews 05.04.2011 Pfalz Bodman, Frankfurter Kelten und jungsteinzeitliches Massengrab","datePublished":"2011-04-05T17:37:45+00:00","mainEntityOfPage":{"@id":"https:\/\/www.tribur.de\/blog\/2011\/04\/05\/archaonews-05-04-2011-pfalz-bodman-frankfurter-kelten-und-jungsteinzeitliches-massengrab\/"},"wordCount":77,"commentCount":0,"publisher":{"@id":"https:\/\/www.tribur.de\/blog\/#\/schema\/person\/3119997f09f43791809c2d1af27bba6c"},"articleSection":["Geschichte","Links"],"inLanguage":"de","potentialAction":[{"@type":"CommentAction","name":"Comment","target":["https:\/\/www.tribur.de\/blog\/2011\/04\/05\/archaonews-05-04-2011-pfalz-bodman-frankfurter-kelten-und-jungsteinzeitliches-massengrab\/#respond"]}]},{"@type":"WebPage","@id":"https:\/\/www.tribur.de\/blog\/2011\/04\/05\/archaonews-05-04-2011-pfalz-bodman-frankfurter-kelten-und-jungsteinzeitliches-massengrab\/","url":"https:\/\/www.tribur.de\/blog\/2011\/04\/05\/archaonews-05-04-2011-pfalz-bodman-frankfurter-kelten-und-jungsteinzeitliches-massengrab\/","name":"Arch\u00e4onews 05.04.2011 Pfalz Bodman, Frankfurter Kelten und jungsteinzeitliches Massengrab - Tribur.de","isPartOf":{"@id":"https:\/\/www.tribur.de\/blog\/#website"},"datePublished":"2011-04-05T17:37:45+00:00","breadcrumb":{"@id":"https:\/\/www.tribur.de\/blog\/2011\/04\/05\/archaonews-05-04-2011-pfalz-bodman-frankfurter-kelten-und-jungsteinzeitliches-massengrab\/#breadcrumb"},"inLanguage":"de","potentialAction":[{"@type":"ReadAction","target":["https:\/\/www.tribur.de\/blog\/2011\/04\/05\/archaonews-05-04-2011-pfalz-bodman-frankfurter-kelten-und-jungsteinzeitliches-massengrab\/"]}]},{"@type":"BreadcrumbList","@id":"https:\/\/www.tribur.de\/blog\/2011\/04\/05\/archaonews-05-04-2011-pfalz-bodman-frankfurter-kelten-und-jungsteinzeitliches-massengrab\/#breadcrumb","itemListElement":[{"@type":"ListItem","position":1,"name":"Home","item":"https:\/\/www.tribur.de\/blog\/"},{"@type":"ListItem","position":2,"name":"Arch\u00e4onews 05.04.2011 Pfalz Bodman, Frankfurter Kelten und jungsteinzeitliches Massengrab"}]},{"@type":"WebSite","@id":"https:\/\/www.tribur.de\/blog\/#website","url":"https:\/\/www.tribur.de\/blog\/","name":"Tribur.de","description":"Tribur.de - Geschichte und so Zeugs","publisher":{"@id":"https:\/\/www.tribur.de\/blog\/#\/schema\/person\/3119997f09f43791809c2d1af27bba6c"},"potentialAction":[{"@type":"SearchAction","target":{"@type":"EntryPoint","urlTemplate":"https:\/\/www.tribur.de\/blog\/?s={search_term_string}"},"query-input":{"@type":"PropertyValueSpecification","valueRequired":true,"valueName":"search_term_string"}}],"inLanguage":"de"},{"@type":["Person","Organization"],"@id":"https:\/\/www.tribur.de\/blog\/#\/schema\/person\/3119997f09f43791809c2d1af27bba6c","name":"Markus Zwittmeier","image":{"@type":"ImageObject","inLanguage":"de","@id":"https:\/\/i0.wp.com\/www.tribur.de\/blog\/wp-content\/uploads\/2018\/09\/cropped-logotest-4.jpg?fit=200%2C200&ssl=1","url":"https:\/\/i0.wp.com\/www.tribur.de\/blog\/wp-content\/uploads\/2018\/09\/cropped-logotest-4.jpg?fit=200%2C200&ssl=1","contentUrl":"https:\/\/i0.wp.com\/www.tribur.de\/blog\/wp-content\/uploads\/2018\/09\/cropped-logotest-4.jpg?fit=200%2C200&ssl=1","width":200,"height":200,"caption":"Markus Zwittmeier"},"logo":{"@id":"https:\/\/i0.wp.com\/www.tribur.de\/blog\/wp-content\/uploads\/2018\/09\/cropped-logotest-4.jpg?fit=200%2C200&ssl=1"},"sameAs":["http:\/\/www.Tribur.de","http:\/\/www.facebook.com\/pages\/Triburde\/184352328288771","https:\/\/www.instagram.com\/tribur.de\/","https:\/\/x.com\/https:\/\/twitter.com\/tribur","https:\/\/www.youtube.com\/channel\/UCnEonou-x6_P4XPjBk2htCA"],"url":"https:\/\/www.tribur.de\/blog\/author\/markus\/"}]}},"jetpack_publicize_connections":[],"jetpack_featured_media_url":"","jetpack_shortlink":"https:\/\/wp.me\/p1mHPu-3Ba","jetpack_sharing_enabled":true,"_links":{"self":[{"href":"https:\/\/www.tribur.de\/blog\/wp-json\/wp\/v2\/posts\/13836","targetHints":{"allow":["GET"]}}],"collection":[{"href":"https:\/\/www.tribur.de\/blog\/wp-json\/wp\/v2\/posts"}],"about":[{"href":"https:\/\/www.tribur.de\/blog\/wp-json\/wp\/v2\/types\/post"}],"author":[{"embeddable":true,"href":"https:\/\/www.tribur.de\/blog\/wp-json\/wp\/v2\/users\/2"}],"replies":[{"embeddable":true,"href":"https:\/\/www.tribur.de\/blog\/wp-json\/wp\/v2\/comments?post=13836"}],"version-history":[{"count":4,"href":"https:\/\/www.tribur.de\/blog\/wp-json\/wp\/v2\/posts\/13836\/revisions"}],"predecessor-version":[{"id":13850,"href":"https:\/\/www.tribur.de\/blog\/wp-json\/wp\/v2\/posts\/13836\/revisions\/13850"}],"wp:attachment":[{"href":"https:\/\/www.tribur.de\/blog\/wp-json\/wp\/v2\/media?parent=13836"}],"wp:term":[{"taxonomy":"category","embeddable":true,"href":"https:\/\/www.tribur.de\/blog\/wp-json\/wp\/v2\/categories?post=13836"},{"taxonomy":"post_tag","embeddable":true,"href":"https:\/\/www.tribur.de\/blog\/wp-json\/wp\/v2\/tags?post=13836"}],"curies":[{"name":"wp","href":"https:\/\/api.w.org\/{rel}","templated":true}]}}