{"id":13671,"date":"2011-03-28T10:42:50","date_gmt":"2011-03-28T09:42:50","guid":{"rendered":"http:\/\/www.tribur.de\/blog\/?p=13671"},"modified":"2011-03-28T10:42:50","modified_gmt":"2011-03-28T09:42:50","slug":"pfalzen-und-forsten","status":"publish","type":"post","link":"https:\/\/www.tribur.de\/blog\/2011\/03\/28\/pfalzen-und-forsten\/","title":{"rendered":"Pfalzen und Forsten"},"content":{"rendered":"<p>Das Thema Forst und Pfalz geh\u00f6rt zusammen wie Topf und Deckel. \u00a0Zur Pfalz Hagenau geh\u00f6rte der &#8222;Heilige Forst&#8220;, Kaiserslautern besa\u00df den Forst Lautra und Frankfurt und Trebur hatten ihre Teile am Reichsforst Dreieich. Das ganz ist f\u00fcr mich Grund einmal einen Blick auf Karl Bosls Beitrag &#8222;Pfalzen und Forsten&#8220; in Deutsche K\u00f6nigspfalzen Band I zu werfen.<\/p>\n<p>Bosel erkl\u00e4rt zun\u00e4chst den Begriff des Forsts, bzw. des <em>forestis, <\/em>der nicht nur den Wald beinhaltet, sondern viel weitreichender ist. Erstmalig wird ist der Begriff unter den Merowingern fassbar, die die Ardennen als <em>forestis <\/em>bezeichnen und es sich<em> <\/em> als Jagdrevier vorbehalten. Da das Stammesrecht diesen Begriff nicht kannte schlie\u00dft Bosig daraus , das es sich um ein fr\u00e4nkisches K\u00f6nigsrecht handelt, ansonsten galt wohl das freie Recht auf Tierfang.<\/p>\n<p>Da die Jagd\/Tierfang nicht nur im Wald betrieben wurde, wird klar das Forst eben nicht nur den eigentlichen Wald \u00a0einschlie\u00dft, sondern auch Weide und Wasser beinhaltet.<\/p>\n<p>Forst ist aber nicht identisch mit \u00a0Reich (wird in den Quellen als\u00a0<em>regnum <\/em>um eine Pfalz verwendet), K\u00f6nigssondern (<em>Sundern<\/em>), oder dem Fiskus, wie gerade die Dreieich zeigt.<\/p>\n<p>F\u00fcr die Karolinger sollte die Einforstung ein Mittel des stattlichen Aufbaus und der Staatsf\u00fchrung darstellen. So ist der <em>forestarii <\/em>f\u00fcr das jagdlich nutzbare Revier zust\u00e4ndig und\u00a0betreute\u00a0damit auch den Fischfang, aber auch Holzschlag,Rodung und Schweinemast (Schweine wurden bis vor garnicht all zu langer Zeit zur Eichelmast in die W\u00e4lder getrieben!) Diese Rechte spielen auch in der Entwicklung der Landeshoheit eine gro\u00dfe Rolle, da, so Bosl, die adlige F\u00fchrungsschicht seit dem 8.\/9. Jahrhundert immer mehr beginnt das Recht der <em>inforestatio<\/em> , das Recht der Einsetzung des \u00a0<em>forestarii, <\/em>f\u00fcr sich zu beanspruchen.<\/p>\n<p>Im 10.\/11. Jahrhundert weitet sich der Forstbegriff noch einmal aus. Er beinhaltet nun nicht mehr nur das die eigene k\u00f6nigliche Grundherrschaft, sondern dehnt sich auch auf fremden Grund und Boden aus, wodurch sich auch die Nutzungsrechte \u00e4nderten. Dadurch entwickelte sich im 11. Jahrhundert der Begriff Wildbann (<em>wiltbannum<\/em>) und der Begriff Forst verschiebt sich hin zur Gleichsetzung mit Wald. Eine Urkunde von 1101 des Erzbischofs Egilbert von Trier bezeichnet den \u00dcbergang von Kaiserrecht zur Wildbannverleiung zum Jagd und Forstregal.<\/p>\n","protected":false},"excerpt":{"rendered":"<p>Das Thema Forst und Pfalz geh\u00f6rt zusammen wie Topf und Deckel. \u00a0Zur Pfalz Hagenau geh\u00f6rte der &#8222;Heilige Forst&#8220;, Kaiserslautern besa\u00df den Forst Lautra und Frankfurt und Trebur hatten ihre Teile am Reichsforst Dreieich. Das&#46;&#46;&#46;<\/p>\n","protected":false},"author":2,"featured_media":0,"comment_status":"open","ping_status":"open","sticky":false,"template":"","format":"standard","meta":{"jetpack_post_was_ever_published":false,"_jetpack_newsletter_access":"","_jetpack_dont_email_post_to_subs":false,"_jetpack_newsletter_tier_id":0,"_jetpack_memberships_contains_paywalled_content":false,"_jetpack_memberships_contains_paid_content":false,"footnotes":"","jetpack_publicize_message":"","jetpack_publicize_feature_enabled":true,"jetpack_social_post_already_shared":false,"jetpack_social_options":{"image_generator_settings":{"template":"highway","default_image_id":0,"font":"","enabled":false},"version":2}},"categories":[1],"tags":[11,35,49,16],"class_list":["post-13671","post","type-post","status-publish","format-standard","hentry","category-geschichte","tag-fruhmittelalter","tag-pfalz","tag-recherche","tag-trebur"],"yoast_head":"<!-- This site is optimized with the Yoast SEO plugin v27.5 - https:\/\/yoast.com\/product\/yoast-seo-wordpress\/ -->\n<title>Pfalzen und Forsten - Tribur.de<\/title>\n<meta name=\"robots\" content=\"index, follow, max-snippet:-1, max-image-preview:large, max-video-preview:-1\" \/>\n<link rel=\"canonical\" href=\"https:\/\/www.tribur.de\/blog\/2011\/03\/28\/pfalzen-und-forsten\/\" \/>\n<meta property=\"og:locale\" content=\"de_DE\" \/>\n<meta property=\"og:type\" content=\"article\" \/>\n<meta property=\"og:title\" content=\"Pfalzen und Forsten - Tribur.de\" \/>\n<meta property=\"og:description\" content=\"Das Thema Forst und Pfalz geh\u00f6rt zusammen wie Topf und Deckel. \u00a0Zur Pfalz Hagenau geh\u00f6rte der &#8222;Heilige Forst&#8220;, Kaiserslautern besa\u00df den Forst Lautra und Frankfurt und Trebur hatten ihre Teile am Reichsforst Dreieich. Das&#046;&#046;&#046;\" \/>\n<meta property=\"og:url\" content=\"https:\/\/www.tribur.de\/blog\/2011\/03\/28\/pfalzen-und-forsten\/\" \/>\n<meta property=\"og:site_name\" content=\"Tribur.de\" \/>\n<meta property=\"article:publisher\" content=\"http:\/\/www.facebook.com\/pages\/Triburde\/184352328288771\" \/>\n<meta property=\"article:author\" content=\"http:\/\/www.facebook.com\/pages\/Triburde\/184352328288771\" \/>\n<meta property=\"article:published_time\" content=\"2011-03-28T09:42:50+00:00\" \/>\n<meta property=\"og:image\" content=\"https:\/\/i0.wp.com\/www.tribur.de\/blog\/wp-content\/uploads\/2018\/09\/cropped-logotest-2.jpg?fit=200%2C200&ssl=1\" \/>\n\t<meta property=\"og:image:width\" content=\"200\" \/>\n\t<meta property=\"og:image:height\" content=\"200\" \/>\n\t<meta property=\"og:image:type\" content=\"image\/jpeg\" \/>\n<meta name=\"author\" content=\"Markus Zwittmeier\" \/>\n<meta name=\"twitter:card\" content=\"summary_large_image\" \/>\n<meta name=\"twitter:creator\" content=\"@https:\/\/twitter.com\/tribur\" \/>\n<meta name=\"twitter:site\" content=\"@tribur\" \/>\n<meta name=\"twitter:label1\" content=\"Verfasst von\" \/>\n\t<meta name=\"twitter:data1\" content=\"Markus Zwittmeier\" \/>\n\t<meta name=\"twitter:label2\" content=\"Gesch\u00e4tzte Lesezeit\" \/>\n\t<meta name=\"twitter:data2\" content=\"2\u00a0Minuten\" \/>\n<script type=\"application\/ld+json\" class=\"yoast-schema-graph\">{\"@context\":\"https:\\\/\\\/schema.org\",\"@graph\":[{\"@type\":\"Article\",\"@id\":\"https:\\\/\\\/www.tribur.de\\\/blog\\\/2011\\\/03\\\/28\\\/pfalzen-und-forsten\\\/#article\",\"isPartOf\":{\"@id\":\"https:\\\/\\\/www.tribur.de\\\/blog\\\/2011\\\/03\\\/28\\\/pfalzen-und-forsten\\\/\"},\"author\":{\"name\":\"Markus Zwittmeier\",\"@id\":\"https:\\\/\\\/www.tribur.de\\\/blog\\\/#\\\/schema\\\/person\\\/3119997f09f43791809c2d1af27bba6c\"},\"headline\":\"Pfalzen und Forsten\",\"datePublished\":\"2011-03-28T09:42:50+00:00\",\"mainEntityOfPage\":{\"@id\":\"https:\\\/\\\/www.tribur.de\\\/blog\\\/2011\\\/03\\\/28\\\/pfalzen-und-forsten\\\/\"},\"wordCount\":365,\"commentCount\":0,\"publisher\":{\"@id\":\"https:\\\/\\\/www.tribur.de\\\/blog\\\/#\\\/schema\\\/person\\\/3119997f09f43791809c2d1af27bba6c\"},\"keywords\":[\"Fr\u00fchmittelalter\",\"Pfalz\",\"Recherche\",\"Trebur\\\/Tribur\"],\"articleSection\":[\"Geschichte\"],\"inLanguage\":\"de\",\"potentialAction\":[{\"@type\":\"CommentAction\",\"name\":\"Comment\",\"target\":[\"https:\\\/\\\/www.tribur.de\\\/blog\\\/2011\\\/03\\\/28\\\/pfalzen-und-forsten\\\/#respond\"]}]},{\"@type\":\"WebPage\",\"@id\":\"https:\\\/\\\/www.tribur.de\\\/blog\\\/2011\\\/03\\\/28\\\/pfalzen-und-forsten\\\/\",\"url\":\"https:\\\/\\\/www.tribur.de\\\/blog\\\/2011\\\/03\\\/28\\\/pfalzen-und-forsten\\\/\",\"name\":\"Pfalzen und Forsten - Tribur.de\",\"isPartOf\":{\"@id\":\"https:\\\/\\\/www.tribur.de\\\/blog\\\/#website\"},\"datePublished\":\"2011-03-28T09:42:50+00:00\",\"breadcrumb\":{\"@id\":\"https:\\\/\\\/www.tribur.de\\\/blog\\\/2011\\\/03\\\/28\\\/pfalzen-und-forsten\\\/#breadcrumb\"},\"inLanguage\":\"de\",\"potentialAction\":[{\"@type\":\"ReadAction\",\"target\":[\"https:\\\/\\\/www.tribur.de\\\/blog\\\/2011\\\/03\\\/28\\\/pfalzen-und-forsten\\\/\"]}]},{\"@type\":\"BreadcrumbList\",\"@id\":\"https:\\\/\\\/www.tribur.de\\\/blog\\\/2011\\\/03\\\/28\\\/pfalzen-und-forsten\\\/#breadcrumb\",\"itemListElement\":[{\"@type\":\"ListItem\",\"position\":1,\"name\":\"Home\",\"item\":\"https:\\\/\\\/www.tribur.de\\\/blog\\\/\"},{\"@type\":\"ListItem\",\"position\":2,\"name\":\"Pfalzen und Forsten\"}]},{\"@type\":\"WebSite\",\"@id\":\"https:\\\/\\\/www.tribur.de\\\/blog\\\/#website\",\"url\":\"https:\\\/\\\/www.tribur.de\\\/blog\\\/\",\"name\":\"Tribur.de\",\"description\":\"Tribur.de - Geschichte und so Zeugs\",\"publisher\":{\"@id\":\"https:\\\/\\\/www.tribur.de\\\/blog\\\/#\\\/schema\\\/person\\\/3119997f09f43791809c2d1af27bba6c\"},\"potentialAction\":[{\"@type\":\"SearchAction\",\"target\":{\"@type\":\"EntryPoint\",\"urlTemplate\":\"https:\\\/\\\/www.tribur.de\\\/blog\\\/?s={search_term_string}\"},\"query-input\":{\"@type\":\"PropertyValueSpecification\",\"valueRequired\":true,\"valueName\":\"search_term_string\"}}],\"inLanguage\":\"de\"},{\"@type\":[\"Person\",\"Organization\"],\"@id\":\"https:\\\/\\\/www.tribur.de\\\/blog\\\/#\\\/schema\\\/person\\\/3119997f09f43791809c2d1af27bba6c\",\"name\":\"Markus Zwittmeier\",\"image\":{\"@type\":\"ImageObject\",\"inLanguage\":\"de\",\"@id\":\"https:\\\/\\\/i0.wp.com\\\/www.tribur.de\\\/blog\\\/wp-content\\\/uploads\\\/2018\\\/09\\\/cropped-logotest-4.jpg?fit=200%2C200&ssl=1\",\"url\":\"https:\\\/\\\/i0.wp.com\\\/www.tribur.de\\\/blog\\\/wp-content\\\/uploads\\\/2018\\\/09\\\/cropped-logotest-4.jpg?fit=200%2C200&ssl=1\",\"contentUrl\":\"https:\\\/\\\/i0.wp.com\\\/www.tribur.de\\\/blog\\\/wp-content\\\/uploads\\\/2018\\\/09\\\/cropped-logotest-4.jpg?fit=200%2C200&ssl=1\",\"width\":200,\"height\":200,\"caption\":\"Markus Zwittmeier\"},\"logo\":{\"@id\":\"https:\\\/\\\/i0.wp.com\\\/www.tribur.de\\\/blog\\\/wp-content\\\/uploads\\\/2018\\\/09\\\/cropped-logotest-4.jpg?fit=200%2C200&ssl=1\"},\"sameAs\":[\"http:\\\/\\\/www.Tribur.de\",\"http:\\\/\\\/www.facebook.com\\\/pages\\\/Triburde\\\/184352328288771\",\"https:\\\/\\\/www.instagram.com\\\/tribur.de\\\/\",\"https:\\\/\\\/x.com\\\/https:\\\/\\\/twitter.com\\\/tribur\",\"https:\\\/\\\/www.youtube.com\\\/channel\\\/UCnEonou-x6_P4XPjBk2htCA\"],\"url\":\"https:\\\/\\\/www.tribur.de\\\/blog\\\/author\\\/markus\\\/\"}]}<\/script>\n<!-- \/ Yoast SEO plugin. -->","yoast_head_json":{"title":"Pfalzen und Forsten - Tribur.de","robots":{"index":"index","follow":"follow","max-snippet":"max-snippet:-1","max-image-preview":"max-image-preview:large","max-video-preview":"max-video-preview:-1"},"canonical":"https:\/\/www.tribur.de\/blog\/2011\/03\/28\/pfalzen-und-forsten\/","og_locale":"de_DE","og_type":"article","og_title":"Pfalzen und Forsten - Tribur.de","og_description":"Das Thema Forst und Pfalz geh\u00f6rt zusammen wie Topf und Deckel. \u00a0Zur Pfalz Hagenau geh\u00f6rte der &#8222;Heilige Forst&#8220;, Kaiserslautern besa\u00df den Forst Lautra und Frankfurt und Trebur hatten ihre Teile am Reichsforst Dreieich. Das&#46;&#46;&#46;","og_url":"https:\/\/www.tribur.de\/blog\/2011\/03\/28\/pfalzen-und-forsten\/","og_site_name":"Tribur.de","article_publisher":"http:\/\/www.facebook.com\/pages\/Triburde\/184352328288771","article_author":"http:\/\/www.facebook.com\/pages\/Triburde\/184352328288771","article_published_time":"2011-03-28T09:42:50+00:00","og_image":[{"width":200,"height":200,"url":"https:\/\/i0.wp.com\/www.tribur.de\/blog\/wp-content\/uploads\/2018\/09\/cropped-logotest-2.jpg?fit=200%2C200&ssl=1","type":"image\/jpeg"}],"author":"Markus Zwittmeier","twitter_card":"summary_large_image","twitter_creator":"@https:\/\/twitter.com\/tribur","twitter_site":"@tribur","twitter_misc":{"Verfasst von":"Markus Zwittmeier","Gesch\u00e4tzte Lesezeit":"2\u00a0Minuten"},"schema":{"@context":"https:\/\/schema.org","@graph":[{"@type":"Article","@id":"https:\/\/www.tribur.de\/blog\/2011\/03\/28\/pfalzen-und-forsten\/#article","isPartOf":{"@id":"https:\/\/www.tribur.de\/blog\/2011\/03\/28\/pfalzen-und-forsten\/"},"author":{"name":"Markus Zwittmeier","@id":"https:\/\/www.tribur.de\/blog\/#\/schema\/person\/3119997f09f43791809c2d1af27bba6c"},"headline":"Pfalzen und Forsten","datePublished":"2011-03-28T09:42:50+00:00","mainEntityOfPage":{"@id":"https:\/\/www.tribur.de\/blog\/2011\/03\/28\/pfalzen-und-forsten\/"},"wordCount":365,"commentCount":0,"publisher":{"@id":"https:\/\/www.tribur.de\/blog\/#\/schema\/person\/3119997f09f43791809c2d1af27bba6c"},"keywords":["Fr\u00fchmittelalter","Pfalz","Recherche","Trebur\/Tribur"],"articleSection":["Geschichte"],"inLanguage":"de","potentialAction":[{"@type":"CommentAction","name":"Comment","target":["https:\/\/www.tribur.de\/blog\/2011\/03\/28\/pfalzen-und-forsten\/#respond"]}]},{"@type":"WebPage","@id":"https:\/\/www.tribur.de\/blog\/2011\/03\/28\/pfalzen-und-forsten\/","url":"https:\/\/www.tribur.de\/blog\/2011\/03\/28\/pfalzen-und-forsten\/","name":"Pfalzen und Forsten - Tribur.de","isPartOf":{"@id":"https:\/\/www.tribur.de\/blog\/#website"},"datePublished":"2011-03-28T09:42:50+00:00","breadcrumb":{"@id":"https:\/\/www.tribur.de\/blog\/2011\/03\/28\/pfalzen-und-forsten\/#breadcrumb"},"inLanguage":"de","potentialAction":[{"@type":"ReadAction","target":["https:\/\/www.tribur.de\/blog\/2011\/03\/28\/pfalzen-und-forsten\/"]}]},{"@type":"BreadcrumbList","@id":"https:\/\/www.tribur.de\/blog\/2011\/03\/28\/pfalzen-und-forsten\/#breadcrumb","itemListElement":[{"@type":"ListItem","position":1,"name":"Home","item":"https:\/\/www.tribur.de\/blog\/"},{"@type":"ListItem","position":2,"name":"Pfalzen und Forsten"}]},{"@type":"WebSite","@id":"https:\/\/www.tribur.de\/blog\/#website","url":"https:\/\/www.tribur.de\/blog\/","name":"Tribur.de","description":"Tribur.de - Geschichte und so Zeugs","publisher":{"@id":"https:\/\/www.tribur.de\/blog\/#\/schema\/person\/3119997f09f43791809c2d1af27bba6c"},"potentialAction":[{"@type":"SearchAction","target":{"@type":"EntryPoint","urlTemplate":"https:\/\/www.tribur.de\/blog\/?s={search_term_string}"},"query-input":{"@type":"PropertyValueSpecification","valueRequired":true,"valueName":"search_term_string"}}],"inLanguage":"de"},{"@type":["Person","Organization"],"@id":"https:\/\/www.tribur.de\/blog\/#\/schema\/person\/3119997f09f43791809c2d1af27bba6c","name":"Markus Zwittmeier","image":{"@type":"ImageObject","inLanguage":"de","@id":"https:\/\/i0.wp.com\/www.tribur.de\/blog\/wp-content\/uploads\/2018\/09\/cropped-logotest-4.jpg?fit=200%2C200&ssl=1","url":"https:\/\/i0.wp.com\/www.tribur.de\/blog\/wp-content\/uploads\/2018\/09\/cropped-logotest-4.jpg?fit=200%2C200&ssl=1","contentUrl":"https:\/\/i0.wp.com\/www.tribur.de\/blog\/wp-content\/uploads\/2018\/09\/cropped-logotest-4.jpg?fit=200%2C200&ssl=1","width":200,"height":200,"caption":"Markus Zwittmeier"},"logo":{"@id":"https:\/\/i0.wp.com\/www.tribur.de\/blog\/wp-content\/uploads\/2018\/09\/cropped-logotest-4.jpg?fit=200%2C200&ssl=1"},"sameAs":["http:\/\/www.Tribur.de","http:\/\/www.facebook.com\/pages\/Triburde\/184352328288771","https:\/\/www.instagram.com\/tribur.de\/","https:\/\/x.com\/https:\/\/twitter.com\/tribur","https:\/\/www.youtube.com\/channel\/UCnEonou-x6_P4XPjBk2htCA"],"url":"https:\/\/www.tribur.de\/blog\/author\/markus\/"}]}},"jetpack_publicize_connections":[],"jetpack_featured_media_url":"","jetpack_shortlink":"https:\/\/wp.me\/p1mHPu-3yv","jetpack_sharing_enabled":true,"_links":{"self":[{"href":"https:\/\/www.tribur.de\/blog\/wp-json\/wp\/v2\/posts\/13671","targetHints":{"allow":["GET"]}}],"collection":[{"href":"https:\/\/www.tribur.de\/blog\/wp-json\/wp\/v2\/posts"}],"about":[{"href":"https:\/\/www.tribur.de\/blog\/wp-json\/wp\/v2\/types\/post"}],"author":[{"embeddable":true,"href":"https:\/\/www.tribur.de\/blog\/wp-json\/wp\/v2\/users\/2"}],"replies":[{"embeddable":true,"href":"https:\/\/www.tribur.de\/blog\/wp-json\/wp\/v2\/comments?post=13671"}],"version-history":[{"count":5,"href":"https:\/\/www.tribur.de\/blog\/wp-json\/wp\/v2\/posts\/13671\/revisions"}],"predecessor-version":[{"id":13688,"href":"https:\/\/www.tribur.de\/blog\/wp-json\/wp\/v2\/posts\/13671\/revisions\/13688"}],"wp:attachment":[{"href":"https:\/\/www.tribur.de\/blog\/wp-json\/wp\/v2\/media?parent=13671"}],"wp:term":[{"taxonomy":"category","embeddable":true,"href":"https:\/\/www.tribur.de\/blog\/wp-json\/wp\/v2\/categories?post=13671"},{"taxonomy":"post_tag","embeddable":true,"href":"https:\/\/www.tribur.de\/blog\/wp-json\/wp\/v2\/tags?post=13671"}],"curies":[{"name":"wp","href":"https:\/\/api.w.org\/{rel}","templated":true}]}}