{"id":12724,"date":"2011-02-11T10:26:27","date_gmt":"2011-02-11T09:26:27","guid":{"rendered":"http:\/\/www.tribur.de\/blog\/?p=12724"},"modified":"2011-02-11T10:26:27","modified_gmt":"2011-02-11T09:26:27","slug":"vortrag-von-dr-maurer-und-dr-von-freeden-bewegte-zeiten","status":"publish","type":"post","link":"https:\/\/www.tribur.de\/blog\/2011\/02\/11\/vortrag-von-dr-maurer-und-dr-von-freeden-bewegte-zeiten\/","title":{"rendered":"Vortrag von Dr. Maurer und Dr. Von Freeden: Bewegte Zeiten"},"content":{"rendered":"<p>Vor dem Vortrag stellte mich Dr. Maurer \u00a0Frau Dr. Uta von Freeden vom Deutschen Arch\u00e4ologischen Institut und der r\u00f6misch germanischen Kommission vor . Sie wollte mich wegen meines kleinen, popeligen Blogs sprechen, welches sie von Dr. Maurer genannt bekam. Ich hatte schon das schlimmste bef\u00fcrchtet, aber nein! Sie wollte mich kennenlernen und mir ein Buch schenken bei dem Sie als Herausgeberin fungiert hatte, leider hat sie es \u00a0aber nicht mehr in ihre Tasche bekommen, so dass ich ihre Adresse bekam um mich mit ihr in Frankfurt zu verabreden und es abzuholen.<br \/>\nManchmal frage ich mich was ich hier anrichte und wer hier noch so alles mit liest. Ist schon so ein bisschen unheimlich&#8230;<\/p>\n<p>Aber nun zum Vortrag. Wie ich schon prophezeit hatte hatte sich der kleine Clubraum sehr schnell gef\u00fcllt. Es mu\u00dften sogar zus\u00e4tzliche St\u00fchle aufgestellt werden. Durch Dr. Maurer kamen nat\u00fcrlich auch einige Mitglieder von Terraplana und irgendwie hatte ich auch meine Eltern \u00fcberzeugt zu kommen.<br \/>\nUnd selbst als Herr K\u00f6rbel seine Einleitung hielt kamen immer noch Besucher.<\/p>\n<div id=\"attachment_12725\" style=\"width: 410px\" class=\"wp-caption alignleft\"><a href=\"https:\/\/i0.wp.com\/www.tribur.de\/blog\/wp-content\/uploads\/2011\/02\/uploadvortrag.jpg?ssl=1\"><img data-recalc-dims=\"1\" loading=\"lazy\" decoding=\"async\" aria-describedby=\"caption-attachment-12725\" class=\"size-full wp-image-12725\" title=\"uploadvortrag\" src=\"https:\/\/i0.wp.com\/www.tribur.de\/blog\/wp-content\/uploads\/2011\/02\/uploadvortrag.jpg?resize=400%2C353&#038;ssl=1\" alt=\"\" width=\"400\" height=\"353\" srcset=\"https:\/\/i0.wp.com\/www.tribur.de\/blog\/wp-content\/uploads\/2011\/02\/uploadvortrag.jpg?w=400&amp;ssl=1 400w, https:\/\/i0.wp.com\/www.tribur.de\/blog\/wp-content\/uploads\/2011\/02\/uploadvortrag.jpg?resize=300%2C264&amp;ssl=1 300w\" sizes=\"auto, (max-width: 400px) 100vw, 400px\" \/><\/a><p id=\"caption-attachment-12725\" class=\"wp-caption-text\">Frau Dr. Uta von Freeden (links) und Dr. Thomas Maurer<\/p><\/div>\n<p>Es begann Dr. Thomas Maurer von der Goethe Universit\u00e4t Frankfurt , \u00a0Institut f\u00fcr Arch\u00e4ologische Wissenschaften. Er wollte nur eine 15- 20 min\u00fctige Einf\u00fchrung halten in der er die sp\u00e4tr\u00f6mische Welt hier in der Region beschreibt.<br \/>\nEr erkl\u00e4rte die geographische Situation mit vielen Siedlungspl\u00e4tzen entlang des alten Neckarbettes, zeigte den R\u00fcckzug der R\u00f6mer auf die Regionen links des Rheins, aber betont auch das es noch zu dieser Zeit (4.Jh.) viele Fundstellen gibt,  bei denen r\u00f6misches Material gefunden wurde, welches wohl von Germanen genutzt wurde.<br \/>\nUm 300 war ein Br\u00fcckenkopf in Mainz-Kastell eingerichtet worden, der uns bildlich auf der Lyoner Bleimedaille erhalten ist. M\u00f6glicherweise geh\u00f6rte Trebur, bzw. das Umland zu diesem Br\u00fcckenkopf.<br \/>\nMaurer betonte die Wichtigkeit der Funde Eugen Schenkels, ohne die er nichts aus der Region zeigen k\u00f6nnte.<\/p>\n<p>Auf einer geologischen Karte f\u00fchrt Maurer zum Burgus von Astheim, zeigt die geophysikalischen Bilder der Anlage und erkl\u00e4rt seine Funktion und erl\u00e4uterte wie die Grabungspunkte ausgew\u00e4hlt wurden.<br \/>\nAnschlie\u00dfend erkl\u00e4rte er Bilder der Grabung.<\/p>\n<p>Als Klassiker des r\u00f6mischen Interesses an der rechtrheinischen Region bezeichnet er den Steinabbau im Odenwald. Zwar war das rechtsrheinische Gebiet nicht mehr offiziell r\u00f6misch aber definitiv r\u00f6misches Einflussgebiet.<br \/>\nDer Forschung stand zu Trebur ist: Man wei\u00df nichts \u00fcber eine m\u00f6gliche r\u00f6mische Ansiedlung! Was nichts hei\u00dft das nichts war, es kann sein das man es nur (noch) nicht gefunden hat.<br \/>\nIm Bezug auf den Virodacti-Stein an der Laurentiuskirche weist er darauf hin, das Basalt im hessischen Ried sehr selten genutzt wurde, aber oft in Heddernheim.<\/p>\n<p>Er f\u00fchrt nun weiter zum Tannb\u00f6hl, wo es h\u00e4ufige r\u00f6mische Funde, aber keine Grabung und keine physikalische Untersuchung gibt. Es k\u00f6nnte hier einen germanischer Sitz gegeben haben, dessen Bewohner auch r\u00f6mische Material nutzten. Es gibt aber hier Funde von Auxiliarsoldaten wie Lamellen von Schuppenpanzern und Zwiebelknopffiebeln, die rechtsrheinisch recht selten sind.Man muss vorsichtig mit Deutungen sein, aber klar ist im 5. Jahrhundert spielte der Ort \u00a0keine Rolle mehr! Lag der Grund in der &#8222;Barbareninvasion&#8220;? (406\/407)<br \/>\nLinksrheinisch hielten sich noch bis etwa 450 Reste einer r\u00f6mischen Verwaltung.<br \/>\nMit dem r\u00f6mischen Ende gab Dr.Maurer ab an Fr. Dr. von Freeden.<\/p>\n<p>Von Freeden m\u00f6chte er Frage nachgehen ob es schon im fr\u00fchen Fr\u00fchmittelalter hinweise auf eine bedeutende Siedlung in  Trebur gibt und m\u00f6chte ein Bild dieser Zeit und ihrer Bewohner zeichnen.<\/p>\n<p>Auch von Freeden erkl\u00e4rte noch einmal die politische Situation in der Region und zeigte anhand einer Karte Siedlungen mit elbgermanischen oder donaugermanischen Einfl\u00fcssen.<\/p>\n<p>Sie umreist die Situation der K\u00e4mpfe zwischen Franken und Allamannen und die Inbesitznahme der Region .<br \/>\nDer Landgraben sollte auch noch im fr\u00e4nkischer Zeit eine nutzbare und wichtiger Schiffahrtsweg gewesen sein f\u00fchrte sie aus und betont das Trebur bereits an einer neuen wichtigen Stra\u00dfe von Mainz kommend lag.<br \/>\nDie Funde zeigen eine recht dichte Besiedelung unserer Region. Trebur war an das Verkehrsnetz angebunden, Wasser- und  Landwege, und hatte hohen &#8222;Freizeitwert&#8220; durch die Jagd in den W\u00e4ldern der sp\u00e4teren Dreieich.<\/p>\n<p>Frau Dr. von Freeden erkl\u00e4rte nun wie Funde an einen Platz kommen k\u00f6nnen: Durch  Raub, Schenkung, Tausch und Handel usw.. Wer stellte die Funde her? Ein einheimischer Hersteller? Hatte er vor Ort oder in der Fremde gelernt?<br \/>\nEs wurden nun M\u00e4nnergr\u00e4ber der Region vorgestellt. Ein Grab eines Jungen von 11. Jahren aus aus dem 5.Jahrhundert aus Gro\u00df Gerau. Er war mit einem Halsreif bestattet worden, der ihn als Mitglied einer osteurop\u00e4ischen Kriegerelite ausweist. \u00a0Er hatte ebenfalls eine Axt in entsprechend angepasster Kindergr\u00f6\u00dfe im Grab.<br \/>\nM\u00f6glicherweise verlor Gro\u00df Gerau seine Anbindung ans Wasser mit der Zeit, denn nun setzt Fundarmut ein  und in Trebur beginnen Grabfunde aus dem 6. Jahrhundert, wie der Westlandkessel und gl\u00e4serne Gef\u00e4\u00dfe.<br \/>\nVom 6.-7. Jahrhundert zeigte sie ein Grab aus Wallerst\u00e4dten: Im Mund des Toten befand sich eine M\u00fcnze f\u00fcr den F\u00e4hrmann. Der Tote trug einen G\u00fcrtel mit Sax und Tasche in der sich Stahl und Feuerstein befanden. Er hatte volle Bewaffnung dabei und eine Feinmetallwaage. Da sich auch Kratzer mit Goldablagerungen an der Waage fand, \u00a0konnte er als Goldschmied identifiziert werden.<br \/>\nDamit dieser sein &#8222;elit\u00e4res&#8220; Handwerk aus\u00fcben konnte, musste es aber Voraussetzungen gegeben haben. Etwa wohlhabende Franken im 4km entfernten Trebur.<br \/>\nSie geht nun zu Gr\u00e4bern aus Astheim \u00fcber und erkl\u00e4rt G\u00fcrtelbeschl\u00e4ge und Saxscheiden.<\/p>\n<p>Sie zeigte nun die die goldenen Riemenbeschl\u00e4ge und erkl\u00e4rte das die Zuordnung zu Trebur heute in Frage gestellt wird, da der Antiquar Broh, der die St\u00fccke nach Mainz verkauft hatte, bekannt war daf\u00fcr war auch Diebesgut aus Raubgrabungen zu vertickern und falsche Fundorte nannte um die Herkunft zu verschleiern.<br \/>\nSie zeigte langobardische Vergleichsst\u00fccke und von Broh war bekannt, das er italienische St\u00fccke verkaufte! M\u00f6glicherweise kam das St\u00fcck gar nicht aus Trebur!<br \/>\nWas bedeutet es aber, wenn das St\u00fcck wirklich aus Trebur kam? Vergleichbare mehrteilige G\u00fcrtel  wurden vom fr\u00e4nkischen K\u00f6nig an Personen in seinem Dienst vergeben. F\u00fcr Trebur w\u00fcrde das bedeuten, das es bereits um 650 einen engen Vertrauten des fr\u00e4nkischen K\u00f6nigs gab!<br \/>\nSie geht nun \u00fcber zu den fr\u00e4nkischen Funden vom Burgus, speziell den Fund des Kriegers mit Langsax und Spatha.<br \/>\nSie betont, das es sich um eine Sonderanfertigung handelt, und fragt warum aus Silber und erl\u00e4utert die steigende Beliebtheit des Silbers ab Mitte des 7. Jahrhunderts.<\/p>\n<p>Nun beginnt Frau von Freeden \u00a0die Ausstattung von Frauengr\u00e4bern zu beschreiben.  Wie auch schon bei den  vorher beschriebenen M\u00e4nnergr\u00e4bern ein gefundenes Fressen wenn man sich f\u00fcr Kleidung interessiert!<\/p>\n<p>Was mir hier neu war, war das im 6. Jahrhundert Fibeln bei Frauen nicht mehr durch den Stoff gestochen wurde, sondern extra Schlaufen an M\u00e4ntel angebracht waren durch die die Fiebeln gesteckt wurden!<\/p>\n<p>Erst im 8. Jahrhundert kam es zur vollen \u00a0Beigabenlosigkeit. Es ist aber nicht auf die Religionszugeh\u00f6rigkeit an Hand der Beigabenlosigkeit zuschlie\u00dfen, wie sie noch einmal betont.<\/p>\n<p>Nun zeigt sie die weiten Handelsbeziehungen die bis nach Indien f\u00fchrten und zeigt dazu einen Elfenbeinkamm aus Griesheim, dessen Elfenbein aus Indien kam und in Byzanz mit Abbildungen der Hochzeit von Kanaan verziert wurde. Trebur war vielleicht auch ein wichtiger Handels- und Umschlagsplatz in der Region. (Hi hi, das Haithabu des hessischen Rieds&#8230;)<\/p>\n<p>Sie beschreibt nun das einfache Alltagsleben, zeigt Gl\u00e4ser und Knickwandgef\u00e4\u00dfe, Holzeimer (Oberflacht als Beispiel) gedrechselte Gef\u00e4\u00dfe, Schalen, Daubenbecher&#8230;usw.\u00a0Sie zeigt die Trossingener Leier und M\u00f6bel aus dem K\u00f6lner Knabengrab.<br \/>\nEs folgen Bestattungsrieten wie Baums\u00e4rge und Frau Dr. von Freeden zeigte auf Bildern aus Frankfurt Harheim was im Boden davon noch zu sehen ist und pr\u00e4sentierte die erhaltenen S\u00e4rge aus Oberflacht.<br \/>\nHier schlug Frau Dr. von Freeden wieder dieBr\u00fccke zu den Funden aus Trebur und bedauert das die Fundzusammenh\u00e4nge unbekannt sind.<br \/>\nDie Astheimer Funde erh\u00f6hen aber die Wahrscheinlichkeit das ein so bedeutender Mann in Trebur gelebt haben k\u00f6nnte, das er einen solchen goldenen mehrteiligen G\u00fcrtel besa\u00df.<\/p>\n<p>Nach Abschlu\u00df des Vortrages standen Dr. Maurer und Dr. von Freeden noch Interessierten Frage und Antwort.<\/p>\n","protected":false},"excerpt":{"rendered":"<p>Vor dem Vortrag stellte mich Dr. Maurer \u00a0Frau Dr. Uta von Freeden vom Deutschen Arch\u00e4ologischen Institut und der r\u00f6misch germanischen Kommission vor . Sie wollte mich wegen meines kleinen, popeligen Blogs sprechen, welches sie&#46;&#46;&#46;<\/p>\n","protected":false},"author":2,"featured_media":0,"comment_status":"open","ping_status":"open","sticky":false,"template":"","format":"standard","meta":{"jetpack_post_was_ever_published":false,"_jetpack_newsletter_access":"","_jetpack_dont_email_post_to_subs":false,"_jetpack_newsletter_tier_id":0,"_jetpack_memberships_contains_paywalled_content":false,"_jetpack_memberships_contains_paid_content":false,"footnotes":"","jetpack_publicize_message":"","jetpack_publicize_feature_enabled":true,"jetpack_social_post_already_shared":false,"jetpack_social_options":{"image_generator_settings":{"template":"highway","default_image_id":0,"font":"","enabled":false},"version":2}},"categories":[1],"tags":[25,11,51,30,35,16,26],"class_list":["post-12724","post","type-post","status-publish","format-standard","hentry","category-geschichte","tag-antike","tag-fruhmittelalter","tag-germanisch","tag-merowingisch","tag-pfalz","tag-trebur","tag-vortrag"],"yoast_head":"<!-- This site is optimized with the Yoast SEO plugin v27.5 - https:\/\/yoast.com\/product\/yoast-seo-wordpress\/ -->\n<title>Vortrag von Dr. Maurer und Dr. Von Freeden: Bewegte Zeiten - Tribur.de<\/title>\n<meta name=\"robots\" content=\"index, follow, max-snippet:-1, max-image-preview:large, max-video-preview:-1\" \/>\n<link rel=\"canonical\" href=\"https:\/\/www.tribur.de\/blog\/2011\/02\/11\/vortrag-von-dr-maurer-und-dr-von-freeden-bewegte-zeiten\/\" \/>\n<meta property=\"og:locale\" content=\"de_DE\" \/>\n<meta property=\"og:type\" content=\"article\" \/>\n<meta property=\"og:title\" content=\"Vortrag von Dr. Maurer und Dr. Von Freeden: Bewegte Zeiten - Tribur.de\" \/>\n<meta property=\"og:description\" content=\"Vor dem Vortrag stellte mich Dr. Maurer \u00a0Frau Dr. Uta von Freeden vom Deutschen Arch\u00e4ologischen Institut und der r\u00f6misch germanischen Kommission vor . Sie wollte mich wegen meines kleinen, popeligen Blogs sprechen, welches sie&#046;&#046;&#046;\" \/>\n<meta property=\"og:url\" content=\"https:\/\/www.tribur.de\/blog\/2011\/02\/11\/vortrag-von-dr-maurer-und-dr-von-freeden-bewegte-zeiten\/\" \/>\n<meta property=\"og:site_name\" content=\"Tribur.de\" \/>\n<meta property=\"article:publisher\" content=\"http:\/\/www.facebook.com\/pages\/Triburde\/184352328288771\" \/>\n<meta property=\"article:author\" content=\"http:\/\/www.facebook.com\/pages\/Triburde\/184352328288771\" \/>\n<meta property=\"article:published_time\" content=\"2011-02-11T09:26:27+00:00\" \/>\n<meta property=\"og:image\" content=\"http:\/\/www.tribur.de\/blog\/wp-content\/uploads\/2011\/02\/uploadvortrag.jpg\" \/>\n<meta name=\"author\" content=\"Markus Zwittmeier\" \/>\n<meta name=\"twitter:card\" content=\"summary_large_image\" \/>\n<meta name=\"twitter:creator\" content=\"@https:\/\/twitter.com\/tribur\" \/>\n<meta name=\"twitter:site\" content=\"@tribur\" \/>\n<meta name=\"twitter:label1\" content=\"Verfasst von\" \/>\n\t<meta name=\"twitter:data1\" content=\"Markus Zwittmeier\" \/>\n\t<meta name=\"twitter:label2\" content=\"Gesch\u00e4tzte Lesezeit\" \/>\n\t<meta name=\"twitter:data2\" content=\"7\u00a0Minuten\" \/>\n<script type=\"application\/ld+json\" class=\"yoast-schema-graph\">{\"@context\":\"https:\\\/\\\/schema.org\",\"@graph\":[{\"@type\":\"Article\",\"@id\":\"https:\\\/\\\/www.tribur.de\\\/blog\\\/2011\\\/02\\\/11\\\/vortrag-von-dr-maurer-und-dr-von-freeden-bewegte-zeiten\\\/#article\",\"isPartOf\":{\"@id\":\"https:\\\/\\\/www.tribur.de\\\/blog\\\/2011\\\/02\\\/11\\\/vortrag-von-dr-maurer-und-dr-von-freeden-bewegte-zeiten\\\/\"},\"author\":{\"name\":\"Markus Zwittmeier\",\"@id\":\"https:\\\/\\\/www.tribur.de\\\/blog\\\/#\\\/schema\\\/person\\\/3119997f09f43791809c2d1af27bba6c\"},\"headline\":\"Vortrag von Dr. Maurer und Dr. Von Freeden: Bewegte Zeiten\",\"datePublished\":\"2011-02-11T09:26:27+00:00\",\"mainEntityOfPage\":{\"@id\":\"https:\\\/\\\/www.tribur.de\\\/blog\\\/2011\\\/02\\\/11\\\/vortrag-von-dr-maurer-und-dr-von-freeden-bewegte-zeiten\\\/\"},\"wordCount\":1403,\"commentCount\":3,\"publisher\":{\"@id\":\"https:\\\/\\\/www.tribur.de\\\/blog\\\/#\\\/schema\\\/person\\\/3119997f09f43791809c2d1af27bba6c\"},\"image\":{\"@id\":\"https:\\\/\\\/www.tribur.de\\\/blog\\\/2011\\\/02\\\/11\\\/vortrag-von-dr-maurer-und-dr-von-freeden-bewegte-zeiten\\\/#primaryimage\"},\"thumbnailUrl\":\"http:\\\/\\\/www.tribur.de\\\/blog\\\/wp-content\\\/uploads\\\/2011\\\/02\\\/uploadvortrag.jpg\",\"keywords\":[\"Antike\",\"Fr\u00fchmittelalter\",\"germanisch\",\"merowingisch\",\"Pfalz\",\"Trebur\\\/Tribur\",\"Vortrag\"],\"articleSection\":[\"Geschichte\"],\"inLanguage\":\"de\",\"potentialAction\":[{\"@type\":\"CommentAction\",\"name\":\"Comment\",\"target\":[\"https:\\\/\\\/www.tribur.de\\\/blog\\\/2011\\\/02\\\/11\\\/vortrag-von-dr-maurer-und-dr-von-freeden-bewegte-zeiten\\\/#respond\"]}]},{\"@type\":\"WebPage\",\"@id\":\"https:\\\/\\\/www.tribur.de\\\/blog\\\/2011\\\/02\\\/11\\\/vortrag-von-dr-maurer-und-dr-von-freeden-bewegte-zeiten\\\/\",\"url\":\"https:\\\/\\\/www.tribur.de\\\/blog\\\/2011\\\/02\\\/11\\\/vortrag-von-dr-maurer-und-dr-von-freeden-bewegte-zeiten\\\/\",\"name\":\"Vortrag von Dr. Maurer und Dr. Von Freeden: Bewegte Zeiten - Tribur.de\",\"isPartOf\":{\"@id\":\"https:\\\/\\\/www.tribur.de\\\/blog\\\/#website\"},\"primaryImageOfPage\":{\"@id\":\"https:\\\/\\\/www.tribur.de\\\/blog\\\/2011\\\/02\\\/11\\\/vortrag-von-dr-maurer-und-dr-von-freeden-bewegte-zeiten\\\/#primaryimage\"},\"image\":{\"@id\":\"https:\\\/\\\/www.tribur.de\\\/blog\\\/2011\\\/02\\\/11\\\/vortrag-von-dr-maurer-und-dr-von-freeden-bewegte-zeiten\\\/#primaryimage\"},\"thumbnailUrl\":\"http:\\\/\\\/www.tribur.de\\\/blog\\\/wp-content\\\/uploads\\\/2011\\\/02\\\/uploadvortrag.jpg\",\"datePublished\":\"2011-02-11T09:26:27+00:00\",\"breadcrumb\":{\"@id\":\"https:\\\/\\\/www.tribur.de\\\/blog\\\/2011\\\/02\\\/11\\\/vortrag-von-dr-maurer-und-dr-von-freeden-bewegte-zeiten\\\/#breadcrumb\"},\"inLanguage\":\"de\",\"potentialAction\":[{\"@type\":\"ReadAction\",\"target\":[\"https:\\\/\\\/www.tribur.de\\\/blog\\\/2011\\\/02\\\/11\\\/vortrag-von-dr-maurer-und-dr-von-freeden-bewegte-zeiten\\\/\"]}]},{\"@type\":\"ImageObject\",\"inLanguage\":\"de\",\"@id\":\"https:\\\/\\\/www.tribur.de\\\/blog\\\/2011\\\/02\\\/11\\\/vortrag-von-dr-maurer-und-dr-von-freeden-bewegte-zeiten\\\/#primaryimage\",\"url\":\"https:\\\/\\\/i0.wp.com\\\/www.tribur.de\\\/blog\\\/wp-content\\\/uploads\\\/2011\\\/02\\\/uploadvortrag.jpg?fit=400%2C353&ssl=1\",\"contentUrl\":\"https:\\\/\\\/i0.wp.com\\\/www.tribur.de\\\/blog\\\/wp-content\\\/uploads\\\/2011\\\/02\\\/uploadvortrag.jpg?fit=400%2C353&ssl=1\",\"width\":\"400\",\"height\":\"353\"},{\"@type\":\"BreadcrumbList\",\"@id\":\"https:\\\/\\\/www.tribur.de\\\/blog\\\/2011\\\/02\\\/11\\\/vortrag-von-dr-maurer-und-dr-von-freeden-bewegte-zeiten\\\/#breadcrumb\",\"itemListElement\":[{\"@type\":\"ListItem\",\"position\":1,\"name\":\"Home\",\"item\":\"https:\\\/\\\/www.tribur.de\\\/blog\\\/\"},{\"@type\":\"ListItem\",\"position\":2,\"name\":\"Vortrag von Dr. Maurer und Dr. Von Freeden: Bewegte Zeiten\"}]},{\"@type\":\"WebSite\",\"@id\":\"https:\\\/\\\/www.tribur.de\\\/blog\\\/#website\",\"url\":\"https:\\\/\\\/www.tribur.de\\\/blog\\\/\",\"name\":\"Tribur.de\",\"description\":\"Tribur.de - Geschichte und so Zeugs\",\"publisher\":{\"@id\":\"https:\\\/\\\/www.tribur.de\\\/blog\\\/#\\\/schema\\\/person\\\/3119997f09f43791809c2d1af27bba6c\"},\"potentialAction\":[{\"@type\":\"SearchAction\",\"target\":{\"@type\":\"EntryPoint\",\"urlTemplate\":\"https:\\\/\\\/www.tribur.de\\\/blog\\\/?s={search_term_string}\"},\"query-input\":{\"@type\":\"PropertyValueSpecification\",\"valueRequired\":true,\"valueName\":\"search_term_string\"}}],\"inLanguage\":\"de\"},{\"@type\":[\"Person\",\"Organization\"],\"@id\":\"https:\\\/\\\/www.tribur.de\\\/blog\\\/#\\\/schema\\\/person\\\/3119997f09f43791809c2d1af27bba6c\",\"name\":\"Markus Zwittmeier\",\"image\":{\"@type\":\"ImageObject\",\"inLanguage\":\"de\",\"@id\":\"https:\\\/\\\/i0.wp.com\\\/www.tribur.de\\\/blog\\\/wp-content\\\/uploads\\\/2018\\\/09\\\/cropped-logotest-4.jpg?fit=200%2C200&ssl=1\",\"url\":\"https:\\\/\\\/i0.wp.com\\\/www.tribur.de\\\/blog\\\/wp-content\\\/uploads\\\/2018\\\/09\\\/cropped-logotest-4.jpg?fit=200%2C200&ssl=1\",\"contentUrl\":\"https:\\\/\\\/i0.wp.com\\\/www.tribur.de\\\/blog\\\/wp-content\\\/uploads\\\/2018\\\/09\\\/cropped-logotest-4.jpg?fit=200%2C200&ssl=1\",\"width\":200,\"height\":200,\"caption\":\"Markus Zwittmeier\"},\"logo\":{\"@id\":\"https:\\\/\\\/i0.wp.com\\\/www.tribur.de\\\/blog\\\/wp-content\\\/uploads\\\/2018\\\/09\\\/cropped-logotest-4.jpg?fit=200%2C200&ssl=1\"},\"sameAs\":[\"http:\\\/\\\/www.Tribur.de\",\"http:\\\/\\\/www.facebook.com\\\/pages\\\/Triburde\\\/184352328288771\",\"https:\\\/\\\/www.instagram.com\\\/tribur.de\\\/\",\"https:\\\/\\\/x.com\\\/https:\\\/\\\/twitter.com\\\/tribur\",\"https:\\\/\\\/www.youtube.com\\\/channel\\\/UCnEonou-x6_P4XPjBk2htCA\"],\"url\":\"https:\\\/\\\/www.tribur.de\\\/blog\\\/author\\\/markus\\\/\"}]}<\/script>\n<!-- \/ Yoast SEO plugin. -->","yoast_head_json":{"title":"Vortrag von Dr. Maurer und Dr. Von Freeden: Bewegte Zeiten - Tribur.de","robots":{"index":"index","follow":"follow","max-snippet":"max-snippet:-1","max-image-preview":"max-image-preview:large","max-video-preview":"max-video-preview:-1"},"canonical":"https:\/\/www.tribur.de\/blog\/2011\/02\/11\/vortrag-von-dr-maurer-und-dr-von-freeden-bewegte-zeiten\/","og_locale":"de_DE","og_type":"article","og_title":"Vortrag von Dr. Maurer und Dr. Von Freeden: Bewegte Zeiten - Tribur.de","og_description":"Vor dem Vortrag stellte mich Dr. Maurer \u00a0Frau Dr. Uta von Freeden vom Deutschen Arch\u00e4ologischen Institut und der r\u00f6misch germanischen Kommission vor . Sie wollte mich wegen meines kleinen, popeligen Blogs sprechen, welches sie&#46;&#46;&#46;","og_url":"https:\/\/www.tribur.de\/blog\/2011\/02\/11\/vortrag-von-dr-maurer-und-dr-von-freeden-bewegte-zeiten\/","og_site_name":"Tribur.de","article_publisher":"http:\/\/www.facebook.com\/pages\/Triburde\/184352328288771","article_author":"http:\/\/www.facebook.com\/pages\/Triburde\/184352328288771","article_published_time":"2011-02-11T09:26:27+00:00","og_image":[{"url":"http:\/\/www.tribur.de\/blog\/wp-content\/uploads\/2011\/02\/uploadvortrag.jpg","type":"","width":"","height":""}],"author":"Markus Zwittmeier","twitter_card":"summary_large_image","twitter_creator":"@https:\/\/twitter.com\/tribur","twitter_site":"@tribur","twitter_misc":{"Verfasst von":"Markus Zwittmeier","Gesch\u00e4tzte Lesezeit":"7\u00a0Minuten"},"schema":{"@context":"https:\/\/schema.org","@graph":[{"@type":"Article","@id":"https:\/\/www.tribur.de\/blog\/2011\/02\/11\/vortrag-von-dr-maurer-und-dr-von-freeden-bewegte-zeiten\/#article","isPartOf":{"@id":"https:\/\/www.tribur.de\/blog\/2011\/02\/11\/vortrag-von-dr-maurer-und-dr-von-freeden-bewegte-zeiten\/"},"author":{"name":"Markus Zwittmeier","@id":"https:\/\/www.tribur.de\/blog\/#\/schema\/person\/3119997f09f43791809c2d1af27bba6c"},"headline":"Vortrag von Dr. Maurer und Dr. Von Freeden: Bewegte Zeiten","datePublished":"2011-02-11T09:26:27+00:00","mainEntityOfPage":{"@id":"https:\/\/www.tribur.de\/blog\/2011\/02\/11\/vortrag-von-dr-maurer-und-dr-von-freeden-bewegte-zeiten\/"},"wordCount":1403,"commentCount":3,"publisher":{"@id":"https:\/\/www.tribur.de\/blog\/#\/schema\/person\/3119997f09f43791809c2d1af27bba6c"},"image":{"@id":"https:\/\/www.tribur.de\/blog\/2011\/02\/11\/vortrag-von-dr-maurer-und-dr-von-freeden-bewegte-zeiten\/#primaryimage"},"thumbnailUrl":"http:\/\/www.tribur.de\/blog\/wp-content\/uploads\/2011\/02\/uploadvortrag.jpg","keywords":["Antike","Fr\u00fchmittelalter","germanisch","merowingisch","Pfalz","Trebur\/Tribur","Vortrag"],"articleSection":["Geschichte"],"inLanguage":"de","potentialAction":[{"@type":"CommentAction","name":"Comment","target":["https:\/\/www.tribur.de\/blog\/2011\/02\/11\/vortrag-von-dr-maurer-und-dr-von-freeden-bewegte-zeiten\/#respond"]}]},{"@type":"WebPage","@id":"https:\/\/www.tribur.de\/blog\/2011\/02\/11\/vortrag-von-dr-maurer-und-dr-von-freeden-bewegte-zeiten\/","url":"https:\/\/www.tribur.de\/blog\/2011\/02\/11\/vortrag-von-dr-maurer-und-dr-von-freeden-bewegte-zeiten\/","name":"Vortrag von Dr. Maurer und Dr. Von Freeden: Bewegte Zeiten - Tribur.de","isPartOf":{"@id":"https:\/\/www.tribur.de\/blog\/#website"},"primaryImageOfPage":{"@id":"https:\/\/www.tribur.de\/blog\/2011\/02\/11\/vortrag-von-dr-maurer-und-dr-von-freeden-bewegte-zeiten\/#primaryimage"},"image":{"@id":"https:\/\/www.tribur.de\/blog\/2011\/02\/11\/vortrag-von-dr-maurer-und-dr-von-freeden-bewegte-zeiten\/#primaryimage"},"thumbnailUrl":"http:\/\/www.tribur.de\/blog\/wp-content\/uploads\/2011\/02\/uploadvortrag.jpg","datePublished":"2011-02-11T09:26:27+00:00","breadcrumb":{"@id":"https:\/\/www.tribur.de\/blog\/2011\/02\/11\/vortrag-von-dr-maurer-und-dr-von-freeden-bewegte-zeiten\/#breadcrumb"},"inLanguage":"de","potentialAction":[{"@type":"ReadAction","target":["https:\/\/www.tribur.de\/blog\/2011\/02\/11\/vortrag-von-dr-maurer-und-dr-von-freeden-bewegte-zeiten\/"]}]},{"@type":"ImageObject","inLanguage":"de","@id":"https:\/\/www.tribur.de\/blog\/2011\/02\/11\/vortrag-von-dr-maurer-und-dr-von-freeden-bewegte-zeiten\/#primaryimage","url":"https:\/\/i0.wp.com\/www.tribur.de\/blog\/wp-content\/uploads\/2011\/02\/uploadvortrag.jpg?fit=400%2C353&ssl=1","contentUrl":"https:\/\/i0.wp.com\/www.tribur.de\/blog\/wp-content\/uploads\/2011\/02\/uploadvortrag.jpg?fit=400%2C353&ssl=1","width":"400","height":"353"},{"@type":"BreadcrumbList","@id":"https:\/\/www.tribur.de\/blog\/2011\/02\/11\/vortrag-von-dr-maurer-und-dr-von-freeden-bewegte-zeiten\/#breadcrumb","itemListElement":[{"@type":"ListItem","position":1,"name":"Home","item":"https:\/\/www.tribur.de\/blog\/"},{"@type":"ListItem","position":2,"name":"Vortrag von Dr. Maurer und Dr. Von Freeden: Bewegte Zeiten"}]},{"@type":"WebSite","@id":"https:\/\/www.tribur.de\/blog\/#website","url":"https:\/\/www.tribur.de\/blog\/","name":"Tribur.de","description":"Tribur.de - Geschichte und so Zeugs","publisher":{"@id":"https:\/\/www.tribur.de\/blog\/#\/schema\/person\/3119997f09f43791809c2d1af27bba6c"},"potentialAction":[{"@type":"SearchAction","target":{"@type":"EntryPoint","urlTemplate":"https:\/\/www.tribur.de\/blog\/?s={search_term_string}"},"query-input":{"@type":"PropertyValueSpecification","valueRequired":true,"valueName":"search_term_string"}}],"inLanguage":"de"},{"@type":["Person","Organization"],"@id":"https:\/\/www.tribur.de\/blog\/#\/schema\/person\/3119997f09f43791809c2d1af27bba6c","name":"Markus Zwittmeier","image":{"@type":"ImageObject","inLanguage":"de","@id":"https:\/\/i0.wp.com\/www.tribur.de\/blog\/wp-content\/uploads\/2018\/09\/cropped-logotest-4.jpg?fit=200%2C200&ssl=1","url":"https:\/\/i0.wp.com\/www.tribur.de\/blog\/wp-content\/uploads\/2018\/09\/cropped-logotest-4.jpg?fit=200%2C200&ssl=1","contentUrl":"https:\/\/i0.wp.com\/www.tribur.de\/blog\/wp-content\/uploads\/2018\/09\/cropped-logotest-4.jpg?fit=200%2C200&ssl=1","width":200,"height":200,"caption":"Markus Zwittmeier"},"logo":{"@id":"https:\/\/i0.wp.com\/www.tribur.de\/blog\/wp-content\/uploads\/2018\/09\/cropped-logotest-4.jpg?fit=200%2C200&ssl=1"},"sameAs":["http:\/\/www.Tribur.de","http:\/\/www.facebook.com\/pages\/Triburde\/184352328288771","https:\/\/www.instagram.com\/tribur.de\/","https:\/\/x.com\/https:\/\/twitter.com\/tribur","https:\/\/www.youtube.com\/channel\/UCnEonou-x6_P4XPjBk2htCA"],"url":"https:\/\/www.tribur.de\/blog\/author\/markus\/"}]}},"jetpack_publicize_connections":[],"jetpack_featured_media_url":"","jetpack_shortlink":"https:\/\/wp.me\/p1mHPu-3je","jetpack_sharing_enabled":true,"_links":{"self":[{"href":"https:\/\/www.tribur.de\/blog\/wp-json\/wp\/v2\/posts\/12724","targetHints":{"allow":["GET"]}}],"collection":[{"href":"https:\/\/www.tribur.de\/blog\/wp-json\/wp\/v2\/posts"}],"about":[{"href":"https:\/\/www.tribur.de\/blog\/wp-json\/wp\/v2\/types\/post"}],"author":[{"embeddable":true,"href":"https:\/\/www.tribur.de\/blog\/wp-json\/wp\/v2\/users\/2"}],"replies":[{"embeddable":true,"href":"https:\/\/www.tribur.de\/blog\/wp-json\/wp\/v2\/comments?post=12724"}],"version-history":[{"count":7,"href":"https:\/\/www.tribur.de\/blog\/wp-json\/wp\/v2\/posts\/12724\/revisions"}],"predecessor-version":[{"id":12734,"href":"https:\/\/www.tribur.de\/blog\/wp-json\/wp\/v2\/posts\/12724\/revisions\/12734"}],"wp:attachment":[{"href":"https:\/\/www.tribur.de\/blog\/wp-json\/wp\/v2\/media?parent=12724"}],"wp:term":[{"taxonomy":"category","embeddable":true,"href":"https:\/\/www.tribur.de\/blog\/wp-json\/wp\/v2\/categories?post=12724"},{"taxonomy":"post_tag","embeddable":true,"href":"https:\/\/www.tribur.de\/blog\/wp-json\/wp\/v2\/tags?post=12724"}],"curies":[{"name":"wp","href":"https:\/\/api.w.org\/{rel}","templated":true}]}}