{"id":12019,"date":"2011-01-07T10:41:57","date_gmt":"2011-01-07T09:41:57","guid":{"rendered":"http:\/\/www.tribur.de\/blog\/?p=12019"},"modified":"2011-01-07T10:41:57","modified_gmt":"2011-01-07T09:41:57","slug":"kommendes-zur-ausstellung","status":"publish","type":"post","link":"https:\/\/www.tribur.de\/blog\/2011\/01\/07\/kommendes-zur-ausstellung\/","title":{"rendered":"Kommendes zur Ausstellung"},"content":{"rendered":"<div id=\"attachment_12018\" style=\"width: 310px\" class=\"wp-caption alignleft\"><a href=\"https:\/\/i0.wp.com\/www.tribur.de\/blog\/wp-content\/uploads\/2011\/01\/uploadkritzelei.jpg?ssl=1\"><img data-recalc-dims=\"1\" loading=\"lazy\" decoding=\"async\" aria-describedby=\"caption-attachment-12018\" class=\"size-full wp-image-12018\" title=\"uploadkritzelei\" src=\"https:\/\/i0.wp.com\/www.tribur.de\/blog\/wp-content\/uploads\/2011\/01\/uploadkritzelei.jpg?resize=300%2C334&#038;ssl=1\" alt=\"\" width=\"300\" height=\"334\" srcset=\"https:\/\/i0.wp.com\/www.tribur.de\/blog\/wp-content\/uploads\/2011\/01\/uploadkritzelei.jpg?w=300&amp;ssl=1 300w, https:\/\/i0.wp.com\/www.tribur.de\/blog\/wp-content\/uploads\/2011\/01\/uploadkritzelei.jpg?resize=269%2C300&amp;ssl=1 269w\" sizes=\"auto, (max-width: 300px) 100vw, 300px\" \/><\/a><p id=\"caption-attachment-12018\" class=\"wp-caption-text\">Wenn ich in Sitzungen bin kritzele ich schon mal Pfalzen vor mich hin... ...ich sollte mal wieder ensthaft Zeichnen \u00fcben...<\/p><\/div>\n<p>Gestern Abend war mal wieder Besprechung, von dem was im Rahmen der Ausstellung &#8222;Pfalz-Zeit&#8220; noch kommen m\u00f6ge.<\/p>\n<p>Am 20.1. findet in der ev. Kirche in Trebur-Geinsheim ein Vortrag von Prof. Dr. J\u00f6rg W.Busch statt. Der Titel ist &#8222;Die kulturellen Leistungen der fr\u00fchen Pfalz-Zeit&#8220;.<br \/>\nIch spekuliere mal das sich hinter der \u00dcberschrift die\u00a0Karolingische Renaissance verbirgt.<\/p>\n<p>Ab Februar wird das Museum bis 18:00 Uhr ge\u00f6ffnet sein, da gegen Schlie\u00dfung immer die meisten Besucher kommen.<\/p>\n<p>Am 8. und 17. Februar gibt wieder die beliebten Nachtw\u00e4chter Rundg\u00e4nge mit Dieter Berkes.<\/p>\n<p>Am 18. Februar findet eine Nacht\u00f6ffnung des Museums statt. Mit F\u00fchrungen, Feuer und Gl\u00fchwein&#8230; n\u00e4heres dazu wenn akut.<\/p>\n<p>Am 26. Februar finden 2 Rundg\u00e4nge durch die Pfalz statt . Eigentlich war nur ein Rundgang geplant, aber die Nachfrage war so gro\u00df das wir uns in 2 Gruppen aufteilen m\u00fcssen. Eine F\u00fchrung wird Wolfgang Kraft machen, die Andere mach ich.<\/p>\n","protected":false},"excerpt":{"rendered":"<p>Gestern Abend war mal wieder Besprechung, von dem was im Rahmen der Ausstellung &#8222;Pfalz-Zeit&#8220; noch kommen m\u00f6ge. Am 20.1. findet in der ev. Kirche in Trebur-Geinsheim ein Vortrag von Prof. Dr. J\u00f6rg W.Busch statt.&#46;&#46;&#46;<\/p>\n","protected":false},"author":2,"featured_media":0,"comment_status":"open","ping_status":"open","sticky":false,"template":"","format":"standard","meta":{"jetpack_post_was_ever_published":false,"_jetpack_newsletter_access":"","_jetpack_dont_email_post_to_subs":false,"_jetpack_newsletter_tier_id":0,"_jetpack_memberships_contains_paywalled_content":false,"_jetpack_memberships_contains_paid_content":false,"footnotes":"","jetpack_publicize_message":"","jetpack_publicize_feature_enabled":true,"jetpack_social_post_already_shared":false,"jetpack_social_options":{"image_generator_settings":{"template":"highway","default_image_id":0,"font":"","enabled":false},"version":2}},"categories":[1],"tags":[28,35,16,26],"class_list":["post-12019","post","type-post","status-publish","format-standard","hentry","category-geschichte","tag-ausstellung","tag-pfalz","tag-trebur","tag-vortrag"],"yoast_head":"<!-- This site is optimized with the Yoast SEO plugin v27.5 - https:\/\/yoast.com\/product\/yoast-seo-wordpress\/ -->\n<title>Kommendes zur Ausstellung - Tribur.de<\/title>\n<meta name=\"robots\" content=\"index, follow, max-snippet:-1, max-image-preview:large, max-video-preview:-1\" \/>\n<link rel=\"canonical\" href=\"https:\/\/www.tribur.de\/blog\/2011\/01\/07\/kommendes-zur-ausstellung\/\" \/>\n<meta property=\"og:locale\" content=\"de_DE\" \/>\n<meta property=\"og:type\" content=\"article\" \/>\n<meta property=\"og:title\" content=\"Kommendes zur Ausstellung - Tribur.de\" \/>\n<meta property=\"og:description\" content=\"Gestern Abend war mal wieder Besprechung, von dem was im Rahmen der Ausstellung &#8222;Pfalz-Zeit&#8220; noch kommen m\u00f6ge. Am 20.1. findet in der ev. Kirche in Trebur-Geinsheim ein Vortrag von Prof. Dr. J\u00f6rg W.Busch statt.&#046;&#046;&#046;\" \/>\n<meta property=\"og:url\" content=\"https:\/\/www.tribur.de\/blog\/2011\/01\/07\/kommendes-zur-ausstellung\/\" \/>\n<meta property=\"og:site_name\" content=\"Tribur.de\" \/>\n<meta property=\"article:publisher\" content=\"http:\/\/www.facebook.com\/pages\/Triburde\/184352328288771\" \/>\n<meta property=\"article:author\" content=\"http:\/\/www.facebook.com\/pages\/Triburde\/184352328288771\" \/>\n<meta property=\"article:published_time\" content=\"2011-01-07T09:41:57+00:00\" \/>\n<meta property=\"og:image\" content=\"http:\/\/www.tribur.de\/blog\/wp-content\/uploads\/2011\/01\/uploadkritzelei.jpg\" \/>\n<meta name=\"author\" content=\"Markus Zwittmeier\" \/>\n<meta name=\"twitter:card\" content=\"summary_large_image\" \/>\n<meta name=\"twitter:creator\" content=\"@https:\/\/twitter.com\/tribur\" \/>\n<meta name=\"twitter:site\" content=\"@tribur\" \/>\n<meta name=\"twitter:label1\" content=\"Verfasst von\" \/>\n\t<meta name=\"twitter:data1\" content=\"Markus Zwittmeier\" \/>\n\t<meta name=\"twitter:label2\" content=\"Gesch\u00e4tzte Lesezeit\" \/>\n\t<meta name=\"twitter:data2\" content=\"1\u00a0Minute\" \/>\n<script type=\"application\/ld+json\" class=\"yoast-schema-graph\">{\"@context\":\"https:\\\/\\\/schema.org\",\"@graph\":[{\"@type\":\"Article\",\"@id\":\"https:\\\/\\\/www.tribur.de\\\/blog\\\/2011\\\/01\\\/07\\\/kommendes-zur-ausstellung\\\/#article\",\"isPartOf\":{\"@id\":\"https:\\\/\\\/www.tribur.de\\\/blog\\\/2011\\\/01\\\/07\\\/kommendes-zur-ausstellung\\\/\"},\"author\":{\"name\":\"Markus Zwittmeier\",\"@id\":\"https:\\\/\\\/www.tribur.de\\\/blog\\\/#\\\/schema\\\/person\\\/3119997f09f43791809c2d1af27bba6c\"},\"headline\":\"Kommendes zur Ausstellung\",\"datePublished\":\"2011-01-07T09:41:57+00:00\",\"mainEntityOfPage\":{\"@id\":\"https:\\\/\\\/www.tribur.de\\\/blog\\\/2011\\\/01\\\/07\\\/kommendes-zur-ausstellung\\\/\"},\"wordCount\":183,\"commentCount\":0,\"publisher\":{\"@id\":\"https:\\\/\\\/www.tribur.de\\\/blog\\\/#\\\/schema\\\/person\\\/3119997f09f43791809c2d1af27bba6c\"},\"image\":{\"@id\":\"https:\\\/\\\/www.tribur.de\\\/blog\\\/2011\\\/01\\\/07\\\/kommendes-zur-ausstellung\\\/#primaryimage\"},\"thumbnailUrl\":\"http:\\\/\\\/www.tribur.de\\\/blog\\\/wp-content\\\/uploads\\\/2011\\\/01\\\/uploadkritzelei.jpg\",\"keywords\":[\"Ausstellung\",\"Pfalz\",\"Trebur\\\/Tribur\",\"Vortrag\"],\"articleSection\":[\"Geschichte\"],\"inLanguage\":\"de\",\"potentialAction\":[{\"@type\":\"CommentAction\",\"name\":\"Comment\",\"target\":[\"https:\\\/\\\/www.tribur.de\\\/blog\\\/2011\\\/01\\\/07\\\/kommendes-zur-ausstellung\\\/#respond\"]}]},{\"@type\":\"WebPage\",\"@id\":\"https:\\\/\\\/www.tribur.de\\\/blog\\\/2011\\\/01\\\/07\\\/kommendes-zur-ausstellung\\\/\",\"url\":\"https:\\\/\\\/www.tribur.de\\\/blog\\\/2011\\\/01\\\/07\\\/kommendes-zur-ausstellung\\\/\",\"name\":\"Kommendes zur Ausstellung - Tribur.de\",\"isPartOf\":{\"@id\":\"https:\\\/\\\/www.tribur.de\\\/blog\\\/#website\"},\"primaryImageOfPage\":{\"@id\":\"https:\\\/\\\/www.tribur.de\\\/blog\\\/2011\\\/01\\\/07\\\/kommendes-zur-ausstellung\\\/#primaryimage\"},\"image\":{\"@id\":\"https:\\\/\\\/www.tribur.de\\\/blog\\\/2011\\\/01\\\/07\\\/kommendes-zur-ausstellung\\\/#primaryimage\"},\"thumbnailUrl\":\"http:\\\/\\\/www.tribur.de\\\/blog\\\/wp-content\\\/uploads\\\/2011\\\/01\\\/uploadkritzelei.jpg\",\"datePublished\":\"2011-01-07T09:41:57+00:00\",\"breadcrumb\":{\"@id\":\"https:\\\/\\\/www.tribur.de\\\/blog\\\/2011\\\/01\\\/07\\\/kommendes-zur-ausstellung\\\/#breadcrumb\"},\"inLanguage\":\"de\",\"potentialAction\":[{\"@type\":\"ReadAction\",\"target\":[\"https:\\\/\\\/www.tribur.de\\\/blog\\\/2011\\\/01\\\/07\\\/kommendes-zur-ausstellung\\\/\"]}]},{\"@type\":\"ImageObject\",\"inLanguage\":\"de\",\"@id\":\"https:\\\/\\\/www.tribur.de\\\/blog\\\/2011\\\/01\\\/07\\\/kommendes-zur-ausstellung\\\/#primaryimage\",\"url\":\"https:\\\/\\\/i0.wp.com\\\/www.tribur.de\\\/blog\\\/wp-content\\\/uploads\\\/2011\\\/01\\\/uploadkritzelei.jpg?fit=300%2C334&ssl=1\",\"contentUrl\":\"https:\\\/\\\/i0.wp.com\\\/www.tribur.de\\\/blog\\\/wp-content\\\/uploads\\\/2011\\\/01\\\/uploadkritzelei.jpg?fit=300%2C334&ssl=1\",\"width\":\"300\",\"height\":\"334\"},{\"@type\":\"BreadcrumbList\",\"@id\":\"https:\\\/\\\/www.tribur.de\\\/blog\\\/2011\\\/01\\\/07\\\/kommendes-zur-ausstellung\\\/#breadcrumb\",\"itemListElement\":[{\"@type\":\"ListItem\",\"position\":1,\"name\":\"Home\",\"item\":\"https:\\\/\\\/www.tribur.de\\\/blog\\\/\"},{\"@type\":\"ListItem\",\"position\":2,\"name\":\"Kommendes zur Ausstellung\"}]},{\"@type\":\"WebSite\",\"@id\":\"https:\\\/\\\/www.tribur.de\\\/blog\\\/#website\",\"url\":\"https:\\\/\\\/www.tribur.de\\\/blog\\\/\",\"name\":\"Tribur.de\",\"description\":\"Tribur.de - Geschichte und so Zeugs\",\"publisher\":{\"@id\":\"https:\\\/\\\/www.tribur.de\\\/blog\\\/#\\\/schema\\\/person\\\/3119997f09f43791809c2d1af27bba6c\"},\"potentialAction\":[{\"@type\":\"SearchAction\",\"target\":{\"@type\":\"EntryPoint\",\"urlTemplate\":\"https:\\\/\\\/www.tribur.de\\\/blog\\\/?s={search_term_string}\"},\"query-input\":{\"@type\":\"PropertyValueSpecification\",\"valueRequired\":true,\"valueName\":\"search_term_string\"}}],\"inLanguage\":\"de\"},{\"@type\":[\"Person\",\"Organization\"],\"@id\":\"https:\\\/\\\/www.tribur.de\\\/blog\\\/#\\\/schema\\\/person\\\/3119997f09f43791809c2d1af27bba6c\",\"name\":\"Markus Zwittmeier\",\"image\":{\"@type\":\"ImageObject\",\"inLanguage\":\"de\",\"@id\":\"https:\\\/\\\/i0.wp.com\\\/www.tribur.de\\\/blog\\\/wp-content\\\/uploads\\\/2018\\\/09\\\/cropped-logotest-4.jpg?fit=200%2C200&ssl=1\",\"url\":\"https:\\\/\\\/i0.wp.com\\\/www.tribur.de\\\/blog\\\/wp-content\\\/uploads\\\/2018\\\/09\\\/cropped-logotest-4.jpg?fit=200%2C200&ssl=1\",\"contentUrl\":\"https:\\\/\\\/i0.wp.com\\\/www.tribur.de\\\/blog\\\/wp-content\\\/uploads\\\/2018\\\/09\\\/cropped-logotest-4.jpg?fit=200%2C200&ssl=1\",\"width\":200,\"height\":200,\"caption\":\"Markus Zwittmeier\"},\"logo\":{\"@id\":\"https:\\\/\\\/i0.wp.com\\\/www.tribur.de\\\/blog\\\/wp-content\\\/uploads\\\/2018\\\/09\\\/cropped-logotest-4.jpg?fit=200%2C200&ssl=1\"},\"sameAs\":[\"http:\\\/\\\/www.Tribur.de\",\"http:\\\/\\\/www.facebook.com\\\/pages\\\/Triburde\\\/184352328288771\",\"https:\\\/\\\/www.instagram.com\\\/tribur.de\\\/\",\"https:\\\/\\\/x.com\\\/https:\\\/\\\/twitter.com\\\/tribur\",\"https:\\\/\\\/www.youtube.com\\\/channel\\\/UCnEonou-x6_P4XPjBk2htCA\"],\"url\":\"https:\\\/\\\/www.tribur.de\\\/blog\\\/author\\\/markus\\\/\"}]}<\/script>\n<!-- \/ Yoast SEO plugin. -->","yoast_head_json":{"title":"Kommendes zur Ausstellung - Tribur.de","robots":{"index":"index","follow":"follow","max-snippet":"max-snippet:-1","max-image-preview":"max-image-preview:large","max-video-preview":"max-video-preview:-1"},"canonical":"https:\/\/www.tribur.de\/blog\/2011\/01\/07\/kommendes-zur-ausstellung\/","og_locale":"de_DE","og_type":"article","og_title":"Kommendes zur Ausstellung - Tribur.de","og_description":"Gestern Abend war mal wieder Besprechung, von dem was im Rahmen der Ausstellung &#8222;Pfalz-Zeit&#8220; noch kommen m\u00f6ge. Am 20.1. findet in der ev. Kirche in Trebur-Geinsheim ein Vortrag von Prof. Dr. J\u00f6rg W.Busch statt.&#46;&#46;&#46;","og_url":"https:\/\/www.tribur.de\/blog\/2011\/01\/07\/kommendes-zur-ausstellung\/","og_site_name":"Tribur.de","article_publisher":"http:\/\/www.facebook.com\/pages\/Triburde\/184352328288771","article_author":"http:\/\/www.facebook.com\/pages\/Triburde\/184352328288771","article_published_time":"2011-01-07T09:41:57+00:00","og_image":[{"url":"http:\/\/www.tribur.de\/blog\/wp-content\/uploads\/2011\/01\/uploadkritzelei.jpg","type":"","width":"","height":""}],"author":"Markus Zwittmeier","twitter_card":"summary_large_image","twitter_creator":"@https:\/\/twitter.com\/tribur","twitter_site":"@tribur","twitter_misc":{"Verfasst von":"Markus Zwittmeier","Gesch\u00e4tzte Lesezeit":"1\u00a0Minute"},"schema":{"@context":"https:\/\/schema.org","@graph":[{"@type":"Article","@id":"https:\/\/www.tribur.de\/blog\/2011\/01\/07\/kommendes-zur-ausstellung\/#article","isPartOf":{"@id":"https:\/\/www.tribur.de\/blog\/2011\/01\/07\/kommendes-zur-ausstellung\/"},"author":{"name":"Markus Zwittmeier","@id":"https:\/\/www.tribur.de\/blog\/#\/schema\/person\/3119997f09f43791809c2d1af27bba6c"},"headline":"Kommendes zur Ausstellung","datePublished":"2011-01-07T09:41:57+00:00","mainEntityOfPage":{"@id":"https:\/\/www.tribur.de\/blog\/2011\/01\/07\/kommendes-zur-ausstellung\/"},"wordCount":183,"commentCount":0,"publisher":{"@id":"https:\/\/www.tribur.de\/blog\/#\/schema\/person\/3119997f09f43791809c2d1af27bba6c"},"image":{"@id":"https:\/\/www.tribur.de\/blog\/2011\/01\/07\/kommendes-zur-ausstellung\/#primaryimage"},"thumbnailUrl":"http:\/\/www.tribur.de\/blog\/wp-content\/uploads\/2011\/01\/uploadkritzelei.jpg","keywords":["Ausstellung","Pfalz","Trebur\/Tribur","Vortrag"],"articleSection":["Geschichte"],"inLanguage":"de","potentialAction":[{"@type":"CommentAction","name":"Comment","target":["https:\/\/www.tribur.de\/blog\/2011\/01\/07\/kommendes-zur-ausstellung\/#respond"]}]},{"@type":"WebPage","@id":"https:\/\/www.tribur.de\/blog\/2011\/01\/07\/kommendes-zur-ausstellung\/","url":"https:\/\/www.tribur.de\/blog\/2011\/01\/07\/kommendes-zur-ausstellung\/","name":"Kommendes zur Ausstellung - Tribur.de","isPartOf":{"@id":"https:\/\/www.tribur.de\/blog\/#website"},"primaryImageOfPage":{"@id":"https:\/\/www.tribur.de\/blog\/2011\/01\/07\/kommendes-zur-ausstellung\/#primaryimage"},"image":{"@id":"https:\/\/www.tribur.de\/blog\/2011\/01\/07\/kommendes-zur-ausstellung\/#primaryimage"},"thumbnailUrl":"http:\/\/www.tribur.de\/blog\/wp-content\/uploads\/2011\/01\/uploadkritzelei.jpg","datePublished":"2011-01-07T09:41:57+00:00","breadcrumb":{"@id":"https:\/\/www.tribur.de\/blog\/2011\/01\/07\/kommendes-zur-ausstellung\/#breadcrumb"},"inLanguage":"de","potentialAction":[{"@type":"ReadAction","target":["https:\/\/www.tribur.de\/blog\/2011\/01\/07\/kommendes-zur-ausstellung\/"]}]},{"@type":"ImageObject","inLanguage":"de","@id":"https:\/\/www.tribur.de\/blog\/2011\/01\/07\/kommendes-zur-ausstellung\/#primaryimage","url":"https:\/\/i0.wp.com\/www.tribur.de\/blog\/wp-content\/uploads\/2011\/01\/uploadkritzelei.jpg?fit=300%2C334&ssl=1","contentUrl":"https:\/\/i0.wp.com\/www.tribur.de\/blog\/wp-content\/uploads\/2011\/01\/uploadkritzelei.jpg?fit=300%2C334&ssl=1","width":"300","height":"334"},{"@type":"BreadcrumbList","@id":"https:\/\/www.tribur.de\/blog\/2011\/01\/07\/kommendes-zur-ausstellung\/#breadcrumb","itemListElement":[{"@type":"ListItem","position":1,"name":"Home","item":"https:\/\/www.tribur.de\/blog\/"},{"@type":"ListItem","position":2,"name":"Kommendes zur Ausstellung"}]},{"@type":"WebSite","@id":"https:\/\/www.tribur.de\/blog\/#website","url":"https:\/\/www.tribur.de\/blog\/","name":"Tribur.de","description":"Tribur.de - Geschichte und so Zeugs","publisher":{"@id":"https:\/\/www.tribur.de\/blog\/#\/schema\/person\/3119997f09f43791809c2d1af27bba6c"},"potentialAction":[{"@type":"SearchAction","target":{"@type":"EntryPoint","urlTemplate":"https:\/\/www.tribur.de\/blog\/?s={search_term_string}"},"query-input":{"@type":"PropertyValueSpecification","valueRequired":true,"valueName":"search_term_string"}}],"inLanguage":"de"},{"@type":["Person","Organization"],"@id":"https:\/\/www.tribur.de\/blog\/#\/schema\/person\/3119997f09f43791809c2d1af27bba6c","name":"Markus Zwittmeier","image":{"@type":"ImageObject","inLanguage":"de","@id":"https:\/\/i0.wp.com\/www.tribur.de\/blog\/wp-content\/uploads\/2018\/09\/cropped-logotest-4.jpg?fit=200%2C200&ssl=1","url":"https:\/\/i0.wp.com\/www.tribur.de\/blog\/wp-content\/uploads\/2018\/09\/cropped-logotest-4.jpg?fit=200%2C200&ssl=1","contentUrl":"https:\/\/i0.wp.com\/www.tribur.de\/blog\/wp-content\/uploads\/2018\/09\/cropped-logotest-4.jpg?fit=200%2C200&ssl=1","width":200,"height":200,"caption":"Markus Zwittmeier"},"logo":{"@id":"https:\/\/i0.wp.com\/www.tribur.de\/blog\/wp-content\/uploads\/2018\/09\/cropped-logotest-4.jpg?fit=200%2C200&ssl=1"},"sameAs":["http:\/\/www.Tribur.de","http:\/\/www.facebook.com\/pages\/Triburde\/184352328288771","https:\/\/www.instagram.com\/tribur.de\/","https:\/\/x.com\/https:\/\/twitter.com\/tribur","https:\/\/www.youtube.com\/channel\/UCnEonou-x6_P4XPjBk2htCA"],"url":"https:\/\/www.tribur.de\/blog\/author\/markus\/"}]}},"jetpack_publicize_connections":[],"jetpack_featured_media_url":"","jetpack_shortlink":"https:\/\/wp.me\/p1mHPu-37R","jetpack_sharing_enabled":true,"_links":{"self":[{"href":"https:\/\/www.tribur.de\/blog\/wp-json\/wp\/v2\/posts\/12019","targetHints":{"allow":["GET"]}}],"collection":[{"href":"https:\/\/www.tribur.de\/blog\/wp-json\/wp\/v2\/posts"}],"about":[{"href":"https:\/\/www.tribur.de\/blog\/wp-json\/wp\/v2\/types\/post"}],"author":[{"embeddable":true,"href":"https:\/\/www.tribur.de\/blog\/wp-json\/wp\/v2\/users\/2"}],"replies":[{"embeddable":true,"href":"https:\/\/www.tribur.de\/blog\/wp-json\/wp\/v2\/comments?post=12019"}],"version-history":[{"count":4,"href":"https:\/\/www.tribur.de\/blog\/wp-json\/wp\/v2\/posts\/12019\/revisions"}],"predecessor-version":[{"id":12029,"href":"https:\/\/www.tribur.de\/blog\/wp-json\/wp\/v2\/posts\/12019\/revisions\/12029"}],"wp:attachment":[{"href":"https:\/\/www.tribur.de\/blog\/wp-json\/wp\/v2\/media?parent=12019"}],"wp:term":[{"taxonomy":"category","embeddable":true,"href":"https:\/\/www.tribur.de\/blog\/wp-json\/wp\/v2\/categories?post=12019"},{"taxonomy":"post_tag","embeddable":true,"href":"https:\/\/www.tribur.de\/blog\/wp-json\/wp\/v2\/tags?post=12019"}],"curies":[{"name":"wp","href":"https:\/\/api.w.org\/{rel}","templated":true}]}}