{"id":11469,"date":"2010-12-14T10:48:05","date_gmt":"2010-12-14T09:48:05","guid":{"rendered":"http:\/\/www.tribur.de\/blog\/?p=11469"},"modified":"2010-12-14T10:48:05","modified_gmt":"2010-12-14T09:48:05","slug":"die-ahnlichkeit-der-frankfurter-pfalzkapelle-zur-treburer-pfalzkapelle","status":"publish","type":"post","link":"https:\/\/www.tribur.de\/blog\/2010\/12\/14\/die-ahnlichkeit-der-frankfurter-pfalzkapelle-zur-treburer-pfalzkapelle\/","title":{"rendered":"Die \u00c4hnlichkeit der Frankfurter Pfalzkapelle zur Treburer Pfalzkapelle"},"content":{"rendered":"<div id=\"attachment_5406\" style=\"width: 370px\" class=\"wp-caption alignleft\"><a href=\"https:\/\/i0.wp.com\/www.tribur.de\/blog\/wp-content\/uploads\/2010\/03\/ffmt.jpg?ssl=1\"><img data-recalc-dims=\"1\" loading=\"lazy\" decoding=\"async\" aria-describedby=\"caption-attachment-5406\" class=\"size-full wp-image-5406\" title=\"ffmt\" src=\"https:\/\/i0.wp.com\/www.tribur.de\/blog\/wp-content\/uploads\/2010\/03\/ffmt.jpg?resize=360%2C373&#038;ssl=1\" alt=\"\" width=\"360\" height=\"373\" srcset=\"https:\/\/i0.wp.com\/www.tribur.de\/blog\/wp-content\/uploads\/2010\/03\/ffmt.jpg?w=600&amp;ssl=1 600w, https:\/\/i0.wp.com\/www.tribur.de\/blog\/wp-content\/uploads\/2010\/03\/ffmt.jpg?resize=289%2C300&amp;ssl=1 289w\" sizes=\"auto, (max-width: 360px) 100vw, 360px\" \/><\/a><p id=\"caption-attachment-5406\" class=\"wp-caption-text\">ghr\u00f6\u00dfenvergleich Frankfurt (links) mit Trebur. Zeichnungen nur Skizzenhaft<\/p><\/div>\n<p>Auf die \u00c4hnlichkeiten von Frankfurt zu Trebur hab ich ja schon an diversen Stelen hingewiesen. Da ich ja nur Laie bin, lauf ich nat\u00fcrlich immer Gefahr nur Stuss zu schreiben, aber wie so schon oft scheinen sich meine Vermutungen zur \u00c4hnlichkeit zu Frankfurt zu best\u00e4tigen. (was mich wieder \u00a0mal so ein bisschen stolz macht)<\/p>\n<p>Wintergerst schreibt in &#8222;Franconofurd&#8220; zum durchgeschobenen (Das Querhaus bildet einen Riegel, der keine ausgeschiedene Vierung und die gleiche H\u00f6he des Langhauses besitzt) Querhaus Frankfurts, das sich St. Kastor in Kolblenz so wie die Laurentiuskirche in Trebur auf Grund der Befunde als Vergleich anbieten. St. Kastor wurde 836 geweiht, ein Ankerbalken, der im Zusammenhang mit einem Umbau steht stammt von 861 (laut Dendro).<\/p>\n<p>Zu Trebur schreibt er dann speziell:<\/p>\n<blockquote><p>Vom 829 erstmals genannten Trebur sind dagegen keine Weihedaten oder Bautdaten bekannt. Die Verwandschaft des Grundrisses zum Frankfurter &#8222;Bau III&#8220; ist aber so gro\u00df, \u00a0dass es sich sich in Trebur um eine etwas kleinere Kopie des Frankfurter Baus handeln d\u00fcrfte. Beide Beispiele (gemeint ist St. Kastor und die Laurentiuskirche) weisen gro\u00dfe \u00c4hnlichkeit bez\u00fcglich der Art der Fundamentierung auf. (&#8230;) In Trebur war die vor dem Mittelschiff gelegene Querhausmauer 1,30 m stark, wogegen sich die vor den Seitenschiffen gelegenen Mauern mit 1,10 m um 0,20 m schw\u00e4cher waren. Das gleiche Ph\u00e4nomen war auch in Frankfurt bei der im Gegensatz zu den \u00fcbrigen Mauern wesentlich st\u00e4rkere Mauer 230 zu beobachten, die ebnefalls im Mittelschiff liegt.<\/p><\/blockquote>\n<p>In Frankfurt nahm man zun\u00e4chst an die Mauer habe eine unterschiedliche Zeitstellung, weshalb man die Kirche in anderen Entstehungsschritten\u00a0rekonstruierte\u00a0als heute (Diese alte Vermutung kann man sich noch im Dom anschauen , wo sie auf einer Sandsteintafel zu sehen ist und leider auch bei Wikipedia&#8230;)<\/p>\n<p>In Frankfurt ist von einer reinen Pfeilerbasilika auszugehen, jedoch fand meine keinerlei Reste dieser Pfeiler so das sich wie in Trebur keine Pfeilerstellung rekonstruieren l\u00e4sst.<\/p>\n<p>An sp\u00e4terer Stelle geht Wintergerst noch auf den urspr\u00fcnglich Westabschlu\u00df in Frankfurt ein und wei\u00dft auf den \u00a0den Westbau von Trebur hin (er bezieht sich auf ein &#8222;gesondertes Westjoch&#8220;), wobei er darauf hinweist das die Entstehungszeit unbekannt ist (10. Jahrhundert wie ich wei\u00df aus den Bauuntersuchungen, die ja leider nicht ver\u00f6ffentlicht sind) und betont noch einmal, dass die \u00c4hnlichkeit zwischen Frankfurt und Trebur nur darauf zur\u00fcckzuf\u00fchren ist das man in Trebur die Frankfurter Kapelle in etwas kleinerem Ma\u00dfstab (z.B.4,45m k\u00fcrzeres Querhaus) nachahmte! Was mich nat\u00fcrlich in meinen bisherigen Vermutungen best\u00e4rkt! Also gebaut nach 855!<\/p>\n","protected":false},"excerpt":{"rendered":"<p>Auf die \u00c4hnlichkeiten von Frankfurt zu Trebur hab ich ja schon an diversen Stelen hingewiesen. Da ich ja nur Laie bin, lauf ich nat\u00fcrlich immer Gefahr nur Stuss zu schreiben, aber wie so schon&#46;&#46;&#46;<\/p>\n","protected":false},"author":2,"featured_media":0,"comment_status":"open","ping_status":"open","sticky":false,"template":"","format":"standard","meta":{"jetpack_post_was_ever_published":false,"_jetpack_newsletter_access":"","_jetpack_dont_email_post_to_subs":false,"_jetpack_newsletter_tier_id":0,"_jetpack_memberships_contains_paywalled_content":false,"_jetpack_memberships_contains_paid_content":false,"footnotes":"","jetpack_publicize_message":"","jetpack_publicize_feature_enabled":true,"jetpack_social_post_already_shared":false,"jetpack_social_options":{"image_generator_settings":{"template":"highway","default_image_id":0,"font":"","enabled":false},"version":2}},"categories":[1],"tags":[54,61,11,12,32,46,35,16],"class_list":["post-11469","post","type-post","status-publish","format-standard","hentry","category-geschichte","tag-archaologie","tag-architektur","tag-fruhmittelalter","tag-hochmittelalter","tag-karolingisch","tag-ottonisch","tag-pfalz","tag-trebur"],"yoast_head":"<!-- This site is optimized with the Yoast SEO plugin v27.4 - https:\/\/yoast.com\/product\/yoast-seo-wordpress\/ -->\n<title>Die \u00c4hnlichkeit der Frankfurter Pfalzkapelle zur Treburer Pfalzkapelle - Tribur.de<\/title>\n<meta name=\"robots\" content=\"index, follow, max-snippet:-1, max-image-preview:large, max-video-preview:-1\" \/>\n<link rel=\"canonical\" href=\"https:\/\/www.tribur.de\/blog\/2010\/12\/14\/die-ahnlichkeit-der-frankfurter-pfalzkapelle-zur-treburer-pfalzkapelle\/\" \/>\n<meta property=\"og:locale\" content=\"de_DE\" \/>\n<meta property=\"og:type\" content=\"article\" \/>\n<meta property=\"og:title\" content=\"Die \u00c4hnlichkeit der Frankfurter Pfalzkapelle zur Treburer Pfalzkapelle - Tribur.de\" \/>\n<meta property=\"og:description\" content=\"Auf die \u00c4hnlichkeiten von Frankfurt zu Trebur hab ich ja schon an diversen Stelen hingewiesen. Da ich ja nur Laie bin, lauf ich nat\u00fcrlich immer Gefahr nur Stuss zu schreiben, aber wie so schon&#046;&#046;&#046;\" \/>\n<meta property=\"og:url\" content=\"https:\/\/www.tribur.de\/blog\/2010\/12\/14\/die-ahnlichkeit-der-frankfurter-pfalzkapelle-zur-treburer-pfalzkapelle\/\" \/>\n<meta property=\"og:site_name\" content=\"Tribur.de\" \/>\n<meta property=\"article:publisher\" content=\"http:\/\/www.facebook.com\/pages\/Triburde\/184352328288771\" \/>\n<meta property=\"article:author\" content=\"http:\/\/www.facebook.com\/pages\/Triburde\/184352328288771\" \/>\n<meta property=\"article:published_time\" content=\"2010-12-14T09:48:05+00:00\" \/>\n<meta property=\"og:image\" content=\"http:\/\/www.tribur.de\/blog\/wp-content\/uploads\/2010\/03\/ffmt.jpg\" \/>\n<meta name=\"author\" content=\"Markus Zwittmeier\" \/>\n<meta name=\"twitter:card\" content=\"summary_large_image\" \/>\n<meta name=\"twitter:creator\" content=\"@https:\/\/twitter.com\/tribur\" \/>\n<meta name=\"twitter:site\" content=\"@tribur\" \/>\n<meta name=\"twitter:label1\" content=\"Verfasst von\" \/>\n\t<meta name=\"twitter:data1\" content=\"Markus Zwittmeier\" \/>\n\t<meta name=\"twitter:label2\" content=\"Gesch\u00e4tzte Lesezeit\" \/>\n\t<meta name=\"twitter:data2\" content=\"2\u00a0Minuten\" \/>\n<script type=\"application\/ld+json\" class=\"yoast-schema-graph\">{\"@context\":\"https:\\\/\\\/schema.org\",\"@graph\":[{\"@type\":\"Article\",\"@id\":\"https:\\\/\\\/www.tribur.de\\\/blog\\\/2010\\\/12\\\/14\\\/die-ahnlichkeit-der-frankfurter-pfalzkapelle-zur-treburer-pfalzkapelle\\\/#article\",\"isPartOf\":{\"@id\":\"https:\\\/\\\/www.tribur.de\\\/blog\\\/2010\\\/12\\\/14\\\/die-ahnlichkeit-der-frankfurter-pfalzkapelle-zur-treburer-pfalzkapelle\\\/\"},\"author\":{\"name\":\"Markus Zwittmeier\",\"@id\":\"https:\\\/\\\/www.tribur.de\\\/blog\\\/#\\\/schema\\\/person\\\/3119997f09f43791809c2d1af27bba6c\"},\"headline\":\"Die \u00c4hnlichkeit der Frankfurter Pfalzkapelle zur Treburer Pfalzkapelle\",\"datePublished\":\"2010-12-14T09:48:05+00:00\",\"mainEntityOfPage\":{\"@id\":\"https:\\\/\\\/www.tribur.de\\\/blog\\\/2010\\\/12\\\/14\\\/die-ahnlichkeit-der-frankfurter-pfalzkapelle-zur-treburer-pfalzkapelle\\\/\"},\"wordCount\":437,\"commentCount\":0,\"publisher\":{\"@id\":\"https:\\\/\\\/www.tribur.de\\\/blog\\\/#\\\/schema\\\/person\\\/3119997f09f43791809c2d1af27bba6c\"},\"image\":{\"@id\":\"https:\\\/\\\/www.tribur.de\\\/blog\\\/2010\\\/12\\\/14\\\/die-ahnlichkeit-der-frankfurter-pfalzkapelle-zur-treburer-pfalzkapelle\\\/#primaryimage\"},\"thumbnailUrl\":\"http:\\\/\\\/www.tribur.de\\\/blog\\\/wp-content\\\/uploads\\\/2010\\\/03\\\/ffmt.jpg\",\"keywords\":[\"Arch\u00e4ologie\",\"Architektur\",\"Fr\u00fchmittelalter\",\"Hochmittelalter\",\"karolingisch\",\"ottonisch\",\"Pfalz\",\"Trebur\\\/Tribur\"],\"articleSection\":[\"Geschichte\"],\"inLanguage\":\"de\",\"potentialAction\":[{\"@type\":\"CommentAction\",\"name\":\"Comment\",\"target\":[\"https:\\\/\\\/www.tribur.de\\\/blog\\\/2010\\\/12\\\/14\\\/die-ahnlichkeit-der-frankfurter-pfalzkapelle-zur-treburer-pfalzkapelle\\\/#respond\"]}]},{\"@type\":\"WebPage\",\"@id\":\"https:\\\/\\\/www.tribur.de\\\/blog\\\/2010\\\/12\\\/14\\\/die-ahnlichkeit-der-frankfurter-pfalzkapelle-zur-treburer-pfalzkapelle\\\/\",\"url\":\"https:\\\/\\\/www.tribur.de\\\/blog\\\/2010\\\/12\\\/14\\\/die-ahnlichkeit-der-frankfurter-pfalzkapelle-zur-treburer-pfalzkapelle\\\/\",\"name\":\"Die \u00c4hnlichkeit der Frankfurter Pfalzkapelle zur Treburer Pfalzkapelle - Tribur.de\",\"isPartOf\":{\"@id\":\"https:\\\/\\\/www.tribur.de\\\/blog\\\/#website\"},\"primaryImageOfPage\":{\"@id\":\"https:\\\/\\\/www.tribur.de\\\/blog\\\/2010\\\/12\\\/14\\\/die-ahnlichkeit-der-frankfurter-pfalzkapelle-zur-treburer-pfalzkapelle\\\/#primaryimage\"},\"image\":{\"@id\":\"https:\\\/\\\/www.tribur.de\\\/blog\\\/2010\\\/12\\\/14\\\/die-ahnlichkeit-der-frankfurter-pfalzkapelle-zur-treburer-pfalzkapelle\\\/#primaryimage\"},\"thumbnailUrl\":\"http:\\\/\\\/www.tribur.de\\\/blog\\\/wp-content\\\/uploads\\\/2010\\\/03\\\/ffmt.jpg\",\"datePublished\":\"2010-12-14T09:48:05+00:00\",\"breadcrumb\":{\"@id\":\"https:\\\/\\\/www.tribur.de\\\/blog\\\/2010\\\/12\\\/14\\\/die-ahnlichkeit-der-frankfurter-pfalzkapelle-zur-treburer-pfalzkapelle\\\/#breadcrumb\"},\"inLanguage\":\"de\",\"potentialAction\":[{\"@type\":\"ReadAction\",\"target\":[\"https:\\\/\\\/www.tribur.de\\\/blog\\\/2010\\\/12\\\/14\\\/die-ahnlichkeit-der-frankfurter-pfalzkapelle-zur-treburer-pfalzkapelle\\\/\"]}]},{\"@type\":\"ImageObject\",\"inLanguage\":\"de\",\"@id\":\"https:\\\/\\\/www.tribur.de\\\/blog\\\/2010\\\/12\\\/14\\\/die-ahnlichkeit-der-frankfurter-pfalzkapelle-zur-treburer-pfalzkapelle\\\/#primaryimage\",\"url\":\"https:\\\/\\\/i0.wp.com\\\/www.tribur.de\\\/blog\\\/wp-content\\\/uploads\\\/2010\\\/03\\\/ffmt.jpg?fit=600%2C621&ssl=1\",\"contentUrl\":\"https:\\\/\\\/i0.wp.com\\\/www.tribur.de\\\/blog\\\/wp-content\\\/uploads\\\/2010\\\/03\\\/ffmt.jpg?fit=600%2C621&ssl=1\",\"width\":\"600\",\"height\":\"621\"},{\"@type\":\"BreadcrumbList\",\"@id\":\"https:\\\/\\\/www.tribur.de\\\/blog\\\/2010\\\/12\\\/14\\\/die-ahnlichkeit-der-frankfurter-pfalzkapelle-zur-treburer-pfalzkapelle\\\/#breadcrumb\",\"itemListElement\":[{\"@type\":\"ListItem\",\"position\":1,\"name\":\"Home\",\"item\":\"https:\\\/\\\/www.tribur.de\\\/blog\\\/\"},{\"@type\":\"ListItem\",\"position\":2,\"name\":\"Die \u00c4hnlichkeit der Frankfurter Pfalzkapelle zur Treburer Pfalzkapelle\"}]},{\"@type\":\"WebSite\",\"@id\":\"https:\\\/\\\/www.tribur.de\\\/blog\\\/#website\",\"url\":\"https:\\\/\\\/www.tribur.de\\\/blog\\\/\",\"name\":\"Tribur.de\",\"description\":\"Tribur.de - Geschichte und so Zeugs\",\"publisher\":{\"@id\":\"https:\\\/\\\/www.tribur.de\\\/blog\\\/#\\\/schema\\\/person\\\/3119997f09f43791809c2d1af27bba6c\"},\"potentialAction\":[{\"@type\":\"SearchAction\",\"target\":{\"@type\":\"EntryPoint\",\"urlTemplate\":\"https:\\\/\\\/www.tribur.de\\\/blog\\\/?s={search_term_string}\"},\"query-input\":{\"@type\":\"PropertyValueSpecification\",\"valueRequired\":true,\"valueName\":\"search_term_string\"}}],\"inLanguage\":\"de\"},{\"@type\":[\"Person\",\"Organization\"],\"@id\":\"https:\\\/\\\/www.tribur.de\\\/blog\\\/#\\\/schema\\\/person\\\/3119997f09f43791809c2d1af27bba6c\",\"name\":\"Markus Zwittmeier\",\"image\":{\"@type\":\"ImageObject\",\"inLanguage\":\"de\",\"@id\":\"https:\\\/\\\/i0.wp.com\\\/www.tribur.de\\\/blog\\\/wp-content\\\/uploads\\\/2018\\\/09\\\/cropped-logotest-4.jpg?fit=200%2C200&ssl=1\",\"url\":\"https:\\\/\\\/i0.wp.com\\\/www.tribur.de\\\/blog\\\/wp-content\\\/uploads\\\/2018\\\/09\\\/cropped-logotest-4.jpg?fit=200%2C200&ssl=1\",\"contentUrl\":\"https:\\\/\\\/i0.wp.com\\\/www.tribur.de\\\/blog\\\/wp-content\\\/uploads\\\/2018\\\/09\\\/cropped-logotest-4.jpg?fit=200%2C200&ssl=1\",\"width\":200,\"height\":200,\"caption\":\"Markus Zwittmeier\"},\"logo\":{\"@id\":\"https:\\\/\\\/i0.wp.com\\\/www.tribur.de\\\/blog\\\/wp-content\\\/uploads\\\/2018\\\/09\\\/cropped-logotest-4.jpg?fit=200%2C200&ssl=1\"},\"sameAs\":[\"http:\\\/\\\/www.Tribur.de\",\"http:\\\/\\\/www.facebook.com\\\/pages\\\/Triburde\\\/184352328288771\",\"https:\\\/\\\/www.instagram.com\\\/tribur.de\\\/\",\"https:\\\/\\\/x.com\\\/https:\\\/\\\/twitter.com\\\/tribur\",\"https:\\\/\\\/www.youtube.com\\\/channel\\\/UCnEonou-x6_P4XPjBk2htCA\"],\"url\":\"https:\\\/\\\/www.tribur.de\\\/blog\\\/author\\\/markus\\\/\"}]}<\/script>\n<!-- \/ Yoast SEO plugin. -->","yoast_head_json":{"title":"Die \u00c4hnlichkeit der Frankfurter Pfalzkapelle zur Treburer Pfalzkapelle - Tribur.de","robots":{"index":"index","follow":"follow","max-snippet":"max-snippet:-1","max-image-preview":"max-image-preview:large","max-video-preview":"max-video-preview:-1"},"canonical":"https:\/\/www.tribur.de\/blog\/2010\/12\/14\/die-ahnlichkeit-der-frankfurter-pfalzkapelle-zur-treburer-pfalzkapelle\/","og_locale":"de_DE","og_type":"article","og_title":"Die \u00c4hnlichkeit der Frankfurter Pfalzkapelle zur Treburer Pfalzkapelle - Tribur.de","og_description":"Auf die \u00c4hnlichkeiten von Frankfurt zu Trebur hab ich ja schon an diversen Stelen hingewiesen. Da ich ja nur Laie bin, lauf ich nat\u00fcrlich immer Gefahr nur Stuss zu schreiben, aber wie so schon&#46;&#46;&#46;","og_url":"https:\/\/www.tribur.de\/blog\/2010\/12\/14\/die-ahnlichkeit-der-frankfurter-pfalzkapelle-zur-treburer-pfalzkapelle\/","og_site_name":"Tribur.de","article_publisher":"http:\/\/www.facebook.com\/pages\/Triburde\/184352328288771","article_author":"http:\/\/www.facebook.com\/pages\/Triburde\/184352328288771","article_published_time":"2010-12-14T09:48:05+00:00","og_image":[{"url":"http:\/\/www.tribur.de\/blog\/wp-content\/uploads\/2010\/03\/ffmt.jpg","type":"","width":"","height":""}],"author":"Markus Zwittmeier","twitter_card":"summary_large_image","twitter_creator":"@https:\/\/twitter.com\/tribur","twitter_site":"@tribur","twitter_misc":{"Verfasst von":"Markus Zwittmeier","Gesch\u00e4tzte Lesezeit":"2\u00a0Minuten"},"schema":{"@context":"https:\/\/schema.org","@graph":[{"@type":"Article","@id":"https:\/\/www.tribur.de\/blog\/2010\/12\/14\/die-ahnlichkeit-der-frankfurter-pfalzkapelle-zur-treburer-pfalzkapelle\/#article","isPartOf":{"@id":"https:\/\/www.tribur.de\/blog\/2010\/12\/14\/die-ahnlichkeit-der-frankfurter-pfalzkapelle-zur-treburer-pfalzkapelle\/"},"author":{"name":"Markus Zwittmeier","@id":"https:\/\/www.tribur.de\/blog\/#\/schema\/person\/3119997f09f43791809c2d1af27bba6c"},"headline":"Die \u00c4hnlichkeit der Frankfurter Pfalzkapelle zur Treburer Pfalzkapelle","datePublished":"2010-12-14T09:48:05+00:00","mainEntityOfPage":{"@id":"https:\/\/www.tribur.de\/blog\/2010\/12\/14\/die-ahnlichkeit-der-frankfurter-pfalzkapelle-zur-treburer-pfalzkapelle\/"},"wordCount":437,"commentCount":0,"publisher":{"@id":"https:\/\/www.tribur.de\/blog\/#\/schema\/person\/3119997f09f43791809c2d1af27bba6c"},"image":{"@id":"https:\/\/www.tribur.de\/blog\/2010\/12\/14\/die-ahnlichkeit-der-frankfurter-pfalzkapelle-zur-treburer-pfalzkapelle\/#primaryimage"},"thumbnailUrl":"http:\/\/www.tribur.de\/blog\/wp-content\/uploads\/2010\/03\/ffmt.jpg","keywords":["Arch\u00e4ologie","Architektur","Fr\u00fchmittelalter","Hochmittelalter","karolingisch","ottonisch","Pfalz","Trebur\/Tribur"],"articleSection":["Geschichte"],"inLanguage":"de","potentialAction":[{"@type":"CommentAction","name":"Comment","target":["https:\/\/www.tribur.de\/blog\/2010\/12\/14\/die-ahnlichkeit-der-frankfurter-pfalzkapelle-zur-treburer-pfalzkapelle\/#respond"]}]},{"@type":"WebPage","@id":"https:\/\/www.tribur.de\/blog\/2010\/12\/14\/die-ahnlichkeit-der-frankfurter-pfalzkapelle-zur-treburer-pfalzkapelle\/","url":"https:\/\/www.tribur.de\/blog\/2010\/12\/14\/die-ahnlichkeit-der-frankfurter-pfalzkapelle-zur-treburer-pfalzkapelle\/","name":"Die \u00c4hnlichkeit der Frankfurter Pfalzkapelle zur Treburer Pfalzkapelle - Tribur.de","isPartOf":{"@id":"https:\/\/www.tribur.de\/blog\/#website"},"primaryImageOfPage":{"@id":"https:\/\/www.tribur.de\/blog\/2010\/12\/14\/die-ahnlichkeit-der-frankfurter-pfalzkapelle-zur-treburer-pfalzkapelle\/#primaryimage"},"image":{"@id":"https:\/\/www.tribur.de\/blog\/2010\/12\/14\/die-ahnlichkeit-der-frankfurter-pfalzkapelle-zur-treburer-pfalzkapelle\/#primaryimage"},"thumbnailUrl":"http:\/\/www.tribur.de\/blog\/wp-content\/uploads\/2010\/03\/ffmt.jpg","datePublished":"2010-12-14T09:48:05+00:00","breadcrumb":{"@id":"https:\/\/www.tribur.de\/blog\/2010\/12\/14\/die-ahnlichkeit-der-frankfurter-pfalzkapelle-zur-treburer-pfalzkapelle\/#breadcrumb"},"inLanguage":"de","potentialAction":[{"@type":"ReadAction","target":["https:\/\/www.tribur.de\/blog\/2010\/12\/14\/die-ahnlichkeit-der-frankfurter-pfalzkapelle-zur-treburer-pfalzkapelle\/"]}]},{"@type":"ImageObject","inLanguage":"de","@id":"https:\/\/www.tribur.de\/blog\/2010\/12\/14\/die-ahnlichkeit-der-frankfurter-pfalzkapelle-zur-treburer-pfalzkapelle\/#primaryimage","url":"https:\/\/i0.wp.com\/www.tribur.de\/blog\/wp-content\/uploads\/2010\/03\/ffmt.jpg?fit=600%2C621&ssl=1","contentUrl":"https:\/\/i0.wp.com\/www.tribur.de\/blog\/wp-content\/uploads\/2010\/03\/ffmt.jpg?fit=600%2C621&ssl=1","width":"600","height":"621"},{"@type":"BreadcrumbList","@id":"https:\/\/www.tribur.de\/blog\/2010\/12\/14\/die-ahnlichkeit-der-frankfurter-pfalzkapelle-zur-treburer-pfalzkapelle\/#breadcrumb","itemListElement":[{"@type":"ListItem","position":1,"name":"Home","item":"https:\/\/www.tribur.de\/blog\/"},{"@type":"ListItem","position":2,"name":"Die \u00c4hnlichkeit der Frankfurter Pfalzkapelle zur Treburer Pfalzkapelle"}]},{"@type":"WebSite","@id":"https:\/\/www.tribur.de\/blog\/#website","url":"https:\/\/www.tribur.de\/blog\/","name":"Tribur.de","description":"Tribur.de - Geschichte und so Zeugs","publisher":{"@id":"https:\/\/www.tribur.de\/blog\/#\/schema\/person\/3119997f09f43791809c2d1af27bba6c"},"potentialAction":[{"@type":"SearchAction","target":{"@type":"EntryPoint","urlTemplate":"https:\/\/www.tribur.de\/blog\/?s={search_term_string}"},"query-input":{"@type":"PropertyValueSpecification","valueRequired":true,"valueName":"search_term_string"}}],"inLanguage":"de"},{"@type":["Person","Organization"],"@id":"https:\/\/www.tribur.de\/blog\/#\/schema\/person\/3119997f09f43791809c2d1af27bba6c","name":"Markus Zwittmeier","image":{"@type":"ImageObject","inLanguage":"de","@id":"https:\/\/i0.wp.com\/www.tribur.de\/blog\/wp-content\/uploads\/2018\/09\/cropped-logotest-4.jpg?fit=200%2C200&ssl=1","url":"https:\/\/i0.wp.com\/www.tribur.de\/blog\/wp-content\/uploads\/2018\/09\/cropped-logotest-4.jpg?fit=200%2C200&ssl=1","contentUrl":"https:\/\/i0.wp.com\/www.tribur.de\/blog\/wp-content\/uploads\/2018\/09\/cropped-logotest-4.jpg?fit=200%2C200&ssl=1","width":200,"height":200,"caption":"Markus Zwittmeier"},"logo":{"@id":"https:\/\/i0.wp.com\/www.tribur.de\/blog\/wp-content\/uploads\/2018\/09\/cropped-logotest-4.jpg?fit=200%2C200&ssl=1"},"sameAs":["http:\/\/www.Tribur.de","http:\/\/www.facebook.com\/pages\/Triburde\/184352328288771","https:\/\/www.instagram.com\/tribur.de\/","https:\/\/x.com\/https:\/\/twitter.com\/tribur","https:\/\/www.youtube.com\/channel\/UCnEonou-x6_P4XPjBk2htCA"],"url":"https:\/\/www.tribur.de\/blog\/author\/markus\/"}]}},"jetpack_publicize_connections":[],"jetpack_featured_media_url":"","jetpack_shortlink":"https:\/\/wp.me\/p1mHPu-2YZ","jetpack_sharing_enabled":true,"_links":{"self":[{"href":"https:\/\/www.tribur.de\/blog\/wp-json\/wp\/v2\/posts\/11469","targetHints":{"allow":["GET"]}}],"collection":[{"href":"https:\/\/www.tribur.de\/blog\/wp-json\/wp\/v2\/posts"}],"about":[{"href":"https:\/\/www.tribur.de\/blog\/wp-json\/wp\/v2\/types\/post"}],"author":[{"embeddable":true,"href":"https:\/\/www.tribur.de\/blog\/wp-json\/wp\/v2\/users\/2"}],"replies":[{"embeddable":true,"href":"https:\/\/www.tribur.de\/blog\/wp-json\/wp\/v2\/comments?post=11469"}],"version-history":[{"count":12,"href":"https:\/\/www.tribur.de\/blog\/wp-json\/wp\/v2\/posts\/11469\/revisions"}],"predecessor-version":[{"id":11495,"href":"https:\/\/www.tribur.de\/blog\/wp-json\/wp\/v2\/posts\/11469\/revisions\/11495"}],"wp:attachment":[{"href":"https:\/\/www.tribur.de\/blog\/wp-json\/wp\/v2\/media?parent=11469"}],"wp:term":[{"taxonomy":"category","embeddable":true,"href":"https:\/\/www.tribur.de\/blog\/wp-json\/wp\/v2\/categories?post=11469"},{"taxonomy":"post_tag","embeddable":true,"href":"https:\/\/www.tribur.de\/blog\/wp-json\/wp\/v2\/tags?post=11469"}],"curies":[{"name":"wp","href":"https:\/\/api.w.org\/{rel}","templated":true}]}}