{"id":11384,"date":"2010-12-09T14:39:56","date_gmt":"2010-12-09T13:39:56","guid":{"rendered":"http:\/\/www.tribur.de\/blog\/?p=11384"},"modified":"2010-12-09T14:39:56","modified_gmt":"2010-12-09T13:39:56","slug":"marienkapelle-laurentuiskirche-festkronung","status":"publish","type":"post","link":"https:\/\/www.tribur.de\/blog\/2010\/12\/09\/marienkapelle-laurentuiskirche-festkronung\/","title":{"rendered":"Marienkapelle + Laurentuiskirche = Festkr\u00f6nung ?"},"content":{"rendered":"<p><a href=\"https:\/\/i0.wp.com\/www.tribur.de\/blog\/wp-content\/uploads\/2009\/10\/Reichskrone.jpg?ssl=1\"><img data-recalc-dims=\"1\" loading=\"lazy\" decoding=\"async\" class=\"alignleft size-medium wp-image-2821\" title=\"Reichskrone\" src=\"https:\/\/i0.wp.com\/www.tribur.de\/blog\/wp-content\/uploads\/2009\/10\/Reichskrone.jpg?resize=205%2C300&#038;ssl=1\" alt=\"\" width=\"205\" height=\"300\" srcset=\"https:\/\/i0.wp.com\/www.tribur.de\/blog\/wp-content\/uploads\/2009\/10\/Reichskrone.jpg?resize=205%2C300&amp;ssl=1 205w, https:\/\/i0.wp.com\/www.tribur.de\/blog\/wp-content\/uploads\/2009\/10\/Reichskrone.jpg?w=400&amp;ssl=1 400w\" sizes=\"auto, (max-width: 205px) 100vw, 205px\" \/><\/a>Festkr\u00f6nungen gab es seit der Zeit der Ottonen und sind Teil der sakralen \u00dcberh\u00f6hung des Kaisertums im 10. und 11. Jahrhundert. Dabei wurde in einer Kirche dem K\u00f6nig symbolisch die Krone aufs Haupt gesetzt und er marschierte &#8222;unter der Krone&#8220; in die n\u00e4chste Kirche. Das ist jetzt sehr sehr simpel ausgedr\u00fcckt. Nachlesen kann man das genauer<a href=\"http:\/\/www.ingelheimergeschichte.de\/geschichte0105\/ottonisch-salische-themen\/ottothemen-festkroenungen.html\" target=\"_blank\"> hier auf der Seite des Historischen Vereins Ingelheim<\/a>.<\/p>\n<p>Als ich mich mit Holger Grewe M.A., dem Leiter der Forschungstelle Ingelheim, \u00fcber Marienkapelle und Laurentiuskirche unterhielt, erw\u00e4hnte er das vielleicht die beiden Sakralgeb\u00e4ude in diesem Zusammenhang zu sehen seien. Irgendwie hatte ich mir das nicht so richtig gemerkt und musste auch an die Festkr\u00f6nungen in Ingelheim zum Osterfest denken. Wahrscheinlich hatte ich deswegen nicht weiter dr\u00fcber nachgedacht weil in Trebur nie ein gro\u00dfes kirchliches Fest gefeiert wurde.<\/p>\n<p>Jetzt fiehl mir aber auf das diese Festkr\u00f6nungen auch bei Hoftagen, Reichstagen, Synoden, usw. stattfanden. Und die eben gab es auch noch unter den Saliern in Trebur! Auch die Wahl Heinrichs IV. w\u00e4re so ein Zeitpunkt, bei dem es im Vorfeld zu einer Festkr\u00f6nungs Heinrichs III. gekommen sein k\u00f6nnte.<\/p>\n<p>Es w\u00e4re also m\u00f6glich das die Zweisamkeit der Marienkapelle und der Laurentiuskirche in diesem Zusammenhang steht.<\/p>\n<p>Man darf sich eine Festkr\u00f6nung vielleicht so vorstellen (Achtung, alles fiktiv!): Unser K\u00f6nig , nennen wir ihn Heinrich, ist kein Kostver\u00e4chter, keine Magd ist vor ihm sicher, beim Gelage ist er immer weit vorne und im freundschaftlichem Umgang mit dem Hofstaat wird er schon mal \u00a0Hezilo (Verkleinerung von Heinrich) genannt. Seine Kleidung ist in etwa die die jeder im 11. Jahrhundert tr\u00e4gt,\u00a0zwar von besser Qualit\u00e4t, sch\u00f6ner verziert aber\u00a0knielang, Wolle, also nichts au\u00dfergew\u00f6hnliches. Am Tag als in der Pfalz der Hoftag beginnt, geht Hezilo mit den Priestern der Hofkapelle und einem Bischof in die kleine Kapelle in der die Reliquien (Stefansbursa, heilige Lanze&#8230;) verwahrt werden. Unser Hezilo wird eingekleidet. Er bekommt ein kn\u00f6chellanges Gewand aus Seide verpasst wie es in Byzanz mode ist, reich verziert mit Perlen und Goldlan. Der Bischof pappt ihm die Krone aufs Haupt. Die T\u00fcr geht auf und raus kommt nicht mehr der K\u00f6nig Hezilo, sondern Kaiser Heinrich! Vorneweg der Schwerttr\u00e4ger als Zeichen des Richters und der Kaiser mit Zepter, Reichsapfel und Krone und den Priestern hinterher. So gehts ein kurzes St\u00fcck durch die Pfalz zur Hauptkapelle, wo die Messe gehalten wird und der Reichstag\/Hoftag formell er\u00f6ffnet wird.<\/p>\n<p>Witziger weise weckt das ganze in mir einige Assoziationen zu K\u00f6nigen die in mystischen Ritualen zu G\u00f6ttern werden und dann als Gott spezielle rituelle Handlungen vornehmen\u00a0um dann wieder zum K\u00f6nig zu werden. \u00a0(War das nicht Babylon?)aber auch an den Papst: Kardinal Razinger erh\u00e4lt in der \u00a0<em>camera lacrimatoria <\/em>seine p\u00e4pstliche Kleidung und kommt als Benedikt XVI. raus. \u00a0Der Begriff \u00a0&#8222;unter der Krone gehen&#8220; erinnert mich dagegen an die r\u00f6mischen Feldherren oder\u00a0Caeseren beim Triumphzug wenn der Lorberkranz \u00fcber ihnen gehalten wird.<\/p>\n<p>Gleichzeitig kommt mir auch ein Gedanke wie solch ein &#8222;unter der Krone gehen&#8220; die Architektur beeinflusst. Wenn der K\u00f6nig von Kapelle A zu Kapelle B geht, w\u00e4re man f\u00fcr einen Laufgang durchaus dankbar. Die Kleider und das Zubeh\u00f6r waren kostbar, da ist Regen eher hinderlich. Der Kaiser soll jedoch vom Volk\/Gefolge gesehen werden, was wiederum nach einem offen S\u00e4ulengang schreit.<\/p>\n","protected":false},"excerpt":{"rendered":"<p>Festkr\u00f6nungen gab es seit der Zeit der Ottonen und sind Teil der sakralen \u00dcberh\u00f6hung des Kaisertums im 10. und 11. Jahrhundert. Dabei wurde in einer Kirche dem K\u00f6nig symbolisch die Krone aufs Haupt gesetzt&#46;&#46;&#46;<\/p>\n","protected":false},"author":2,"featured_media":0,"comment_status":"open","ping_status":"open","sticky":false,"template":"","format":"standard","meta":{"jetpack_post_was_ever_published":false,"_jetpack_newsletter_access":"","_jetpack_dont_email_post_to_subs":false,"_jetpack_newsletter_tier_id":0,"_jetpack_memberships_contains_paywalled_content":false,"_jetpack_memberships_contains_paid_content":false,"footnotes":"","jetpack_publicize_message":"","jetpack_publicize_feature_enabled":true,"jetpack_social_post_already_shared":false,"jetpack_social_options":{"image_generator_settings":{"template":"highway","default_image_id":0,"font":"","enabled":false},"version":2}},"categories":[1],"tags":[11,12,46,35,49,47,37,16],"class_list":["post-11384","post","type-post","status-publish","format-standard","hentry","category-geschichte","tag-fruhmittelalter","tag-hochmittelalter","tag-ottonisch","tag-pfalz","tag-recherche","tag-salisch","tag-theorie","tag-trebur"],"yoast_head":"<!-- This site is optimized with the Yoast SEO plugin v27.5 - https:\/\/yoast.com\/product\/yoast-seo-wordpress\/ -->\n<title>Marienkapelle + Laurentuiskirche = Festkr\u00f6nung ? - Tribur.de<\/title>\n<meta name=\"robots\" content=\"index, follow, max-snippet:-1, max-image-preview:large, max-video-preview:-1\" \/>\n<link rel=\"canonical\" href=\"https:\/\/www.tribur.de\/blog\/2010\/12\/09\/marienkapelle-laurentuiskirche-festkronung\/\" \/>\n<meta property=\"og:locale\" content=\"de_DE\" \/>\n<meta property=\"og:type\" content=\"article\" \/>\n<meta property=\"og:title\" content=\"Marienkapelle + Laurentuiskirche = Festkr\u00f6nung ? - Tribur.de\" \/>\n<meta property=\"og:description\" content=\"Festkr\u00f6nungen gab es seit der Zeit der Ottonen und sind Teil der sakralen \u00dcberh\u00f6hung des Kaisertums im 10. und 11. Jahrhundert. Dabei wurde in einer Kirche dem K\u00f6nig symbolisch die Krone aufs Haupt gesetzt&#046;&#046;&#046;\" \/>\n<meta property=\"og:url\" content=\"https:\/\/www.tribur.de\/blog\/2010\/12\/09\/marienkapelle-laurentuiskirche-festkronung\/\" \/>\n<meta property=\"og:site_name\" content=\"Tribur.de\" \/>\n<meta property=\"article:publisher\" content=\"http:\/\/www.facebook.com\/pages\/Triburde\/184352328288771\" \/>\n<meta property=\"article:author\" content=\"http:\/\/www.facebook.com\/pages\/Triburde\/184352328288771\" \/>\n<meta property=\"article:published_time\" content=\"2010-12-09T13:39:56+00:00\" \/>\n<meta property=\"og:image\" content=\"http:\/\/www.tribur.de\/blog\/wp-content\/uploads\/2009\/10\/Reichskrone-205x300.jpg\" \/>\n<meta name=\"author\" content=\"Markus Zwittmeier\" \/>\n<meta name=\"twitter:card\" content=\"summary_large_image\" \/>\n<meta name=\"twitter:creator\" content=\"@https:\/\/twitter.com\/tribur\" \/>\n<meta name=\"twitter:site\" content=\"@tribur\" \/>\n<meta name=\"twitter:label1\" content=\"Verfasst von\" \/>\n\t<meta name=\"twitter:data1\" content=\"Markus Zwittmeier\" \/>\n\t<meta name=\"twitter:label2\" content=\"Gesch\u00e4tzte Lesezeit\" \/>\n\t<meta name=\"twitter:data2\" content=\"3\u00a0Minuten\" \/>\n<script type=\"application\/ld+json\" class=\"yoast-schema-graph\">{\"@context\":\"https:\\\/\\\/schema.org\",\"@graph\":[{\"@type\":\"Article\",\"@id\":\"https:\\\/\\\/www.tribur.de\\\/blog\\\/2010\\\/12\\\/09\\\/marienkapelle-laurentuiskirche-festkronung\\\/#article\",\"isPartOf\":{\"@id\":\"https:\\\/\\\/www.tribur.de\\\/blog\\\/2010\\\/12\\\/09\\\/marienkapelle-laurentuiskirche-festkronung\\\/\"},\"author\":{\"name\":\"Markus Zwittmeier\",\"@id\":\"https:\\\/\\\/www.tribur.de\\\/blog\\\/#\\\/schema\\\/person\\\/3119997f09f43791809c2d1af27bba6c\"},\"headline\":\"Marienkapelle + Laurentuiskirche = Festkr\u00f6nung ?\",\"datePublished\":\"2010-12-09T13:39:56+00:00\",\"mainEntityOfPage\":{\"@id\":\"https:\\\/\\\/www.tribur.de\\\/blog\\\/2010\\\/12\\\/09\\\/marienkapelle-laurentuiskirche-festkronung\\\/\"},\"wordCount\":576,\"commentCount\":0,\"publisher\":{\"@id\":\"https:\\\/\\\/www.tribur.de\\\/blog\\\/#\\\/schema\\\/person\\\/3119997f09f43791809c2d1af27bba6c\"},\"image\":{\"@id\":\"https:\\\/\\\/www.tribur.de\\\/blog\\\/2010\\\/12\\\/09\\\/marienkapelle-laurentuiskirche-festkronung\\\/#primaryimage\"},\"thumbnailUrl\":\"http:\\\/\\\/www.tribur.de\\\/blog\\\/wp-content\\\/uploads\\\/2009\\\/10\\\/Reichskrone-205x300.jpg\",\"keywords\":[\"Fr\u00fchmittelalter\",\"Hochmittelalter\",\"ottonisch\",\"Pfalz\",\"Recherche\",\"salisch\",\"Theorie\",\"Trebur\\\/Tribur\"],\"articleSection\":[\"Geschichte\"],\"inLanguage\":\"de\",\"potentialAction\":[{\"@type\":\"CommentAction\",\"name\":\"Comment\",\"target\":[\"https:\\\/\\\/www.tribur.de\\\/blog\\\/2010\\\/12\\\/09\\\/marienkapelle-laurentuiskirche-festkronung\\\/#respond\"]}]},{\"@type\":\"WebPage\",\"@id\":\"https:\\\/\\\/www.tribur.de\\\/blog\\\/2010\\\/12\\\/09\\\/marienkapelle-laurentuiskirche-festkronung\\\/\",\"url\":\"https:\\\/\\\/www.tribur.de\\\/blog\\\/2010\\\/12\\\/09\\\/marienkapelle-laurentuiskirche-festkronung\\\/\",\"name\":\"Marienkapelle + Laurentuiskirche = Festkr\u00f6nung ? - Tribur.de\",\"isPartOf\":{\"@id\":\"https:\\\/\\\/www.tribur.de\\\/blog\\\/#website\"},\"primaryImageOfPage\":{\"@id\":\"https:\\\/\\\/www.tribur.de\\\/blog\\\/2010\\\/12\\\/09\\\/marienkapelle-laurentuiskirche-festkronung\\\/#primaryimage\"},\"image\":{\"@id\":\"https:\\\/\\\/www.tribur.de\\\/blog\\\/2010\\\/12\\\/09\\\/marienkapelle-laurentuiskirche-festkronung\\\/#primaryimage\"},\"thumbnailUrl\":\"http:\\\/\\\/www.tribur.de\\\/blog\\\/wp-content\\\/uploads\\\/2009\\\/10\\\/Reichskrone-205x300.jpg\",\"datePublished\":\"2010-12-09T13:39:56+00:00\",\"breadcrumb\":{\"@id\":\"https:\\\/\\\/www.tribur.de\\\/blog\\\/2010\\\/12\\\/09\\\/marienkapelle-laurentuiskirche-festkronung\\\/#breadcrumb\"},\"inLanguage\":\"de\",\"potentialAction\":[{\"@type\":\"ReadAction\",\"target\":[\"https:\\\/\\\/www.tribur.de\\\/blog\\\/2010\\\/12\\\/09\\\/marienkapelle-laurentuiskirche-festkronung\\\/\"]}]},{\"@type\":\"ImageObject\",\"inLanguage\":\"de\",\"@id\":\"https:\\\/\\\/www.tribur.de\\\/blog\\\/2010\\\/12\\\/09\\\/marienkapelle-laurentuiskirche-festkronung\\\/#primaryimage\",\"url\":\"https:\\\/\\\/i0.wp.com\\\/www.tribur.de\\\/blog\\\/wp-content\\\/uploads\\\/2009\\\/10\\\/Reichskrone.jpg?fit=400%2C584&ssl=1\",\"contentUrl\":\"https:\\\/\\\/i0.wp.com\\\/www.tribur.de\\\/blog\\\/wp-content\\\/uploads\\\/2009\\\/10\\\/Reichskrone.jpg?fit=400%2C584&ssl=1\",\"width\":\"400\",\"height\":\"584\"},{\"@type\":\"BreadcrumbList\",\"@id\":\"https:\\\/\\\/www.tribur.de\\\/blog\\\/2010\\\/12\\\/09\\\/marienkapelle-laurentuiskirche-festkronung\\\/#breadcrumb\",\"itemListElement\":[{\"@type\":\"ListItem\",\"position\":1,\"name\":\"Home\",\"item\":\"https:\\\/\\\/www.tribur.de\\\/blog\\\/\"},{\"@type\":\"ListItem\",\"position\":2,\"name\":\"Marienkapelle + Laurentuiskirche = Festkr\u00f6nung ?\"}]},{\"@type\":\"WebSite\",\"@id\":\"https:\\\/\\\/www.tribur.de\\\/blog\\\/#website\",\"url\":\"https:\\\/\\\/www.tribur.de\\\/blog\\\/\",\"name\":\"Tribur.de\",\"description\":\"Tribur.de - Geschichte und so Zeugs\",\"publisher\":{\"@id\":\"https:\\\/\\\/www.tribur.de\\\/blog\\\/#\\\/schema\\\/person\\\/3119997f09f43791809c2d1af27bba6c\"},\"potentialAction\":[{\"@type\":\"SearchAction\",\"target\":{\"@type\":\"EntryPoint\",\"urlTemplate\":\"https:\\\/\\\/www.tribur.de\\\/blog\\\/?s={search_term_string}\"},\"query-input\":{\"@type\":\"PropertyValueSpecification\",\"valueRequired\":true,\"valueName\":\"search_term_string\"}}],\"inLanguage\":\"de\"},{\"@type\":[\"Person\",\"Organization\"],\"@id\":\"https:\\\/\\\/www.tribur.de\\\/blog\\\/#\\\/schema\\\/person\\\/3119997f09f43791809c2d1af27bba6c\",\"name\":\"Markus Zwittmeier\",\"image\":{\"@type\":\"ImageObject\",\"inLanguage\":\"de\",\"@id\":\"https:\\\/\\\/i0.wp.com\\\/www.tribur.de\\\/blog\\\/wp-content\\\/uploads\\\/2018\\\/09\\\/cropped-logotest-4.jpg?fit=200%2C200&ssl=1\",\"url\":\"https:\\\/\\\/i0.wp.com\\\/www.tribur.de\\\/blog\\\/wp-content\\\/uploads\\\/2018\\\/09\\\/cropped-logotest-4.jpg?fit=200%2C200&ssl=1\",\"contentUrl\":\"https:\\\/\\\/i0.wp.com\\\/www.tribur.de\\\/blog\\\/wp-content\\\/uploads\\\/2018\\\/09\\\/cropped-logotest-4.jpg?fit=200%2C200&ssl=1\",\"width\":200,\"height\":200,\"caption\":\"Markus Zwittmeier\"},\"logo\":{\"@id\":\"https:\\\/\\\/i0.wp.com\\\/www.tribur.de\\\/blog\\\/wp-content\\\/uploads\\\/2018\\\/09\\\/cropped-logotest-4.jpg?fit=200%2C200&ssl=1\"},\"sameAs\":[\"http:\\\/\\\/www.Tribur.de\",\"http:\\\/\\\/www.facebook.com\\\/pages\\\/Triburde\\\/184352328288771\",\"https:\\\/\\\/www.instagram.com\\\/tribur.de\\\/\",\"https:\\\/\\\/x.com\\\/https:\\\/\\\/twitter.com\\\/tribur\",\"https:\\\/\\\/www.youtube.com\\\/channel\\\/UCnEonou-x6_P4XPjBk2htCA\"],\"url\":\"https:\\\/\\\/www.tribur.de\\\/blog\\\/author\\\/markus\\\/\"}]}<\/script>\n<!-- \/ Yoast SEO plugin. -->","yoast_head_json":{"title":"Marienkapelle + Laurentuiskirche = Festkr\u00f6nung ? - Tribur.de","robots":{"index":"index","follow":"follow","max-snippet":"max-snippet:-1","max-image-preview":"max-image-preview:large","max-video-preview":"max-video-preview:-1"},"canonical":"https:\/\/www.tribur.de\/blog\/2010\/12\/09\/marienkapelle-laurentuiskirche-festkronung\/","og_locale":"de_DE","og_type":"article","og_title":"Marienkapelle + Laurentuiskirche = Festkr\u00f6nung ? - Tribur.de","og_description":"Festkr\u00f6nungen gab es seit der Zeit der Ottonen und sind Teil der sakralen \u00dcberh\u00f6hung des Kaisertums im 10. und 11. Jahrhundert. Dabei wurde in einer Kirche dem K\u00f6nig symbolisch die Krone aufs Haupt gesetzt&#46;&#46;&#46;","og_url":"https:\/\/www.tribur.de\/blog\/2010\/12\/09\/marienkapelle-laurentuiskirche-festkronung\/","og_site_name":"Tribur.de","article_publisher":"http:\/\/www.facebook.com\/pages\/Triburde\/184352328288771","article_author":"http:\/\/www.facebook.com\/pages\/Triburde\/184352328288771","article_published_time":"2010-12-09T13:39:56+00:00","og_image":[{"url":"http:\/\/www.tribur.de\/blog\/wp-content\/uploads\/2009\/10\/Reichskrone-205x300.jpg","type":"","width":"","height":""}],"author":"Markus Zwittmeier","twitter_card":"summary_large_image","twitter_creator":"@https:\/\/twitter.com\/tribur","twitter_site":"@tribur","twitter_misc":{"Verfasst von":"Markus Zwittmeier","Gesch\u00e4tzte Lesezeit":"3\u00a0Minuten"},"schema":{"@context":"https:\/\/schema.org","@graph":[{"@type":"Article","@id":"https:\/\/www.tribur.de\/blog\/2010\/12\/09\/marienkapelle-laurentuiskirche-festkronung\/#article","isPartOf":{"@id":"https:\/\/www.tribur.de\/blog\/2010\/12\/09\/marienkapelle-laurentuiskirche-festkronung\/"},"author":{"name":"Markus Zwittmeier","@id":"https:\/\/www.tribur.de\/blog\/#\/schema\/person\/3119997f09f43791809c2d1af27bba6c"},"headline":"Marienkapelle + Laurentuiskirche = Festkr\u00f6nung ?","datePublished":"2010-12-09T13:39:56+00:00","mainEntityOfPage":{"@id":"https:\/\/www.tribur.de\/blog\/2010\/12\/09\/marienkapelle-laurentuiskirche-festkronung\/"},"wordCount":576,"commentCount":0,"publisher":{"@id":"https:\/\/www.tribur.de\/blog\/#\/schema\/person\/3119997f09f43791809c2d1af27bba6c"},"image":{"@id":"https:\/\/www.tribur.de\/blog\/2010\/12\/09\/marienkapelle-laurentuiskirche-festkronung\/#primaryimage"},"thumbnailUrl":"http:\/\/www.tribur.de\/blog\/wp-content\/uploads\/2009\/10\/Reichskrone-205x300.jpg","keywords":["Fr\u00fchmittelalter","Hochmittelalter","ottonisch","Pfalz","Recherche","salisch","Theorie","Trebur\/Tribur"],"articleSection":["Geschichte"],"inLanguage":"de","potentialAction":[{"@type":"CommentAction","name":"Comment","target":["https:\/\/www.tribur.de\/blog\/2010\/12\/09\/marienkapelle-laurentuiskirche-festkronung\/#respond"]}]},{"@type":"WebPage","@id":"https:\/\/www.tribur.de\/blog\/2010\/12\/09\/marienkapelle-laurentuiskirche-festkronung\/","url":"https:\/\/www.tribur.de\/blog\/2010\/12\/09\/marienkapelle-laurentuiskirche-festkronung\/","name":"Marienkapelle + Laurentuiskirche = Festkr\u00f6nung ? - Tribur.de","isPartOf":{"@id":"https:\/\/www.tribur.de\/blog\/#website"},"primaryImageOfPage":{"@id":"https:\/\/www.tribur.de\/blog\/2010\/12\/09\/marienkapelle-laurentuiskirche-festkronung\/#primaryimage"},"image":{"@id":"https:\/\/www.tribur.de\/blog\/2010\/12\/09\/marienkapelle-laurentuiskirche-festkronung\/#primaryimage"},"thumbnailUrl":"http:\/\/www.tribur.de\/blog\/wp-content\/uploads\/2009\/10\/Reichskrone-205x300.jpg","datePublished":"2010-12-09T13:39:56+00:00","breadcrumb":{"@id":"https:\/\/www.tribur.de\/blog\/2010\/12\/09\/marienkapelle-laurentuiskirche-festkronung\/#breadcrumb"},"inLanguage":"de","potentialAction":[{"@type":"ReadAction","target":["https:\/\/www.tribur.de\/blog\/2010\/12\/09\/marienkapelle-laurentuiskirche-festkronung\/"]}]},{"@type":"ImageObject","inLanguage":"de","@id":"https:\/\/www.tribur.de\/blog\/2010\/12\/09\/marienkapelle-laurentuiskirche-festkronung\/#primaryimage","url":"https:\/\/i0.wp.com\/www.tribur.de\/blog\/wp-content\/uploads\/2009\/10\/Reichskrone.jpg?fit=400%2C584&ssl=1","contentUrl":"https:\/\/i0.wp.com\/www.tribur.de\/blog\/wp-content\/uploads\/2009\/10\/Reichskrone.jpg?fit=400%2C584&ssl=1","width":"400","height":"584"},{"@type":"BreadcrumbList","@id":"https:\/\/www.tribur.de\/blog\/2010\/12\/09\/marienkapelle-laurentuiskirche-festkronung\/#breadcrumb","itemListElement":[{"@type":"ListItem","position":1,"name":"Home","item":"https:\/\/www.tribur.de\/blog\/"},{"@type":"ListItem","position":2,"name":"Marienkapelle + Laurentuiskirche = Festkr\u00f6nung ?"}]},{"@type":"WebSite","@id":"https:\/\/www.tribur.de\/blog\/#website","url":"https:\/\/www.tribur.de\/blog\/","name":"Tribur.de","description":"Tribur.de - Geschichte und so Zeugs","publisher":{"@id":"https:\/\/www.tribur.de\/blog\/#\/schema\/person\/3119997f09f43791809c2d1af27bba6c"},"potentialAction":[{"@type":"SearchAction","target":{"@type":"EntryPoint","urlTemplate":"https:\/\/www.tribur.de\/blog\/?s={search_term_string}"},"query-input":{"@type":"PropertyValueSpecification","valueRequired":true,"valueName":"search_term_string"}}],"inLanguage":"de"},{"@type":["Person","Organization"],"@id":"https:\/\/www.tribur.de\/blog\/#\/schema\/person\/3119997f09f43791809c2d1af27bba6c","name":"Markus Zwittmeier","image":{"@type":"ImageObject","inLanguage":"de","@id":"https:\/\/i0.wp.com\/www.tribur.de\/blog\/wp-content\/uploads\/2018\/09\/cropped-logotest-4.jpg?fit=200%2C200&ssl=1","url":"https:\/\/i0.wp.com\/www.tribur.de\/blog\/wp-content\/uploads\/2018\/09\/cropped-logotest-4.jpg?fit=200%2C200&ssl=1","contentUrl":"https:\/\/i0.wp.com\/www.tribur.de\/blog\/wp-content\/uploads\/2018\/09\/cropped-logotest-4.jpg?fit=200%2C200&ssl=1","width":200,"height":200,"caption":"Markus Zwittmeier"},"logo":{"@id":"https:\/\/i0.wp.com\/www.tribur.de\/blog\/wp-content\/uploads\/2018\/09\/cropped-logotest-4.jpg?fit=200%2C200&ssl=1"},"sameAs":["http:\/\/www.Tribur.de","http:\/\/www.facebook.com\/pages\/Triburde\/184352328288771","https:\/\/www.instagram.com\/tribur.de\/","https:\/\/x.com\/https:\/\/twitter.com\/tribur","https:\/\/www.youtube.com\/channel\/UCnEonou-x6_P4XPjBk2htCA"],"url":"https:\/\/www.tribur.de\/blog\/author\/markus\/"}]}},"jetpack_publicize_connections":[],"jetpack_featured_media_url":"","jetpack_shortlink":"https:\/\/wp.me\/p1mHPu-2XC","jetpack_sharing_enabled":true,"_links":{"self":[{"href":"https:\/\/www.tribur.de\/blog\/wp-json\/wp\/v2\/posts\/11384","targetHints":{"allow":["GET"]}}],"collection":[{"href":"https:\/\/www.tribur.de\/blog\/wp-json\/wp\/v2\/posts"}],"about":[{"href":"https:\/\/www.tribur.de\/blog\/wp-json\/wp\/v2\/types\/post"}],"author":[{"embeddable":true,"href":"https:\/\/www.tribur.de\/blog\/wp-json\/wp\/v2\/users\/2"}],"replies":[{"embeddable":true,"href":"https:\/\/www.tribur.de\/blog\/wp-json\/wp\/v2\/comments?post=11384"}],"version-history":[{"count":13,"href":"https:\/\/www.tribur.de\/blog\/wp-json\/wp\/v2\/posts\/11384\/revisions"}],"predecessor-version":[{"id":11418,"href":"https:\/\/www.tribur.de\/blog\/wp-json\/wp\/v2\/posts\/11384\/revisions\/11418"}],"wp:attachment":[{"href":"https:\/\/www.tribur.de\/blog\/wp-json\/wp\/v2\/media?parent=11384"}],"wp:term":[{"taxonomy":"category","embeddable":true,"href":"https:\/\/www.tribur.de\/blog\/wp-json\/wp\/v2\/categories?post=11384"},{"taxonomy":"post_tag","embeddable":true,"href":"https:\/\/www.tribur.de\/blog\/wp-json\/wp\/v2\/tags?post=11384"}],"curies":[{"name":"wp","href":"https:\/\/api.w.org\/{rel}","templated":true}]}}