{"id":11182,"date":"2010-12-03T15:49:49","date_gmt":"2010-12-03T14:49:49","guid":{"rendered":"http:\/\/www.tribur.de\/blog\/?p=11182"},"modified":"2010-12-03T15:52:01","modified_gmt":"2010-12-03T14:52:01","slug":"zwei-bruder-im-geiste-friedberg-und-trebur","status":"publish","type":"post","link":"https:\/\/www.tribur.de\/blog\/2010\/12\/03\/zwei-bruder-im-geiste-friedberg-und-trebur\/","title":{"rendered":"Zwei Br\u00fcder im Geiste: Friedberg und Trebur"},"content":{"rendered":"<div id=\"attachment_11183\" style=\"width: 346px\" class=\"wp-caption alignleft\"><a href=\"https:\/\/i0.wp.com\/www.tribur.de\/blog\/wp-content\/uploads\/2010\/12\/uploadfriedbergtrebur.jpg?ssl=1\"><img data-recalc-dims=\"1\" loading=\"lazy\" decoding=\"async\" aria-describedby=\"caption-attachment-11183\" class=\"size-full wp-image-11183 \" title=\"uploadfriedbergtrebur\" src=\"https:\/\/i0.wp.com\/www.tribur.de\/blog\/wp-content\/uploads\/2010\/12\/uploadfriedbergtrebur.jpg?resize=336%2C394&#038;ssl=1\" alt=\"\" width=\"336\" height=\"394\" srcset=\"https:\/\/i0.wp.com\/www.tribur.de\/blog\/wp-content\/uploads\/2010\/12\/uploadfriedbergtrebur.jpg?w=800&amp;ssl=1 800w, https:\/\/i0.wp.com\/www.tribur.de\/blog\/wp-content\/uploads\/2010\/12\/uploadfriedbergtrebur.jpg?resize=255%2C300&amp;ssl=1 255w\" sizes=\"auto, (max-width: 336px) 100vw, 336px\" \/><\/a><p id=\"caption-attachment-11183\" class=\"wp-caption-text\">Trebur und Friedberg, Verh\u00e4ltnis 1:1, Pfeile zeigen nach Norden, zum vergr\u00f6\u00dfern klicken<\/p><\/div>\n<p>Ich muss im Vofeld gleich sagen, das dieser Vergleich schon l\u00e4nger bekannt ist und auf Zeichnungen und Aussagen von Dr. Dieter Wolf zur\u00fcck geht.<\/p>\n<p>Es handelt sich um einen Vergleich der &#8222;Altst\u00e4dte&#8220; bzw. der alten Ortsgr\u00f6\u00dfen von Friedberg und Trebur. Links Trebur und rechts Friedberg. Rot ist die Pfalz bzw. die Burg, die dickere gelbe Linie markiert jeweils die Hauptverkehrsstra\u00dfe, die auch in beiden F\u00e4llen als Marktstra\u00dfe dient. Die Pfeile zeigen Norden an.<\/p>\n<p>Beide Orte gehen in ihrem heutigen Aussehen auf die Herren von Hagen-M\u00fcnzenberg zur\u00fcck und entstammen in dieser Form der staufischen Epoche.<\/p>\n","protected":false},"excerpt":{"rendered":"<p>Ich muss im Vofeld gleich sagen, das dieser Vergleich schon l\u00e4nger bekannt ist und auf Zeichnungen und Aussagen von Dr. Dieter Wolf zur\u00fcck geht. Es handelt sich um einen Vergleich der &#8222;Altst\u00e4dte&#8220; bzw. der&#46;&#46;&#46;<\/p>\n","protected":false},"author":2,"featured_media":0,"comment_status":"open","ping_status":"open","sticky":false,"template":"","format":"standard","meta":{"jetpack_post_was_ever_published":false,"_jetpack_newsletter_access":"","_jetpack_dont_email_post_to_subs":false,"_jetpack_newsletter_tier_id":0,"_jetpack_memberships_contains_paywalled_content":false,"_jetpack_memberships_contains_paid_content":false,"footnotes":"","jetpack_publicize_message":"","jetpack_publicize_feature_enabled":true,"jetpack_social_post_already_shared":false,"jetpack_social_options":{"image_generator_settings":{"template":"highway","default_image_id":0,"font":"","enabled":false},"version":2}},"categories":[1],"tags":[60,16],"class_list":["post-11182","post","type-post","status-publish","format-standard","hentry","category-geschichte","tag-staufisch","tag-trebur"],"yoast_head":"<!-- This site is optimized with the Yoast SEO plugin v27.5 - https:\/\/yoast.com\/product\/yoast-seo-wordpress\/ -->\n<title>Zwei Br\u00fcder im Geiste: Friedberg und Trebur - Tribur.de<\/title>\n<meta name=\"robots\" content=\"index, follow, max-snippet:-1, max-image-preview:large, max-video-preview:-1\" \/>\n<link rel=\"canonical\" href=\"https:\/\/www.tribur.de\/blog\/2010\/12\/03\/zwei-bruder-im-geiste-friedberg-und-trebur\/\" \/>\n<meta property=\"og:locale\" content=\"de_DE\" \/>\n<meta property=\"og:type\" content=\"article\" \/>\n<meta property=\"og:title\" content=\"Zwei Br\u00fcder im Geiste: Friedberg und Trebur - Tribur.de\" \/>\n<meta property=\"og:description\" content=\"Ich muss im Vofeld gleich sagen, das dieser Vergleich schon l\u00e4nger bekannt ist und auf Zeichnungen und Aussagen von Dr. Dieter Wolf zur\u00fcck geht. Es handelt sich um einen Vergleich der &#8222;Altst\u00e4dte&#8220; bzw. der&#046;&#046;&#046;\" \/>\n<meta property=\"og:url\" content=\"https:\/\/www.tribur.de\/blog\/2010\/12\/03\/zwei-bruder-im-geiste-friedberg-und-trebur\/\" \/>\n<meta property=\"og:site_name\" content=\"Tribur.de\" \/>\n<meta property=\"article:publisher\" content=\"http:\/\/www.facebook.com\/pages\/Triburde\/184352328288771\" \/>\n<meta property=\"article:author\" content=\"http:\/\/www.facebook.com\/pages\/Triburde\/184352328288771\" \/>\n<meta property=\"article:published_time\" content=\"2010-12-03T14:49:49+00:00\" \/>\n<meta property=\"article:modified_time\" content=\"2010-12-03T14:52:01+00:00\" \/>\n<meta property=\"og:image\" content=\"http:\/\/www.tribur.de\/blog\/wp-content\/uploads\/2010\/12\/uploadfriedbergtrebur.jpg\" \/>\n<meta name=\"author\" content=\"Markus Zwittmeier\" \/>\n<meta name=\"twitter:card\" content=\"summary_large_image\" \/>\n<meta name=\"twitter:creator\" content=\"@https:\/\/twitter.com\/tribur\" \/>\n<meta name=\"twitter:site\" content=\"@tribur\" \/>\n<meta name=\"twitter:label1\" content=\"Verfasst von\" \/>\n\t<meta name=\"twitter:data1\" content=\"Markus Zwittmeier\" \/>\n\t<meta name=\"twitter:label2\" content=\"Gesch\u00e4tzte Lesezeit\" \/>\n\t<meta name=\"twitter:data2\" content=\"1\u00a0Minute\" \/>\n<script type=\"application\/ld+json\" class=\"yoast-schema-graph\">{\"@context\":\"https:\\\/\\\/schema.org\",\"@graph\":[{\"@type\":\"Article\",\"@id\":\"https:\\\/\\\/www.tribur.de\\\/blog\\\/2010\\\/12\\\/03\\\/zwei-bruder-im-geiste-friedberg-und-trebur\\\/#article\",\"isPartOf\":{\"@id\":\"https:\\\/\\\/www.tribur.de\\\/blog\\\/2010\\\/12\\\/03\\\/zwei-bruder-im-geiste-friedberg-und-trebur\\\/\"},\"author\":{\"name\":\"Markus Zwittmeier\",\"@id\":\"https:\\\/\\\/www.tribur.de\\\/blog\\\/#\\\/schema\\\/person\\\/3119997f09f43791809c2d1af27bba6c\"},\"headline\":\"Zwei Br\u00fcder im Geiste: Friedberg und Trebur\",\"datePublished\":\"2010-12-03T14:49:49+00:00\",\"dateModified\":\"2010-12-03T14:52:01+00:00\",\"mainEntityOfPage\":{\"@id\":\"https:\\\/\\\/www.tribur.de\\\/blog\\\/2010\\\/12\\\/03\\\/zwei-bruder-im-geiste-friedberg-und-trebur\\\/\"},\"wordCount\":132,\"commentCount\":1,\"publisher\":{\"@id\":\"https:\\\/\\\/www.tribur.de\\\/blog\\\/#\\\/schema\\\/person\\\/3119997f09f43791809c2d1af27bba6c\"},\"image\":{\"@id\":\"https:\\\/\\\/www.tribur.de\\\/blog\\\/2010\\\/12\\\/03\\\/zwei-bruder-im-geiste-friedberg-und-trebur\\\/#primaryimage\"},\"thumbnailUrl\":\"http:\\\/\\\/www.tribur.de\\\/blog\\\/wp-content\\\/uploads\\\/2010\\\/12\\\/uploadfriedbergtrebur.jpg\",\"keywords\":[\"staufisch\",\"Trebur\\\/Tribur\"],\"articleSection\":[\"Geschichte\"],\"inLanguage\":\"de\",\"potentialAction\":[{\"@type\":\"CommentAction\",\"name\":\"Comment\",\"target\":[\"https:\\\/\\\/www.tribur.de\\\/blog\\\/2010\\\/12\\\/03\\\/zwei-bruder-im-geiste-friedberg-und-trebur\\\/#respond\"]}]},{\"@type\":\"WebPage\",\"@id\":\"https:\\\/\\\/www.tribur.de\\\/blog\\\/2010\\\/12\\\/03\\\/zwei-bruder-im-geiste-friedberg-und-trebur\\\/\",\"url\":\"https:\\\/\\\/www.tribur.de\\\/blog\\\/2010\\\/12\\\/03\\\/zwei-bruder-im-geiste-friedberg-und-trebur\\\/\",\"name\":\"Zwei Br\u00fcder im Geiste: Friedberg und Trebur - Tribur.de\",\"isPartOf\":{\"@id\":\"https:\\\/\\\/www.tribur.de\\\/blog\\\/#website\"},\"primaryImageOfPage\":{\"@id\":\"https:\\\/\\\/www.tribur.de\\\/blog\\\/2010\\\/12\\\/03\\\/zwei-bruder-im-geiste-friedberg-und-trebur\\\/#primaryimage\"},\"image\":{\"@id\":\"https:\\\/\\\/www.tribur.de\\\/blog\\\/2010\\\/12\\\/03\\\/zwei-bruder-im-geiste-friedberg-und-trebur\\\/#primaryimage\"},\"thumbnailUrl\":\"http:\\\/\\\/www.tribur.de\\\/blog\\\/wp-content\\\/uploads\\\/2010\\\/12\\\/uploadfriedbergtrebur.jpg\",\"datePublished\":\"2010-12-03T14:49:49+00:00\",\"dateModified\":\"2010-12-03T14:52:01+00:00\",\"breadcrumb\":{\"@id\":\"https:\\\/\\\/www.tribur.de\\\/blog\\\/2010\\\/12\\\/03\\\/zwei-bruder-im-geiste-friedberg-und-trebur\\\/#breadcrumb\"},\"inLanguage\":\"de\",\"potentialAction\":[{\"@type\":\"ReadAction\",\"target\":[\"https:\\\/\\\/www.tribur.de\\\/blog\\\/2010\\\/12\\\/03\\\/zwei-bruder-im-geiste-friedberg-und-trebur\\\/\"]}]},{\"@type\":\"ImageObject\",\"inLanguage\":\"de\",\"@id\":\"https:\\\/\\\/www.tribur.de\\\/blog\\\/2010\\\/12\\\/03\\\/zwei-bruder-im-geiste-friedberg-und-trebur\\\/#primaryimage\",\"url\":\"https:\\\/\\\/i0.wp.com\\\/www.tribur.de\\\/blog\\\/wp-content\\\/uploads\\\/2010\\\/12\\\/uploadfriedbergtrebur.jpg?fit=800%2C938&ssl=1\",\"contentUrl\":\"https:\\\/\\\/i0.wp.com\\\/www.tribur.de\\\/blog\\\/wp-content\\\/uploads\\\/2010\\\/12\\\/uploadfriedbergtrebur.jpg?fit=800%2C938&ssl=1\",\"width\":\"800\",\"height\":\"938\"},{\"@type\":\"BreadcrumbList\",\"@id\":\"https:\\\/\\\/www.tribur.de\\\/blog\\\/2010\\\/12\\\/03\\\/zwei-bruder-im-geiste-friedberg-und-trebur\\\/#breadcrumb\",\"itemListElement\":[{\"@type\":\"ListItem\",\"position\":1,\"name\":\"Home\",\"item\":\"https:\\\/\\\/www.tribur.de\\\/blog\\\/\"},{\"@type\":\"ListItem\",\"position\":2,\"name\":\"Zwei Br\u00fcder im Geiste: Friedberg und Trebur\"}]},{\"@type\":\"WebSite\",\"@id\":\"https:\\\/\\\/www.tribur.de\\\/blog\\\/#website\",\"url\":\"https:\\\/\\\/www.tribur.de\\\/blog\\\/\",\"name\":\"Tribur.de\",\"description\":\"Tribur.de - Geschichte und so Zeugs\",\"publisher\":{\"@id\":\"https:\\\/\\\/www.tribur.de\\\/blog\\\/#\\\/schema\\\/person\\\/3119997f09f43791809c2d1af27bba6c\"},\"potentialAction\":[{\"@type\":\"SearchAction\",\"target\":{\"@type\":\"EntryPoint\",\"urlTemplate\":\"https:\\\/\\\/www.tribur.de\\\/blog\\\/?s={search_term_string}\"},\"query-input\":{\"@type\":\"PropertyValueSpecification\",\"valueRequired\":true,\"valueName\":\"search_term_string\"}}],\"inLanguage\":\"de\"},{\"@type\":[\"Person\",\"Organization\"],\"@id\":\"https:\\\/\\\/www.tribur.de\\\/blog\\\/#\\\/schema\\\/person\\\/3119997f09f43791809c2d1af27bba6c\",\"name\":\"Markus Zwittmeier\",\"image\":{\"@type\":\"ImageObject\",\"inLanguage\":\"de\",\"@id\":\"https:\\\/\\\/i0.wp.com\\\/www.tribur.de\\\/blog\\\/wp-content\\\/uploads\\\/2018\\\/09\\\/cropped-logotest-4.jpg?fit=200%2C200&ssl=1\",\"url\":\"https:\\\/\\\/i0.wp.com\\\/www.tribur.de\\\/blog\\\/wp-content\\\/uploads\\\/2018\\\/09\\\/cropped-logotest-4.jpg?fit=200%2C200&ssl=1\",\"contentUrl\":\"https:\\\/\\\/i0.wp.com\\\/www.tribur.de\\\/blog\\\/wp-content\\\/uploads\\\/2018\\\/09\\\/cropped-logotest-4.jpg?fit=200%2C200&ssl=1\",\"width\":200,\"height\":200,\"caption\":\"Markus Zwittmeier\"},\"logo\":{\"@id\":\"https:\\\/\\\/i0.wp.com\\\/www.tribur.de\\\/blog\\\/wp-content\\\/uploads\\\/2018\\\/09\\\/cropped-logotest-4.jpg?fit=200%2C200&ssl=1\"},\"sameAs\":[\"http:\\\/\\\/www.Tribur.de\",\"http:\\\/\\\/www.facebook.com\\\/pages\\\/Triburde\\\/184352328288771\",\"https:\\\/\\\/www.instagram.com\\\/tribur.de\\\/\",\"https:\\\/\\\/x.com\\\/https:\\\/\\\/twitter.com\\\/tribur\",\"https:\\\/\\\/www.youtube.com\\\/channel\\\/UCnEonou-x6_P4XPjBk2htCA\"],\"url\":\"https:\\\/\\\/www.tribur.de\\\/blog\\\/author\\\/markus\\\/\"}]}<\/script>\n<!-- \/ Yoast SEO plugin. -->","yoast_head_json":{"title":"Zwei Br\u00fcder im Geiste: Friedberg und Trebur - Tribur.de","robots":{"index":"index","follow":"follow","max-snippet":"max-snippet:-1","max-image-preview":"max-image-preview:large","max-video-preview":"max-video-preview:-1"},"canonical":"https:\/\/www.tribur.de\/blog\/2010\/12\/03\/zwei-bruder-im-geiste-friedberg-und-trebur\/","og_locale":"de_DE","og_type":"article","og_title":"Zwei Br\u00fcder im Geiste: Friedberg und Trebur - Tribur.de","og_description":"Ich muss im Vofeld gleich sagen, das dieser Vergleich schon l\u00e4nger bekannt ist und auf Zeichnungen und Aussagen von Dr. Dieter Wolf zur\u00fcck geht. Es handelt sich um einen Vergleich der &#8222;Altst\u00e4dte&#8220; bzw. der&#46;&#46;&#46;","og_url":"https:\/\/www.tribur.de\/blog\/2010\/12\/03\/zwei-bruder-im-geiste-friedberg-und-trebur\/","og_site_name":"Tribur.de","article_publisher":"http:\/\/www.facebook.com\/pages\/Triburde\/184352328288771","article_author":"http:\/\/www.facebook.com\/pages\/Triburde\/184352328288771","article_published_time":"2010-12-03T14:49:49+00:00","article_modified_time":"2010-12-03T14:52:01+00:00","og_image":[{"url":"http:\/\/www.tribur.de\/blog\/wp-content\/uploads\/2010\/12\/uploadfriedbergtrebur.jpg","type":"","width":"","height":""}],"author":"Markus Zwittmeier","twitter_card":"summary_large_image","twitter_creator":"@https:\/\/twitter.com\/tribur","twitter_site":"@tribur","twitter_misc":{"Verfasst von":"Markus Zwittmeier","Gesch\u00e4tzte Lesezeit":"1\u00a0Minute"},"schema":{"@context":"https:\/\/schema.org","@graph":[{"@type":"Article","@id":"https:\/\/www.tribur.de\/blog\/2010\/12\/03\/zwei-bruder-im-geiste-friedberg-und-trebur\/#article","isPartOf":{"@id":"https:\/\/www.tribur.de\/blog\/2010\/12\/03\/zwei-bruder-im-geiste-friedberg-und-trebur\/"},"author":{"name":"Markus Zwittmeier","@id":"https:\/\/www.tribur.de\/blog\/#\/schema\/person\/3119997f09f43791809c2d1af27bba6c"},"headline":"Zwei Br\u00fcder im Geiste: Friedberg und Trebur","datePublished":"2010-12-03T14:49:49+00:00","dateModified":"2010-12-03T14:52:01+00:00","mainEntityOfPage":{"@id":"https:\/\/www.tribur.de\/blog\/2010\/12\/03\/zwei-bruder-im-geiste-friedberg-und-trebur\/"},"wordCount":132,"commentCount":1,"publisher":{"@id":"https:\/\/www.tribur.de\/blog\/#\/schema\/person\/3119997f09f43791809c2d1af27bba6c"},"image":{"@id":"https:\/\/www.tribur.de\/blog\/2010\/12\/03\/zwei-bruder-im-geiste-friedberg-und-trebur\/#primaryimage"},"thumbnailUrl":"http:\/\/www.tribur.de\/blog\/wp-content\/uploads\/2010\/12\/uploadfriedbergtrebur.jpg","keywords":["staufisch","Trebur\/Tribur"],"articleSection":["Geschichte"],"inLanguage":"de","potentialAction":[{"@type":"CommentAction","name":"Comment","target":["https:\/\/www.tribur.de\/blog\/2010\/12\/03\/zwei-bruder-im-geiste-friedberg-und-trebur\/#respond"]}]},{"@type":"WebPage","@id":"https:\/\/www.tribur.de\/blog\/2010\/12\/03\/zwei-bruder-im-geiste-friedberg-und-trebur\/","url":"https:\/\/www.tribur.de\/blog\/2010\/12\/03\/zwei-bruder-im-geiste-friedberg-und-trebur\/","name":"Zwei Br\u00fcder im Geiste: Friedberg und Trebur - Tribur.de","isPartOf":{"@id":"https:\/\/www.tribur.de\/blog\/#website"},"primaryImageOfPage":{"@id":"https:\/\/www.tribur.de\/blog\/2010\/12\/03\/zwei-bruder-im-geiste-friedberg-und-trebur\/#primaryimage"},"image":{"@id":"https:\/\/www.tribur.de\/blog\/2010\/12\/03\/zwei-bruder-im-geiste-friedberg-und-trebur\/#primaryimage"},"thumbnailUrl":"http:\/\/www.tribur.de\/blog\/wp-content\/uploads\/2010\/12\/uploadfriedbergtrebur.jpg","datePublished":"2010-12-03T14:49:49+00:00","dateModified":"2010-12-03T14:52:01+00:00","breadcrumb":{"@id":"https:\/\/www.tribur.de\/blog\/2010\/12\/03\/zwei-bruder-im-geiste-friedberg-und-trebur\/#breadcrumb"},"inLanguage":"de","potentialAction":[{"@type":"ReadAction","target":["https:\/\/www.tribur.de\/blog\/2010\/12\/03\/zwei-bruder-im-geiste-friedberg-und-trebur\/"]}]},{"@type":"ImageObject","inLanguage":"de","@id":"https:\/\/www.tribur.de\/blog\/2010\/12\/03\/zwei-bruder-im-geiste-friedberg-und-trebur\/#primaryimage","url":"https:\/\/i0.wp.com\/www.tribur.de\/blog\/wp-content\/uploads\/2010\/12\/uploadfriedbergtrebur.jpg?fit=800%2C938&ssl=1","contentUrl":"https:\/\/i0.wp.com\/www.tribur.de\/blog\/wp-content\/uploads\/2010\/12\/uploadfriedbergtrebur.jpg?fit=800%2C938&ssl=1","width":"800","height":"938"},{"@type":"BreadcrumbList","@id":"https:\/\/www.tribur.de\/blog\/2010\/12\/03\/zwei-bruder-im-geiste-friedberg-und-trebur\/#breadcrumb","itemListElement":[{"@type":"ListItem","position":1,"name":"Home","item":"https:\/\/www.tribur.de\/blog\/"},{"@type":"ListItem","position":2,"name":"Zwei Br\u00fcder im Geiste: Friedberg und Trebur"}]},{"@type":"WebSite","@id":"https:\/\/www.tribur.de\/blog\/#website","url":"https:\/\/www.tribur.de\/blog\/","name":"Tribur.de","description":"Tribur.de - Geschichte und so Zeugs","publisher":{"@id":"https:\/\/www.tribur.de\/blog\/#\/schema\/person\/3119997f09f43791809c2d1af27bba6c"},"potentialAction":[{"@type":"SearchAction","target":{"@type":"EntryPoint","urlTemplate":"https:\/\/www.tribur.de\/blog\/?s={search_term_string}"},"query-input":{"@type":"PropertyValueSpecification","valueRequired":true,"valueName":"search_term_string"}}],"inLanguage":"de"},{"@type":["Person","Organization"],"@id":"https:\/\/www.tribur.de\/blog\/#\/schema\/person\/3119997f09f43791809c2d1af27bba6c","name":"Markus Zwittmeier","image":{"@type":"ImageObject","inLanguage":"de","@id":"https:\/\/i0.wp.com\/www.tribur.de\/blog\/wp-content\/uploads\/2018\/09\/cropped-logotest-4.jpg?fit=200%2C200&ssl=1","url":"https:\/\/i0.wp.com\/www.tribur.de\/blog\/wp-content\/uploads\/2018\/09\/cropped-logotest-4.jpg?fit=200%2C200&ssl=1","contentUrl":"https:\/\/i0.wp.com\/www.tribur.de\/blog\/wp-content\/uploads\/2018\/09\/cropped-logotest-4.jpg?fit=200%2C200&ssl=1","width":200,"height":200,"caption":"Markus Zwittmeier"},"logo":{"@id":"https:\/\/i0.wp.com\/www.tribur.de\/blog\/wp-content\/uploads\/2018\/09\/cropped-logotest-4.jpg?fit=200%2C200&ssl=1"},"sameAs":["http:\/\/www.Tribur.de","http:\/\/www.facebook.com\/pages\/Triburde\/184352328288771","https:\/\/www.instagram.com\/tribur.de\/","https:\/\/x.com\/https:\/\/twitter.com\/tribur","https:\/\/www.youtube.com\/channel\/UCnEonou-x6_P4XPjBk2htCA"],"url":"https:\/\/www.tribur.de\/blog\/author\/markus\/"}]}},"jetpack_publicize_connections":[],"jetpack_featured_media_url":"","jetpack_shortlink":"https:\/\/wp.me\/p1mHPu-2Um","jetpack_sharing_enabled":true,"_links":{"self":[{"href":"https:\/\/www.tribur.de\/blog\/wp-json\/wp\/v2\/posts\/11182","targetHints":{"allow":["GET"]}}],"collection":[{"href":"https:\/\/www.tribur.de\/blog\/wp-json\/wp\/v2\/posts"}],"about":[{"href":"https:\/\/www.tribur.de\/blog\/wp-json\/wp\/v2\/types\/post"}],"author":[{"embeddable":true,"href":"https:\/\/www.tribur.de\/blog\/wp-json\/wp\/v2\/users\/2"}],"replies":[{"embeddable":true,"href":"https:\/\/www.tribur.de\/blog\/wp-json\/wp\/v2\/comments?post=11182"}],"version-history":[{"count":11,"href":"https:\/\/www.tribur.de\/blog\/wp-json\/wp\/v2\/posts\/11182\/revisions"}],"predecessor-version":[{"id":11237,"href":"https:\/\/www.tribur.de\/blog\/wp-json\/wp\/v2\/posts\/11182\/revisions\/11237"}],"wp:attachment":[{"href":"https:\/\/www.tribur.de\/blog\/wp-json\/wp\/v2\/media?parent=11182"}],"wp:term":[{"taxonomy":"category","embeddable":true,"href":"https:\/\/www.tribur.de\/blog\/wp-json\/wp\/v2\/categories?post=11182"},{"taxonomy":"post_tag","embeddable":true,"href":"https:\/\/www.tribur.de\/blog\/wp-json\/wp\/v2\/tags?post=11182"}],"curies":[{"name":"wp","href":"https:\/\/api.w.org\/{rel}","templated":true}]}}