{"id":1049,"date":"2009-05-22T10:16:07","date_gmt":"2009-05-22T09:16:07","guid":{"rendered":"http:\/\/www.tribur.de\/blog\/?p=1049"},"modified":"2009-05-22T16:40:33","modified_gmt":"2009-05-22T15:40:33","slug":"der-turm-von-trebur-erste-gedanken","status":"publish","type":"post","link":"https:\/\/www.tribur.de\/blog\/2009\/05\/22\/der-turm-von-trebur-erste-gedanken\/","title":{"rendered":"Der Turm von Trebur, erste Gedanken"},"content":{"rendered":"<p>Seit dem ich die Bilder und die groben Daten aus dem Zeitungsbericht gelesen habe und das ganze einigerma\u00dfen verdaut habe, will ich mich mal in aller Ruhe dem Turm widmen.<\/p>\n<p>Fakten:<\/p>\n<ul>\n<li>Mauern aus Bruchstein<\/li>\n<li>6,27 m breit x 7,01m lang x 5,80 hoch<\/li>\n<li>Mauerwerk 0,76 m stark, Fundament und aufgehendes Mauerwerk haben gleiche st\u00e4rke<\/li>\n<li>Fachwerk nachtr\u00e4glich aufgesetzt<\/li>\n<li>Tonnengew\u00f6lbe als Keller<\/li>\n<\/ul>\n<p>Fangen wir mal mit von unten, vom\u00a0 Gew\u00f6lbe an. Solche Gew\u00f6lbe gab es zu karolingischer Zeit aber auch noch sp\u00e4ter bis ins 20 Jahrhundert. Von der Gr\u00f6\u00dfe des Gew\u00f6lbes auf der Abbildung \u00e4hnelt es\u00a0 dem alten Rathauses und dem im Gro\u00dfen Haus.\u00a0 Die Fundamente und W\u00e4nde haben die selbe St\u00e4rke, was typisch f\u00fcr karolingische Bauten ist , aber auch sp\u00e4ter noch vorkommen kann. Die St\u00e4rke von 0,75 cm ist so stark garnicht wie sie erscheint, der Westbau der Laurentiuskirche hat eine St\u00e4rke von 1,06m, der Granusturm in Aachen als Teil der Aula Regia 1,30m, der Wohnturm Haus zum Stein in Mainz hat\u00a0 1,40m starke Mauern und der R\u00f6merturm in Regensburg sogar 4 m Starke Mauern! Der letztere ist trotz seines Namens karolingisch. Die Mauer erschein mir also nicht so wehrhaft wie sie dem Autor des Artikels erschien. Wenn man nun R\u00fcckschl\u00fcsse von St\u00e4rke zu H\u00f6he ziehen sollte , m\u00fcsste der Turm niedriger gewesen sein als der Turm\/Westbau der Laurentiuskirche. Der Westbau ist in voller H\u00f6he karolingisch und 8,66 hoch. Ich w\u00fcrde daher dem Turmbau vielleicht noch ein drittes Stockwerk spendieren, mit viel &#8222;good will&#8220; noch ein halbes, jedoch\u00a0 mehr auf keinen Fall!. Andererseits sind die anderen T\u00fcrme auch in ihren Abmessungen wesentlich gr\u00f6\u00dfer (Grundfl\u00e4che), wodurch sie schon aus statischen Gr\u00fcnden st\u00e4rkere Mauern brauchen.<\/p>\n<p>Die Positionierung an der Nord-West-Ecke des Pfalzbezirkes, legt nat\u00fcrlich nahe, das es sich um einen Eckturm der Pfalz handelt . Jedoch ist auch ein Bau eines Niederadligen im Form eines Wohnturms am Rande des aufgelassenen Pfalzbezirks m\u00f6glich und nach Historiker Armin Weber nicht ausgeschlossen.<\/p>\n<p>Am ehsten \u00e4hnelt der Bau daher Geb\u00e4uden wie etwa dem Turmhaus in Bonn, auch wenn dieses etwas gr\u00f6\u00dfer ist,\u00a0 sowie dem Metternichbau in Nierstein, bei dem an einen Turmbau des 14Jh. ein &#8222;bequemeres&#8220; Wohnhaus angebaut wurde.<\/p>\n<p>Fazit: Ohne weitere Daten des Turms, etwa vermauerte Fenster (und damit meine ich nicht das auf dem Plan), T\u00fcr\u00f6ffnungen oder dergleichen vermag ich leider nicht so viel dar\u00fcber zu sagen, im Grunde ist das mehr Philosophie als Geschichte&#8230; Ich w\u00fcrde ihn in die Zeit vom 11. bis 14 Jh. datieren, eher nach der &#8222;aktiven Pfalzzeit&#8220; , am ehesten nach 1119<\/p>\n<p><strong>Nachtrag:<\/strong> Hab eben beim Bl\u00e4ttern in dem Die Salier, Siedlung und Landesbau\/ Teil 2 , Thorbecke, Grundrisse gefunden die etwa mit dem des Turms decken. Es handelt sich um H\u00e4user vom M\u00fcnsterhof Z\u00fcrich , die z.T. direkt an eine\/ oder bei einer Mauer gebaut wurden. sie waren wohl 2 St\u00f6ckig mit 3 Fachwerkgescho\u00df&#8230; Sp\u00e4ter mehr wenn ich das alles gelesen hab!<\/p>\n<div style=\"width: 510px\" class=\"wp-caption aligncenter\"><img data-recalc-dims=\"1\" loading=\"lazy\" decoding=\"async\" src=\"https:\/\/i0.wp.com\/farm4.static.flickr.com\/3389\/3551673510_7ef03293aa.jpg?resize=500%2C375\" alt=\"\" width=\"500\" height=\"375\" \/><p class=\"wp-caption-text\">links Rekonstruktionsversuch des Abbruchzustandesm rechts Versuch die urspr\u00fcngliche Gestalt sichtbar zu machen<\/p><\/div>\n","protected":false},"excerpt":{"rendered":"<p>Seit dem ich die Bilder und die groben Daten aus dem Zeitungsbericht gelesen habe und das ganze einigerma\u00dfen verdaut habe, will ich mich mal in aller Ruhe dem Turm widmen. Fakten: Mauern aus Bruchstein&#46;&#46;&#46;<\/p>\n","protected":false},"author":2,"featured_media":0,"comment_status":"open","ping_status":"open","sticky":false,"template":"","format":"standard","meta":{"jetpack_post_was_ever_published":false,"_jetpack_newsletter_access":"","_jetpack_dont_email_post_to_subs":false,"_jetpack_newsletter_tier_id":0,"_jetpack_memberships_contains_paywalled_content":false,"_jetpack_memberships_contains_paid_content":false,"footnotes":"","jetpack_publicize_message":"","jetpack_publicize_feature_enabled":true,"jetpack_social_post_already_shared":false,"jetpack_social_options":{"image_generator_settings":{"template":"highway","default_image_id":0,"font":"","enabled":false},"version":2}},"categories":[1],"tags":[15,32,43,35,18,37,16],"class_list":["post-1049","post","type-post","status-publish","format-standard","hentry","category-geschichte","tag-bilder","tag-karolingisch","tag-kase","tag-pfalz","tag-rekonstruktion","tag-theorie","tag-trebur"],"yoast_head":"<!-- This site is optimized with the Yoast SEO plugin v27.5 - https:\/\/yoast.com\/product\/yoast-seo-wordpress\/ -->\n<title>Der Turm von Trebur, erste Gedanken - Tribur.de<\/title>\n<meta name=\"robots\" content=\"index, follow, max-snippet:-1, max-image-preview:large, max-video-preview:-1\" \/>\n<link rel=\"canonical\" href=\"https:\/\/www.tribur.de\/blog\/2009\/05\/22\/der-turm-von-trebur-erste-gedanken\/\" \/>\n<meta property=\"og:locale\" content=\"de_DE\" \/>\n<meta property=\"og:type\" content=\"article\" \/>\n<meta property=\"og:title\" content=\"Der Turm von Trebur, erste Gedanken - Tribur.de\" \/>\n<meta property=\"og:description\" content=\"Seit dem ich die Bilder und die groben Daten aus dem Zeitungsbericht gelesen habe und das ganze einigerma\u00dfen verdaut habe, will ich mich mal in aller Ruhe dem Turm widmen. Fakten: Mauern aus Bruchstein&#046;&#046;&#046;\" \/>\n<meta property=\"og:url\" content=\"https:\/\/www.tribur.de\/blog\/2009\/05\/22\/der-turm-von-trebur-erste-gedanken\/\" \/>\n<meta property=\"og:site_name\" content=\"Tribur.de\" \/>\n<meta property=\"article:publisher\" content=\"http:\/\/www.facebook.com\/pages\/Triburde\/184352328288771\" \/>\n<meta property=\"article:author\" content=\"http:\/\/www.facebook.com\/pages\/Triburde\/184352328288771\" \/>\n<meta property=\"article:published_time\" content=\"2009-05-22T09:16:07+00:00\" \/>\n<meta property=\"article:modified_time\" content=\"2009-05-22T15:40:33+00:00\" \/>\n<meta property=\"og:image\" content=\"http:\/\/farm4.static.flickr.com\/3389\/3551673510_7ef03293aa.jpg?v=0\" \/>\n<meta name=\"author\" content=\"Markus Zwittmeier\" \/>\n<meta name=\"twitter:card\" content=\"summary_large_image\" \/>\n<meta name=\"twitter:creator\" content=\"@https:\/\/twitter.com\/tribur\" \/>\n<meta name=\"twitter:site\" content=\"@tribur\" \/>\n<meta name=\"twitter:label1\" content=\"Verfasst von\" \/>\n\t<meta name=\"twitter:data1\" content=\"Markus Zwittmeier\" \/>\n\t<meta name=\"twitter:label2\" content=\"Gesch\u00e4tzte Lesezeit\" \/>\n\t<meta name=\"twitter:data2\" content=\"3\u00a0Minuten\" \/>\n<script type=\"application\/ld+json\" class=\"yoast-schema-graph\">{\"@context\":\"https:\\\/\\\/schema.org\",\"@graph\":[{\"@type\":\"Article\",\"@id\":\"https:\\\/\\\/www.tribur.de\\\/blog\\\/2009\\\/05\\\/22\\\/der-turm-von-trebur-erste-gedanken\\\/#article\",\"isPartOf\":{\"@id\":\"https:\\\/\\\/www.tribur.de\\\/blog\\\/2009\\\/05\\\/22\\\/der-turm-von-trebur-erste-gedanken\\\/\"},\"author\":{\"name\":\"Markus Zwittmeier\",\"@id\":\"https:\\\/\\\/www.tribur.de\\\/blog\\\/#\\\/schema\\\/person\\\/3119997f09f43791809c2d1af27bba6c\"},\"headline\":\"Der Turm von Trebur, erste Gedanken\",\"datePublished\":\"2009-05-22T09:16:07+00:00\",\"dateModified\":\"2009-05-22T15:40:33+00:00\",\"mainEntityOfPage\":{\"@id\":\"https:\\\/\\\/www.tribur.de\\\/blog\\\/2009\\\/05\\\/22\\\/der-turm-von-trebur-erste-gedanken\\\/\"},\"wordCount\":526,\"commentCount\":0,\"publisher\":{\"@id\":\"https:\\\/\\\/www.tribur.de\\\/blog\\\/#\\\/schema\\\/person\\\/3119997f09f43791809c2d1af27bba6c\"},\"image\":{\"@id\":\"https:\\\/\\\/www.tribur.de\\\/blog\\\/2009\\\/05\\\/22\\\/der-turm-von-trebur-erste-gedanken\\\/#primaryimage\"},\"thumbnailUrl\":\"http:\\\/\\\/farm4.static.flickr.com\\\/3389\\\/3551673510_7ef03293aa.jpg?v=0\",\"keywords\":[\"Bilder\",\"karolingisch\",\"K\u00e4se\",\"Pfalz\",\"Rekonstruktion\",\"Theorie\",\"Trebur\\\/Tribur\"],\"articleSection\":[\"Geschichte\"],\"inLanguage\":\"de\",\"potentialAction\":[{\"@type\":\"CommentAction\",\"name\":\"Comment\",\"target\":[\"https:\\\/\\\/www.tribur.de\\\/blog\\\/2009\\\/05\\\/22\\\/der-turm-von-trebur-erste-gedanken\\\/#respond\"]}]},{\"@type\":\"WebPage\",\"@id\":\"https:\\\/\\\/www.tribur.de\\\/blog\\\/2009\\\/05\\\/22\\\/der-turm-von-trebur-erste-gedanken\\\/\",\"url\":\"https:\\\/\\\/www.tribur.de\\\/blog\\\/2009\\\/05\\\/22\\\/der-turm-von-trebur-erste-gedanken\\\/\",\"name\":\"Der Turm von Trebur, erste Gedanken - Tribur.de\",\"isPartOf\":{\"@id\":\"https:\\\/\\\/www.tribur.de\\\/blog\\\/#website\"},\"primaryImageOfPage\":{\"@id\":\"https:\\\/\\\/www.tribur.de\\\/blog\\\/2009\\\/05\\\/22\\\/der-turm-von-trebur-erste-gedanken\\\/#primaryimage\"},\"image\":{\"@id\":\"https:\\\/\\\/www.tribur.de\\\/blog\\\/2009\\\/05\\\/22\\\/der-turm-von-trebur-erste-gedanken\\\/#primaryimage\"},\"thumbnailUrl\":\"http:\\\/\\\/farm4.static.flickr.com\\\/3389\\\/3551673510_7ef03293aa.jpg?v=0\",\"datePublished\":\"2009-05-22T09:16:07+00:00\",\"dateModified\":\"2009-05-22T15:40:33+00:00\",\"breadcrumb\":{\"@id\":\"https:\\\/\\\/www.tribur.de\\\/blog\\\/2009\\\/05\\\/22\\\/der-turm-von-trebur-erste-gedanken\\\/#breadcrumb\"},\"inLanguage\":\"de\",\"potentialAction\":[{\"@type\":\"ReadAction\",\"target\":[\"https:\\\/\\\/www.tribur.de\\\/blog\\\/2009\\\/05\\\/22\\\/der-turm-von-trebur-erste-gedanken\\\/\"]}]},{\"@type\":\"ImageObject\",\"inLanguage\":\"de\",\"@id\":\"https:\\\/\\\/www.tribur.de\\\/blog\\\/2009\\\/05\\\/22\\\/der-turm-von-trebur-erste-gedanken\\\/#primaryimage\",\"url\":\"http:\\\/\\\/farm4.static.flickr.com\\\/3389\\\/3551673510_7ef03293aa.jpg?v=0\",\"contentUrl\":\"http:\\\/\\\/farm4.static.flickr.com\\\/3389\\\/3551673510_7ef03293aa.jpg?v=0\"},{\"@type\":\"BreadcrumbList\",\"@id\":\"https:\\\/\\\/www.tribur.de\\\/blog\\\/2009\\\/05\\\/22\\\/der-turm-von-trebur-erste-gedanken\\\/#breadcrumb\",\"itemListElement\":[{\"@type\":\"ListItem\",\"position\":1,\"name\":\"Home\",\"item\":\"https:\\\/\\\/www.tribur.de\\\/blog\\\/\"},{\"@type\":\"ListItem\",\"position\":2,\"name\":\"Der Turm von Trebur, erste Gedanken\"}]},{\"@type\":\"WebSite\",\"@id\":\"https:\\\/\\\/www.tribur.de\\\/blog\\\/#website\",\"url\":\"https:\\\/\\\/www.tribur.de\\\/blog\\\/\",\"name\":\"Tribur.de\",\"description\":\"Tribur.de - Geschichte und so Zeugs\",\"publisher\":{\"@id\":\"https:\\\/\\\/www.tribur.de\\\/blog\\\/#\\\/schema\\\/person\\\/3119997f09f43791809c2d1af27bba6c\"},\"potentialAction\":[{\"@type\":\"SearchAction\",\"target\":{\"@type\":\"EntryPoint\",\"urlTemplate\":\"https:\\\/\\\/www.tribur.de\\\/blog\\\/?s={search_term_string}\"},\"query-input\":{\"@type\":\"PropertyValueSpecification\",\"valueRequired\":true,\"valueName\":\"search_term_string\"}}],\"inLanguage\":\"de\"},{\"@type\":[\"Person\",\"Organization\"],\"@id\":\"https:\\\/\\\/www.tribur.de\\\/blog\\\/#\\\/schema\\\/person\\\/3119997f09f43791809c2d1af27bba6c\",\"name\":\"Markus Zwittmeier\",\"image\":{\"@type\":\"ImageObject\",\"inLanguage\":\"de\",\"@id\":\"https:\\\/\\\/i0.wp.com\\\/www.tribur.de\\\/blog\\\/wp-content\\\/uploads\\\/2018\\\/09\\\/cropped-logotest-4.jpg?fit=200%2C200&ssl=1\",\"url\":\"https:\\\/\\\/i0.wp.com\\\/www.tribur.de\\\/blog\\\/wp-content\\\/uploads\\\/2018\\\/09\\\/cropped-logotest-4.jpg?fit=200%2C200&ssl=1\",\"contentUrl\":\"https:\\\/\\\/i0.wp.com\\\/www.tribur.de\\\/blog\\\/wp-content\\\/uploads\\\/2018\\\/09\\\/cropped-logotest-4.jpg?fit=200%2C200&ssl=1\",\"width\":200,\"height\":200,\"caption\":\"Markus Zwittmeier\"},\"logo\":{\"@id\":\"https:\\\/\\\/i0.wp.com\\\/www.tribur.de\\\/blog\\\/wp-content\\\/uploads\\\/2018\\\/09\\\/cropped-logotest-4.jpg?fit=200%2C200&ssl=1\"},\"sameAs\":[\"http:\\\/\\\/www.Tribur.de\",\"http:\\\/\\\/www.facebook.com\\\/pages\\\/Triburde\\\/184352328288771\",\"https:\\\/\\\/www.instagram.com\\\/tribur.de\\\/\",\"https:\\\/\\\/x.com\\\/https:\\\/\\\/twitter.com\\\/tribur\",\"https:\\\/\\\/www.youtube.com\\\/channel\\\/UCnEonou-x6_P4XPjBk2htCA\"],\"url\":\"https:\\\/\\\/www.tribur.de\\\/blog\\\/author\\\/markus\\\/\"}]}<\/script>\n<!-- \/ Yoast SEO plugin. -->","yoast_head_json":{"title":"Der Turm von Trebur, erste Gedanken - Tribur.de","robots":{"index":"index","follow":"follow","max-snippet":"max-snippet:-1","max-image-preview":"max-image-preview:large","max-video-preview":"max-video-preview:-1"},"canonical":"https:\/\/www.tribur.de\/blog\/2009\/05\/22\/der-turm-von-trebur-erste-gedanken\/","og_locale":"de_DE","og_type":"article","og_title":"Der Turm von Trebur, erste Gedanken - Tribur.de","og_description":"Seit dem ich die Bilder und die groben Daten aus dem Zeitungsbericht gelesen habe und das ganze einigerma\u00dfen verdaut habe, will ich mich mal in aller Ruhe dem Turm widmen. Fakten: Mauern aus Bruchstein&#46;&#46;&#46;","og_url":"https:\/\/www.tribur.de\/blog\/2009\/05\/22\/der-turm-von-trebur-erste-gedanken\/","og_site_name":"Tribur.de","article_publisher":"http:\/\/www.facebook.com\/pages\/Triburde\/184352328288771","article_author":"http:\/\/www.facebook.com\/pages\/Triburde\/184352328288771","article_published_time":"2009-05-22T09:16:07+00:00","article_modified_time":"2009-05-22T15:40:33+00:00","og_image":[{"url":"http:\/\/farm4.static.flickr.com\/3389\/3551673510_7ef03293aa.jpg?v=0","type":"","width":"","height":""}],"author":"Markus Zwittmeier","twitter_card":"summary_large_image","twitter_creator":"@https:\/\/twitter.com\/tribur","twitter_site":"@tribur","twitter_misc":{"Verfasst von":"Markus Zwittmeier","Gesch\u00e4tzte Lesezeit":"3\u00a0Minuten"},"schema":{"@context":"https:\/\/schema.org","@graph":[{"@type":"Article","@id":"https:\/\/www.tribur.de\/blog\/2009\/05\/22\/der-turm-von-trebur-erste-gedanken\/#article","isPartOf":{"@id":"https:\/\/www.tribur.de\/blog\/2009\/05\/22\/der-turm-von-trebur-erste-gedanken\/"},"author":{"name":"Markus Zwittmeier","@id":"https:\/\/www.tribur.de\/blog\/#\/schema\/person\/3119997f09f43791809c2d1af27bba6c"},"headline":"Der Turm von Trebur, erste Gedanken","datePublished":"2009-05-22T09:16:07+00:00","dateModified":"2009-05-22T15:40:33+00:00","mainEntityOfPage":{"@id":"https:\/\/www.tribur.de\/blog\/2009\/05\/22\/der-turm-von-trebur-erste-gedanken\/"},"wordCount":526,"commentCount":0,"publisher":{"@id":"https:\/\/www.tribur.de\/blog\/#\/schema\/person\/3119997f09f43791809c2d1af27bba6c"},"image":{"@id":"https:\/\/www.tribur.de\/blog\/2009\/05\/22\/der-turm-von-trebur-erste-gedanken\/#primaryimage"},"thumbnailUrl":"http:\/\/farm4.static.flickr.com\/3389\/3551673510_7ef03293aa.jpg?v=0","keywords":["Bilder","karolingisch","K\u00e4se","Pfalz","Rekonstruktion","Theorie","Trebur\/Tribur"],"articleSection":["Geschichte"],"inLanguage":"de","potentialAction":[{"@type":"CommentAction","name":"Comment","target":["https:\/\/www.tribur.de\/blog\/2009\/05\/22\/der-turm-von-trebur-erste-gedanken\/#respond"]}]},{"@type":"WebPage","@id":"https:\/\/www.tribur.de\/blog\/2009\/05\/22\/der-turm-von-trebur-erste-gedanken\/","url":"https:\/\/www.tribur.de\/blog\/2009\/05\/22\/der-turm-von-trebur-erste-gedanken\/","name":"Der Turm von Trebur, erste Gedanken - Tribur.de","isPartOf":{"@id":"https:\/\/www.tribur.de\/blog\/#website"},"primaryImageOfPage":{"@id":"https:\/\/www.tribur.de\/blog\/2009\/05\/22\/der-turm-von-trebur-erste-gedanken\/#primaryimage"},"image":{"@id":"https:\/\/www.tribur.de\/blog\/2009\/05\/22\/der-turm-von-trebur-erste-gedanken\/#primaryimage"},"thumbnailUrl":"http:\/\/farm4.static.flickr.com\/3389\/3551673510_7ef03293aa.jpg?v=0","datePublished":"2009-05-22T09:16:07+00:00","dateModified":"2009-05-22T15:40:33+00:00","breadcrumb":{"@id":"https:\/\/www.tribur.de\/blog\/2009\/05\/22\/der-turm-von-trebur-erste-gedanken\/#breadcrumb"},"inLanguage":"de","potentialAction":[{"@type":"ReadAction","target":["https:\/\/www.tribur.de\/blog\/2009\/05\/22\/der-turm-von-trebur-erste-gedanken\/"]}]},{"@type":"ImageObject","inLanguage":"de","@id":"https:\/\/www.tribur.de\/blog\/2009\/05\/22\/der-turm-von-trebur-erste-gedanken\/#primaryimage","url":"http:\/\/farm4.static.flickr.com\/3389\/3551673510_7ef03293aa.jpg?v=0","contentUrl":"http:\/\/farm4.static.flickr.com\/3389\/3551673510_7ef03293aa.jpg?v=0"},{"@type":"BreadcrumbList","@id":"https:\/\/www.tribur.de\/blog\/2009\/05\/22\/der-turm-von-trebur-erste-gedanken\/#breadcrumb","itemListElement":[{"@type":"ListItem","position":1,"name":"Home","item":"https:\/\/www.tribur.de\/blog\/"},{"@type":"ListItem","position":2,"name":"Der Turm von Trebur, erste Gedanken"}]},{"@type":"WebSite","@id":"https:\/\/www.tribur.de\/blog\/#website","url":"https:\/\/www.tribur.de\/blog\/","name":"Tribur.de","description":"Tribur.de - Geschichte und so Zeugs","publisher":{"@id":"https:\/\/www.tribur.de\/blog\/#\/schema\/person\/3119997f09f43791809c2d1af27bba6c"},"potentialAction":[{"@type":"SearchAction","target":{"@type":"EntryPoint","urlTemplate":"https:\/\/www.tribur.de\/blog\/?s={search_term_string}"},"query-input":{"@type":"PropertyValueSpecification","valueRequired":true,"valueName":"search_term_string"}}],"inLanguage":"de"},{"@type":["Person","Organization"],"@id":"https:\/\/www.tribur.de\/blog\/#\/schema\/person\/3119997f09f43791809c2d1af27bba6c","name":"Markus Zwittmeier","image":{"@type":"ImageObject","inLanguage":"de","@id":"https:\/\/i0.wp.com\/www.tribur.de\/blog\/wp-content\/uploads\/2018\/09\/cropped-logotest-4.jpg?fit=200%2C200&ssl=1","url":"https:\/\/i0.wp.com\/www.tribur.de\/blog\/wp-content\/uploads\/2018\/09\/cropped-logotest-4.jpg?fit=200%2C200&ssl=1","contentUrl":"https:\/\/i0.wp.com\/www.tribur.de\/blog\/wp-content\/uploads\/2018\/09\/cropped-logotest-4.jpg?fit=200%2C200&ssl=1","width":200,"height":200,"caption":"Markus Zwittmeier"},"logo":{"@id":"https:\/\/i0.wp.com\/www.tribur.de\/blog\/wp-content\/uploads\/2018\/09\/cropped-logotest-4.jpg?fit=200%2C200&ssl=1"},"sameAs":["http:\/\/www.Tribur.de","http:\/\/www.facebook.com\/pages\/Triburde\/184352328288771","https:\/\/www.instagram.com\/tribur.de\/","https:\/\/x.com\/https:\/\/twitter.com\/tribur","https:\/\/www.youtube.com\/channel\/UCnEonou-x6_P4XPjBk2htCA"],"url":"https:\/\/www.tribur.de\/blog\/author\/markus\/"}]}},"jetpack_publicize_connections":[],"jetpack_featured_media_url":"","jetpack_shortlink":"https:\/\/wp.me\/p1mHPu-gV","jetpack_sharing_enabled":true,"_links":{"self":[{"href":"https:\/\/www.tribur.de\/blog\/wp-json\/wp\/v2\/posts\/1049","targetHints":{"allow":["GET"]}}],"collection":[{"href":"https:\/\/www.tribur.de\/blog\/wp-json\/wp\/v2\/posts"}],"about":[{"href":"https:\/\/www.tribur.de\/blog\/wp-json\/wp\/v2\/types\/post"}],"author":[{"embeddable":true,"href":"https:\/\/www.tribur.de\/blog\/wp-json\/wp\/v2\/users\/2"}],"replies":[{"embeddable":true,"href":"https:\/\/www.tribur.de\/blog\/wp-json\/wp\/v2\/comments?post=1049"}],"version-history":[{"count":20,"href":"https:\/\/www.tribur.de\/blog\/wp-json\/wp\/v2\/posts\/1049\/revisions"}],"predecessor-version":[{"id":1076,"href":"https:\/\/www.tribur.de\/blog\/wp-json\/wp\/v2\/posts\/1049\/revisions\/1076"}],"wp:attachment":[{"href":"https:\/\/www.tribur.de\/blog\/wp-json\/wp\/v2\/media?parent=1049"}],"wp:term":[{"taxonomy":"category","embeddable":true,"href":"https:\/\/www.tribur.de\/blog\/wp-json\/wp\/v2\/categories?post=1049"},{"taxonomy":"post_tag","embeddable":true,"href":"https:\/\/www.tribur.de\/blog\/wp-json\/wp\/v2\/tags?post=1049"}],"curies":[{"name":"wp","href":"https:\/\/api.w.org\/{rel}","templated":true}]}}